{"id":2377,"date":"1970-01-01T00:00:00","date_gmt":"1969-12-31T23:00:00","guid":{"rendered":"https:\/\/eptisa.com\/?p=2377"},"modified":"2025-09-12T21:04:58","modified_gmt":"2025-09-12T19:04:58","slug":"inaugurarea-unui-proiect-supervizat-de-eptisa-in-republica-moldova","status":"publish","type":"post","link":"https:\/\/www.eptisa.com\/ro\/inaugurarea-unui-proiect-supervizat-de-eptisa-in-republica-moldova\/","title":{"rendered":"INAUGURAREA UNUI PROIECT SUPERVIZAT DE EPTISA \u00ceN REPUBLICA MOLDOVA"},"content":{"rendered":"<p>Pre\u0219edintele Republicii Moldova, Doamna Maia Sandu, \u00eempreun\u0103 cu Pre\u0219edintele BERD, Dl. Odile Renauld-Basso, \u0219i \u00eenal\u021bi oficiali din cadrul Ministerului Infrastructurii \u0219i Dezvolt\u0103rii Regionale \u0219i din Administra\u021bia de Stat a Drumurilor au participat la evenimentul de inaugurare a drumului M3 Chi\u0219in\u0103u \u2013 Giurgiule\u0219ti, Lotul 2.<\/p>\n<p>Lungimea total\u0103 a tronsonului astfel modernizat al drumului M3 este de 31,3 km de la km 151+200 la km 171+290 \u0219i de la km 179+650 \u2013 km 190+750. Proiectul total a dispus de un buget de 31,7 milioane EUR \u0219i a fost finan\u021bat de c\u0103tre BERD. Eptisa a \u00eendeplinit rolul Inginerului FIDIC printr-o echip\u0103 de ingineri \u0219i exper\u021bi ce au supravegheat calitatea lucr\u0103rilor pe toat\u0103 durata implement\u0103rii proiectului \u00een conformitate cu Condi\u021biile de Contract FIDIC MDB.<\/p>\n<p>Pre\u0219edintele Republicii Moldova, Doamna Maia Sandu, a declarat cu acest prilej: ,,Am participat ast\u0103zi la inaugurarea unei noi por\u021biuni a drumului expres M3 Chi\u0219in\u0103u &#8211; Giurgiule\u0219ti. Este cel mai important drum ce leag\u0103 capitala de Giurgiule\u0219ti \u0219i de una dintre cele mai importante por\u021bi de acces c\u0103tre Uniunea European\u0103&#8221; (grani\u021ba cu Rom\u00e2nia, n.n).<\/p>\n","protected":false},"excerpt":{"rendered":"<p>Pre\u0219edintele Republicii Moldova, Doamna Maia Sandu, \u00eempreun\u0103 cu Pre\u0219edintele BERD, Dl. Odile Renauld-Basso, \u0219i \u00eenal\u021bi oficiali din cadrul Ministerului Infrastructurii \u0219i Dezvolt\u0103rii Regionale \u0219i din Administra\u021bia de Stat a Drumurilor au participat la evenimentul de inaugurare a drumului M3 Chi\u0219in\u0103u \u2013 Giurgiule\u0219ti, Lotul 2. Lungimea total\u0103 a tronsonului astfel modernizat al drumului M3 este de [&hellip;]<\/p>\n","protected":false},"author":10,"featured_media":1183,"comment_status":"closed","ping_status":"closed","sticky":false,"template":"","format":"standard","meta":{"_acf_changed":false,"footnotes":""},"categories":[646,743],"tags":[],"class_list":["post-2377","post","type-post","status-publish","format-standard","has-post-thumbnail","hentry","category-transport-inginerie-civila-3","category-inginerie-civila-3"],"acf":[],"yoast_head":"<!-- This site is optimized with the Yoast SEO plugin v27.4 - https:\/\/yoast.com\/product\/yoast-seo-wordpress\/ -->\n<title>INAUGURAREA UNUI PROIECT SUPERVIZAT DE EPTISA \u00ceN REPUBLICA MOLDOVA<\/title>\n<meta name=\"robots\" content=\"index, follow, max-snippet:-1, max-image-preview:large, max-video-preview:-1\" \/>\n<link rel=\"canonical\" href=\"https:\/\/www.eptisa.com\/ro\/inaugurarea-unui-proiect-supervizat-de-eptisa-in-republica-moldova\/\" \/>\n<meta property=\"og:locale\" content=\"ro_RO\" \/>\n<meta property=\"og:type\" content=\"article\" \/>\n<meta property=\"og:title\" content=\"INAUGURAREA UNUI PROIECT SUPERVIZAT DE EPTISA \u00ceN REPUBLICA MOLDOVA\" \/>\n<meta property=\"og:description\" content=\"Pre\u0219edintele Republicii Moldova, Doamna Maia Sandu, \u00eempreun\u0103 cu Pre\u0219edintele BERD, Dl. Odile Renauld-Basso, \u0219i \u00eenal\u021bi oficiali din cadrul Ministerului Infrastructurii \u0219i Dezvolt\u0103rii Regionale \u0219i din Administra\u021bia de Stat a Drumurilor au participat la evenimentul de inaugurare a drumului M3 Chi\u0219in\u0103u \u2013 Giurgiule\u0219ti, Lotul 2. Lungimea total\u0103 a tronsonului astfel modernizat al drumului M3 este de [&hellip;]\" \/>\n<meta property=\"og:url\" content=\"https:\/\/www.eptisa.com\/ro\/inaugurarea-unui-proiect-supervizat-de-eptisa-in-republica-moldova\/\" \/>\n<meta property=\"og:site_name\" content=\"Eptisa\" \/>\n<meta property=\"article:published_time\" content=\"1969-12-31T23:00:00+00:00\" \/>\n<meta property=\"article:modified_time\" content=\"2025-09-12T19:04:58+00:00\" \/>\n<meta property=\"og:image\" content=\"https:\/\/www.eptisa.com\/wp-content\/uploads\/2025\/09\/M3-2.jpg\" \/>\n\t<meta property=\"og:image:width\" content=\"1920\" \/>\n\t<meta property=\"og:image:height\" content=\"1240\" \/>\n\t<meta property=\"og:image:type\" content=\"image\/jpeg\" \/>\n<meta name=\"author\" content=\"Margarita Marticorena\" \/>\n<meta name=\"twitter:card\" content=\"summary_large_image\" \/>\n<meta name=\"twitter:label1\" content=\"Scris de\" \/>\n\t<meta name=\"twitter:data1\" content=\"Margarita Marticorena\" \/>\n\t<meta name=\"twitter:label2\" content=\"Timp estimat pentru citire\" \/>\n\t<meta name=\"twitter:data2\" content=\"1 minut\" \/>\n<script type=\"application\/ld+json\" class=\"yoast-schema-graph\">{\"@context\":\"https:\\\/\\\/schema.org\",\"@graph\":[{\"@type\":\"Article\",\"@id\":\"https:\\\/\\\/www.eptisa.com\\\/ro\\\/inaugurarea-unui-proiect-supervizat-de-eptisa-in-republica-moldova\\\/#article\",\"isPartOf\":{\"@id\":\"https:\\\/\\\/www.eptisa.com\\\/ro\\\/inaugurarea-unui-proiect-supervizat-de-eptisa-in-republica-moldova\\\/\"},\"author\":{\"name\":\"Margarita Marticorena\",\"@id\":\"https:\\\/\\\/www.eptisa.com\\\/ro\\\/#\\\/schema\\\/person\\\/7cf1f5d49be86d6748acfa485b6872d8\"},\"headline\":\"INAUGURAREA UNUI PROIECT SUPERVIZAT DE EPTISA \u00ceN REPUBLICA MOLDOVA\",\"datePublished\":\"1969-12-31T23:00:00+00:00\",\"dateModified\":\"2025-09-12T19:04:58+00:00\",\"mainEntityOfPage\":{\"@id\":\"https:\\\/\\\/www.eptisa.com\\\/ro\\\/inaugurarea-unui-proiect-supervizat-de-eptisa-in-republica-moldova\\\/\"},\"wordCount\":199,\"publisher\":{\"@id\":\"https:\\\/\\\/www.eptisa.com\\\/ro\\\/#organization\"},\"image\":{\"@id\":\"https:\\\/\\\/www.eptisa.com\\\/ro\\\/inaugurarea-unui-proiect-supervizat-de-eptisa-in-republica-moldova\\\/#primaryimage\"},\"thumbnailUrl\":\"https:\\\/\\\/www.eptisa.com\\\/wp-content\\\/uploads\\\/2025\\\/09\\\/M3-2.jpg\",\"articleSection\":[\"Transport\",\"Inginerie Civil\u0103\"],\"inLanguage\":\"ro-RO\"},{\"@type\":\"WebPage\",\"@id\":\"https:\\\/\\\/www.eptisa.com\\\/ro\\\/inaugurarea-unui-proiect-supervizat-de-eptisa-in-republica-moldova\\\/\",\"url\":\"https:\\\/\\\/www.eptisa.com\\\/ro\\\/inaugurarea-unui-proiect-supervizat-de-eptisa-in-republica-moldova\\\/\",\"name\":\"INAUGURAREA UNUI PROIECT SUPERVIZAT DE EPTISA \u00ceN REPUBLICA MOLDOVA\",\"isPartOf\":{\"@id\":\"https:\\\/\\\/www.eptisa.com\\\/ro\\\/#website\"},\"primaryImageOfPage\":{\"@id\":\"https:\\\/\\\/www.eptisa.com\\\/ro\\\/inaugurarea-unui-proiect-supervizat-de-eptisa-in-republica-moldova\\\/#primaryimage\"},\"image\":{\"@id\":\"https:\\\/\\\/www.eptisa.com\\\/ro\\\/inaugurarea-unui-proiect-supervizat-de-eptisa-in-republica-moldova\\\/#primaryimage\"},\"thumbnailUrl\":\"https:\\\/\\\/www.eptisa.com\\\/wp-content\\\/uploads\\\/2025\\\/09\\\/M3-2.jpg\",\"datePublished\":\"1969-12-31T23:00:00+00:00\",\"dateModified\":\"2025-09-12T19:04:58+00:00\",\"breadcrumb\":{\"@id\":\"https:\\\/\\\/www.eptisa.com\\\/ro\\\/inaugurarea-unui-proiect-supervizat-de-eptisa-in-republica-moldova\\\/#breadcrumb\"},\"inLanguage\":\"ro-RO\",\"potentialAction\":[{\"@type\":\"ReadAction\",\"target\":[\"https:\\\/\\\/www.eptisa.com\\\/ro\\\/inaugurarea-unui-proiect-supervizat-de-eptisa-in-republica-moldova\\\/\"]}]},{\"@type\":\"ImageObject\",\"inLanguage\":\"ro-RO\",\"@id\":\"https:\\\/\\\/www.eptisa.com\\\/ro\\\/inaugurarea-unui-proiect-supervizat-de-eptisa-in-republica-moldova\\\/#primaryimage\",\"url\":\"https:\\\/\\\/www.eptisa.com\\\/wp-content\\\/uploads\\\/2025\\\/09\\\/M3-2.jpg\",\"contentUrl\":\"https:\\\/\\\/www.eptisa.com\\\/wp-content\\\/uploads\\\/2025\\\/09\\\/M3-2.jpg\",\"width\":1920,\"height\":1240},{\"@type\":\"BreadcrumbList\",\"@id\":\"https:\\\/\\\/www.eptisa.com\\\/ro\\\/inaugurarea-unui-proiect-supervizat-de-eptisa-in-republica-moldova\\\/#breadcrumb\",\"itemListElement\":[{\"@type\":\"ListItem\",\"position\":1,\"name\":\"Home\",\"item\":\"https:\\\/\\\/www.eptisa.com\\\/ro\\\/\"},{\"@type\":\"ListItem\",\"position\":2,\"name\":\"INAUGURAREA UNUI PROIECT SUPERVIZAT DE EPTISA \u00ceN REPUBLICA MOLDOVA\"}]},{\"@type\":\"WebSite\",\"@id\":\"https:\\\/\\\/www.eptisa.com\\\/ro\\\/#website\",\"url\":\"https:\\\/\\\/www.eptisa.com\\\/ro\\\/\",\"name\":\"Eptisa\",\"description\":\"Empresa Multinacional de Ingenier\u00eda\",\"publisher\":{\"@id\":\"https:\\\/\\\/www.eptisa.com\\\/ro\\\/#organization\"},\"potentialAction\":[{\"@type\":\"SearchAction\",\"target\":{\"@type\":\"EntryPoint\",\"urlTemplate\":\"https:\\\/\\\/www.eptisa.com\\\/ro\\\/?s={search_term_string}\"},\"query-input\":{\"@type\":\"PropertyValueSpecification\",\"valueRequired\":true,\"valueName\":\"search_term_string\"}}],\"inLanguage\":\"ro-RO\"},{\"@type\":\"Organization\",\"@id\":\"https:\\\/\\\/www.eptisa.com\\\/ro\\\/#organization\",\"name\":\"Eptisa\",\"url\":\"https:\\\/\\\/www.eptisa.com\\\/ro\\\/\",\"logo\":{\"@type\":\"ImageObject\",\"inLanguage\":\"ro-RO\",\"@id\":\"https:\\\/\\\/www.eptisa.com\\\/ro\\\/#\\\/schema\\\/logo\\\/image\\\/\",\"url\":\"https:\\\/\\\/www.eptisa.com\\\/wp-content\\\/uploads\\\/2025\\\/06\\\/7265704d3382618649eba7d99541ab81042c2245-scaled.png\",\"contentUrl\":\"https:\\\/\\\/www.eptisa.com\\\/wp-content\\\/uploads\\\/2025\\\/06\\\/7265704d3382618649eba7d99541ab81042c2245-scaled.png\",\"width\":2560,\"height\":1067,\"caption\":\"Eptisa\"},\"image\":{\"@id\":\"https:\\\/\\\/www.eptisa.com\\\/ro\\\/#\\\/schema\\\/logo\\\/image\\\/\"}},{\"@type\":\"Person\",\"@id\":\"https:\\\/\\\/www.eptisa.com\\\/ro\\\/#\\\/schema\\\/person\\\/7cf1f5d49be86d6748acfa485b6872d8\",\"name\":\"Margarita Marticorena\",\"url\":\"https:\\\/\\\/www.eptisa.com\\\/ro\\\/author\\\/marga\\\/\"}]}<\/script>\n<!-- \/ Yoast SEO plugin. -->","yoast_head_json":{"title":"INAUGURAREA UNUI PROIECT SUPERVIZAT DE EPTISA \u00ceN REPUBLICA MOLDOVA","robots":{"index":"index","follow":"follow","max-snippet":"max-snippet:-1","max-image-preview":"max-image-preview:large","max-video-preview":"max-video-preview:-1"},"canonical":"https:\/\/www.eptisa.com\/ro\/inaugurarea-unui-proiect-supervizat-de-eptisa-in-republica-moldova\/","og_locale":"ro_RO","og_type":"article","og_title":"INAUGURAREA UNUI PROIECT SUPERVIZAT DE EPTISA \u00ceN REPUBLICA MOLDOVA","og_description":"Pre\u0219edintele Republicii Moldova, Doamna Maia Sandu, \u00eempreun\u0103 cu Pre\u0219edintele BERD, Dl. Odile Renauld-Basso, \u0219i \u00eenal\u021bi oficiali din cadrul Ministerului Infrastructurii \u0219i Dezvolt\u0103rii Regionale \u0219i din Administra\u021bia de Stat a Drumurilor au participat la evenimentul de inaugurare a drumului M3 Chi\u0219in\u0103u \u2013 Giurgiule\u0219ti, Lotul 2. Lungimea total\u0103 a tronsonului astfel modernizat al drumului M3 este de [&hellip;]","og_url":"https:\/\/www.eptisa.com\/ro\/inaugurarea-unui-proiect-supervizat-de-eptisa-in-republica-moldova\/","og_site_name":"Eptisa","article_published_time":"1969-12-31T23:00:00+00:00","article_modified_time":"2025-09-12T19:04:58+00:00","og_image":[{"width":1920,"height":1240,"url":"https:\/\/www.eptisa.com\/wp-content\/uploads\/2025\/09\/M3-2.jpg","type":"image\/jpeg"}],"author":"Margarita Marticorena","twitter_card":"summary_large_image","twitter_misc":{"Scris de":"Margarita Marticorena","Timp estimat pentru citire":"1 minut"},"schema":{"@context":"https:\/\/schema.org","@graph":[{"@type":"Article","@id":"https:\/\/www.eptisa.com\/ro\/inaugurarea-unui-proiect-supervizat-de-eptisa-in-republica-moldova\/#article","isPartOf":{"@id":"https:\/\/www.eptisa.com\/ro\/inaugurarea-unui-proiect-supervizat-de-eptisa-in-republica-moldova\/"},"author":{"name":"Margarita Marticorena","@id":"https:\/\/www.eptisa.com\/ro\/#\/schema\/person\/7cf1f5d49be86d6748acfa485b6872d8"},"headline":"INAUGURAREA UNUI PROIECT SUPERVIZAT DE EPTISA \u00ceN REPUBLICA MOLDOVA","datePublished":"1969-12-31T23:00:00+00:00","dateModified":"2025-09-12T19:04:58+00:00","mainEntityOfPage":{"@id":"https:\/\/www.eptisa.com\/ro\/inaugurarea-unui-proiect-supervizat-de-eptisa-in-republica-moldova\/"},"wordCount":199,"publisher":{"@id":"https:\/\/www.eptisa.com\/ro\/#organization"},"image":{"@id":"https:\/\/www.eptisa.com\/ro\/inaugurarea-unui-proiect-supervizat-de-eptisa-in-republica-moldova\/#primaryimage"},"thumbnailUrl":"https:\/\/www.eptisa.com\/wp-content\/uploads\/2025\/09\/M3-2.jpg","articleSection":["Transport","Inginerie Civil\u0103"],"inLanguage":"ro-RO"},{"@type":"WebPage","@id":"https:\/\/www.eptisa.com\/ro\/inaugurarea-unui-proiect-supervizat-de-eptisa-in-republica-moldova\/","url":"https:\/\/www.eptisa.com\/ro\/inaugurarea-unui-proiect-supervizat-de-eptisa-in-republica-moldova\/","name":"INAUGURAREA UNUI PROIECT SUPERVIZAT DE EPTISA \u00ceN REPUBLICA MOLDOVA","isPartOf":{"@id":"https:\/\/www.eptisa.com\/ro\/#website"},"primaryImageOfPage":{"@id":"https:\/\/www.eptisa.com\/ro\/inaugurarea-unui-proiect-supervizat-de-eptisa-in-republica-moldova\/#primaryimage"},"image":{"@id":"https:\/\/www.eptisa.com\/ro\/inaugurarea-unui-proiect-supervizat-de-eptisa-in-republica-moldova\/#primaryimage"},"thumbnailUrl":"https:\/\/www.eptisa.com\/wp-content\/uploads\/2025\/09\/M3-2.jpg","datePublished":"1969-12-31T23:00:00+00:00","dateModified":"2025-09-12T19:04:58+00:00","breadcrumb":{"@id":"https:\/\/www.eptisa.com\/ro\/inaugurarea-unui-proiect-supervizat-de-eptisa-in-republica-moldova\/#breadcrumb"},"inLanguage":"ro-RO","potentialAction":[{"@type":"ReadAction","target":["https:\/\/www.eptisa.com\/ro\/inaugurarea-unui-proiect-supervizat-de-eptisa-in-republica-moldova\/"]}]},{"@type":"ImageObject","inLanguage":"ro-RO","@id":"https:\/\/www.eptisa.com\/ro\/inaugurarea-unui-proiect-supervizat-de-eptisa-in-republica-moldova\/#primaryimage","url":"https:\/\/www.eptisa.com\/wp-content\/uploads\/2025\/09\/M3-2.jpg","contentUrl":"https:\/\/www.eptisa.com\/wp-content\/uploads\/2025\/09\/M3-2.jpg","width":1920,"height":1240},{"@type":"BreadcrumbList","@id":"https:\/\/www.eptisa.com\/ro\/inaugurarea-unui-proiect-supervizat-de-eptisa-in-republica-moldova\/#breadcrumb","itemListElement":[{"@type":"ListItem","position":1,"name":"Home","item":"https:\/\/www.eptisa.com\/ro\/"},{"@type":"ListItem","position":2,"name":"INAUGURAREA UNUI PROIECT SUPERVIZAT DE EPTISA \u00ceN REPUBLICA MOLDOVA"}]},{"@type":"WebSite","@id":"https:\/\/www.eptisa.com\/ro\/#website","url":"https:\/\/www.eptisa.com\/ro\/","name":"Eptisa","description":"Empresa Multinacional de Ingenier\u00eda","publisher":{"@id":"https:\/\/www.eptisa.com\/ro\/#organization"},"potentialAction":[{"@type":"SearchAction","target":{"@type":"EntryPoint","urlTemplate":"https:\/\/www.eptisa.com\/ro\/?s={search_term_string}"},"query-input":{"@type":"PropertyValueSpecification","valueRequired":true,"valueName":"search_term_string"}}],"inLanguage":"ro-RO"},{"@type":"Organization","@id":"https:\/\/www.eptisa.com\/ro\/#organization","name":"Eptisa","url":"https:\/\/www.eptisa.com\/ro\/","logo":{"@type":"ImageObject","inLanguage":"ro-RO","@id":"https:\/\/www.eptisa.com\/ro\/#\/schema\/logo\/image\/","url":"https:\/\/www.eptisa.com\/wp-content\/uploads\/2025\/06\/7265704d3382618649eba7d99541ab81042c2245-scaled.png","contentUrl":"https:\/\/www.eptisa.com\/wp-content\/uploads\/2025\/06\/7265704d3382618649eba7d99541ab81042c2245-scaled.png","width":2560,"height":1067,"caption":"Eptisa"},"image":{"@id":"https:\/\/www.eptisa.com\/ro\/#\/schema\/logo\/image\/"}},{"@type":"Person","@id":"https:\/\/www.eptisa.com\/ro\/#\/schema\/person\/7cf1f5d49be86d6748acfa485b6872d8","name":"Margarita Marticorena","url":"https:\/\/www.eptisa.com\/ro\/author\/marga\/"}]}},"_links":{"self":[{"href":"https:\/\/www.eptisa.com\/ro\/wp-json\/wp\/v2\/posts\/2377","targetHints":{"allow":["GET"]}}],"collection":[{"href":"https:\/\/www.eptisa.com\/ro\/wp-json\/wp\/v2\/posts"}],"about":[{"href":"https:\/\/www.eptisa.com\/ro\/wp-json\/wp\/v2\/types\/post"}],"author":[{"embeddable":true,"href":"https:\/\/www.eptisa.com\/ro\/wp-json\/wp\/v2\/users\/10"}],"replies":[{"embeddable":true,"href":"https:\/\/www.eptisa.com\/ro\/wp-json\/wp\/v2\/comments?post=2377"}],"version-history":[{"count":0,"href":"https:\/\/www.eptisa.com\/ro\/wp-json\/wp\/v2\/posts\/2377\/revisions"}],"wp:featuredmedia":[{"embeddable":true,"href":"https:\/\/www.eptisa.com\/ro\/wp-json\/wp\/v2\/media\/1183"}],"wp:attachment":[{"href":"https:\/\/www.eptisa.com\/ro\/wp-json\/wp\/v2\/media?parent=2377"}],"wp:term":[{"taxonomy":"category","embeddable":true,"href":"https:\/\/www.eptisa.com\/ro\/wp-json\/wp\/v2\/categories?post=2377"},{"taxonomy":"post_tag","embeddable":true,"href":"https:\/\/www.eptisa.com\/ro\/wp-json\/wp\/v2\/tags?post=2377"}],"curies":[{"name":"wp","href":"https:\/\/api.w.org\/{rel}","templated":true}]}}