{"id":2379,"date":"2023-09-28T06:16:36","date_gmt":"2023-09-28T04:16:36","guid":{"rendered":"https:\/\/eptisa.com\/?p=2379"},"modified":"2025-09-16T09:24:04","modified_gmt":"2025-09-16T07:24:04","slug":"proiectul-regional-de-dezvoltare-a-infrastructurii-de-apa-si-apa-uzata-din-judetul-iasi-in-perioada-2014-2020","status":"publish","type":"post","link":"https:\/\/www.eptisa.com\/ro\/proiectul-regional-de-dezvoltare-a-infrastructurii-de-apa-si-apa-uzata-din-judetul-iasi-in-perioada-2014-2020\/","title":{"rendered":"Proiectul regional de dezvoltare a infrastructurii de ap\u0103 \u0219i ap\u0103 uzat\u0103 din jude\u0163ul Ia\u0219i, \u00een perioada 2014 &#8211; 2020"},"content":{"rendered":"<p>Proiectul const\u0103 \u00een investi\u021bii pentru transportul \u0219i distribu\u021bia apei, respectiv colectarea \u0219i epurarea apelor uzate \u00een jude\u021bul Ia\u0219i (inclusiv uscarea \u0219i valorificarea n\u0103molurilor provenite din sta\u021biile de epurare deservite de Operatorul Regional APAVITAL S.A.), \u00een zonele urbane \u0219i rurale, \u00een vederea asigur\u0103rii serviciilor conforme de alimentare cu ap\u0103, respectiv conformarea cu prevederile directivelor UE relevante.<\/p>\n<p>Prin acest proiect se vor realiza 4369 kilometri de re\u0163ele de ap\u0103 (reabilitare re\u0163ea, re\u0163ea nou\u0103 de distribu\u0163ie), 2033 kilometri re\u021bele de canalizare, aproximativ 296 rezervoare de ap\u0103, 193 sta\u0163ii de pompare ap\u0103 potabil\u0103, 524 \u00a0sta\u0163ii de pompare ap\u0103 uzat\u0103 \u0219i 104 sta\u0163ii de clorinare a apei. Proiectul cuprinde 24 de contracte de lucr\u0103ri, 10 contracte de furnizare echipamente \u0219i 2 contracte de servicii \u0219i are o valoare de 504 milioane EURO. \u00cen acest moment, sunt semnate 29 de contracte.<\/p>\n<p>\u00cen calitate de Consultant, EPTISA acord\u0103 APAVITAL S.A. sprijinul de specialitate necesar pentru managementul \u0219i supervizarea lucr\u0103rilor de investi\u021bie din cadrul Proiectului.<\/p>\n<p>\u00cen articolul de mai jos pute\u021bi afla mai multe detalii despre progresul lucr\u0103rilor:<\/p>\n<p><a href=\"https:\/\/www.ziarulevenimentul.ro\/stiri\/moldova\/video-primele-proiecte-ale-apavital-prin-poim-se-apropie-de-finalizare--217551149.html\">VIDEO Primele proiecte ale ApaVital prin POIM se apropie de finalizare (ziarulevenimentul.ro)<\/a><\/p>\n<p>&nbsp;<\/p>\n","protected":false},"excerpt":{"rendered":"<p>Proiectul const\u0103 \u00een investi\u021bii pentru transportul \u0219i distribu\u021bia apei, respectiv colectarea \u0219i epurarea apelor uzate \u00een jude\u021bul Ia\u0219i (inclusiv uscarea \u0219i valorificarea n\u0103molurilor provenite din sta\u021biile de epurare deservite de Operatorul Regional APAVITAL S.A.), \u00een zonele urbane \u0219i rurale, \u00een vederea asigur\u0103rii serviciilor conforme de alimentare cu ap\u0103, respectiv conformarea cu prevederile directivelor UE relevante. [&hellip;]<\/p>\n","protected":false},"author":10,"featured_media":1190,"comment_status":"closed","ping_status":"open","sticky":false,"template":"","format":"standard","meta":{"_acf_changed":false,"footnotes":""},"categories":[586,587],"tags":[],"class_list":["post-2379","post","type-post","status-publish","format-standard","has-post-thumbnail","hentry","category-inginerie-civila","category-apa"],"acf":[],"yoast_head":"<!-- This site is optimized with the Yoast SEO plugin v27.4 - https:\/\/yoast.com\/product\/yoast-seo-wordpress\/ -->\n<title>Proiectul regional de dezvoltare a infrastructurii de ap\u0103 \u0219i ap\u0103 uzat\u0103 din jude\u0163ul Ia\u0219i, \u00een perioada 2014 - 2020<\/title>\n<meta name=\"robots\" content=\"index, follow, max-snippet:-1, max-image-preview:large, max-video-preview:-1\" \/>\n<link rel=\"canonical\" href=\"https:\/\/www.eptisa.com\/ro\/proiectul-regional-de-dezvoltare-a-infrastructurii-de-apa-si-apa-uzata-din-judetul-iasi-in-perioada-2014-2020\/\" \/>\n<meta property=\"og:locale\" content=\"ro_RO\" \/>\n<meta property=\"og:type\" content=\"article\" \/>\n<meta property=\"og:title\" content=\"Proiectul regional de dezvoltare a infrastructurii de ap\u0103 \u0219i ap\u0103 uzat\u0103 din jude\u0163ul Ia\u0219i, \u00een perioada 2014 - 2020\" \/>\n<meta property=\"og:description\" content=\"Proiectul const\u0103 \u00een investi\u021bii pentru transportul \u0219i distribu\u021bia apei, respectiv colectarea \u0219i epurarea apelor uzate \u00een jude\u021bul Ia\u0219i (inclusiv uscarea \u0219i valorificarea n\u0103molurilor provenite din sta\u021biile de epurare deservite de Operatorul Regional APAVITAL S.A.), \u00een zonele urbane \u0219i rurale, \u00een vederea asigur\u0103rii serviciilor conforme de alimentare cu ap\u0103, respectiv conformarea cu prevederile directivelor UE relevante. [&hellip;]\" \/>\n<meta property=\"og:url\" content=\"https:\/\/www.eptisa.com\/ro\/proiectul-regional-de-dezvoltare-a-infrastructurii-de-apa-si-apa-uzata-din-judetul-iasi-in-perioada-2014-2020\/\" \/>\n<meta property=\"og:site_name\" content=\"Eptisa\" \/>\n<meta property=\"article:published_time\" content=\"2023-09-28T04:16:36+00:00\" \/>\n<meta property=\"article:modified_time\" content=\"2025-09-16T07:24:04+00:00\" \/>\n<meta property=\"og:image\" content=\"https:\/\/www.eptisa.com\/wp-content\/uploads\/2025\/09\/Eptisa_Error404.jpg\" \/>\n\t<meta property=\"og:image:width\" content=\"1920\" \/>\n\t<meta property=\"og:image:height\" content=\"1280\" \/>\n\t<meta property=\"og:image:type\" content=\"image\/jpeg\" \/>\n<meta name=\"author\" content=\"Margarita Marticorena\" \/>\n<meta name=\"twitter:card\" content=\"summary_large_image\" \/>\n<meta name=\"twitter:label1\" content=\"Scris de\" \/>\n\t<meta name=\"twitter:data1\" content=\"Margarita Marticorena\" \/>\n\t<meta name=\"twitter:label2\" content=\"Timp estimat pentru citire\" \/>\n\t<meta name=\"twitter:data2\" content=\"2 minute\" \/>\n<script type=\"application\/ld+json\" class=\"yoast-schema-graph\">{\"@context\":\"https:\\\/\\\/schema.org\",\"@graph\":[{\"@type\":\"Article\",\"@id\":\"https:\\\/\\\/www.eptisa.com\\\/ro\\\/proiectul-regional-de-dezvoltare-a-infrastructurii-de-apa-si-apa-uzata-din-judetul-iasi-in-perioada-2014-2020\\\/#article\",\"isPartOf\":{\"@id\":\"https:\\\/\\\/www.eptisa.com\\\/ro\\\/proiectul-regional-de-dezvoltare-a-infrastructurii-de-apa-si-apa-uzata-din-judetul-iasi-in-perioada-2014-2020\\\/\"},\"author\":{\"name\":\"Margarita Marticorena\",\"@id\":\"https:\\\/\\\/www.eptisa.com\\\/ro\\\/#\\\/schema\\\/person\\\/7cf1f5d49be86d6748acfa485b6872d8\"},\"headline\":\"Proiectul regional de dezvoltare a infrastructurii de ap\u0103 \u0219i ap\u0103 uzat\u0103 din jude\u0163ul Ia\u0219i, \u00een perioada 2014 &#8211; 2020\",\"datePublished\":\"2023-09-28T04:16:36+00:00\",\"dateModified\":\"2025-09-16T07:24:04+00:00\",\"mainEntityOfPage\":{\"@id\":\"https:\\\/\\\/www.eptisa.com\\\/ro\\\/proiectul-regional-de-dezvoltare-a-infrastructurii-de-apa-si-apa-uzata-din-judetul-iasi-in-perioada-2014-2020\\\/\"},\"wordCount\":214,\"publisher\":{\"@id\":\"https:\\\/\\\/www.eptisa.com\\\/ro\\\/#organization\"},\"image\":{\"@id\":\"https:\\\/\\\/www.eptisa.com\\\/ro\\\/proiectul-regional-de-dezvoltare-a-infrastructurii-de-apa-si-apa-uzata-din-judetul-iasi-in-perioada-2014-2020\\\/#primaryimage\"},\"thumbnailUrl\":\"https:\\\/\\\/www.eptisa.com\\\/wp-content\\\/uploads\\\/2025\\\/09\\\/Eptisa_Error404.jpg\",\"articleSection\":[\"Inginerie Civil\u0103\",\"Ap\u0103\"],\"inLanguage\":\"ro-RO\"},{\"@type\":\"WebPage\",\"@id\":\"https:\\\/\\\/www.eptisa.com\\\/ro\\\/proiectul-regional-de-dezvoltare-a-infrastructurii-de-apa-si-apa-uzata-din-judetul-iasi-in-perioada-2014-2020\\\/\",\"url\":\"https:\\\/\\\/www.eptisa.com\\\/ro\\\/proiectul-regional-de-dezvoltare-a-infrastructurii-de-apa-si-apa-uzata-din-judetul-iasi-in-perioada-2014-2020\\\/\",\"name\":\"Proiectul regional de dezvoltare a infrastructurii de ap\u0103 \u0219i ap\u0103 uzat\u0103 din jude\u0163ul Ia\u0219i, \u00een perioada 2014 - 2020\",\"isPartOf\":{\"@id\":\"https:\\\/\\\/www.eptisa.com\\\/ro\\\/#website\"},\"primaryImageOfPage\":{\"@id\":\"https:\\\/\\\/www.eptisa.com\\\/ro\\\/proiectul-regional-de-dezvoltare-a-infrastructurii-de-apa-si-apa-uzata-din-judetul-iasi-in-perioada-2014-2020\\\/#primaryimage\"},\"image\":{\"@id\":\"https:\\\/\\\/www.eptisa.com\\\/ro\\\/proiectul-regional-de-dezvoltare-a-infrastructurii-de-apa-si-apa-uzata-din-judetul-iasi-in-perioada-2014-2020\\\/#primaryimage\"},\"thumbnailUrl\":\"https:\\\/\\\/www.eptisa.com\\\/wp-content\\\/uploads\\\/2025\\\/09\\\/Eptisa_Error404.jpg\",\"datePublished\":\"2023-09-28T04:16:36+00:00\",\"dateModified\":\"2025-09-16T07:24:04+00:00\",\"breadcrumb\":{\"@id\":\"https:\\\/\\\/www.eptisa.com\\\/ro\\\/proiectul-regional-de-dezvoltare-a-infrastructurii-de-apa-si-apa-uzata-din-judetul-iasi-in-perioada-2014-2020\\\/#breadcrumb\"},\"inLanguage\":\"ro-RO\",\"potentialAction\":[{\"@type\":\"ReadAction\",\"target\":[\"https:\\\/\\\/www.eptisa.com\\\/ro\\\/proiectul-regional-de-dezvoltare-a-infrastructurii-de-apa-si-apa-uzata-din-judetul-iasi-in-perioada-2014-2020\\\/\"]}]},{\"@type\":\"ImageObject\",\"inLanguage\":\"ro-RO\",\"@id\":\"https:\\\/\\\/www.eptisa.com\\\/ro\\\/proiectul-regional-de-dezvoltare-a-infrastructurii-de-apa-si-apa-uzata-din-judetul-iasi-in-perioada-2014-2020\\\/#primaryimage\",\"url\":\"https:\\\/\\\/www.eptisa.com\\\/wp-content\\\/uploads\\\/2025\\\/09\\\/Eptisa_Error404.jpg\",\"contentUrl\":\"https:\\\/\\\/www.eptisa.com\\\/wp-content\\\/uploads\\\/2025\\\/09\\\/Eptisa_Error404.jpg\",\"width\":1920,\"height\":1280},{\"@type\":\"BreadcrumbList\",\"@id\":\"https:\\\/\\\/www.eptisa.com\\\/ro\\\/proiectul-regional-de-dezvoltare-a-infrastructurii-de-apa-si-apa-uzata-din-judetul-iasi-in-perioada-2014-2020\\\/#breadcrumb\",\"itemListElement\":[{\"@type\":\"ListItem\",\"position\":1,\"name\":\"Home\",\"item\":\"https:\\\/\\\/www.eptisa.com\\\/ro\\\/\"},{\"@type\":\"ListItem\",\"position\":2,\"name\":\"Proiectul regional de dezvoltare a infrastructurii de ap\u0103 \u0219i ap\u0103 uzat\u0103 din jude\u0163ul Ia\u0219i, \u00een perioada 2014 &#8211; 2020\"}]},{\"@type\":\"WebSite\",\"@id\":\"https:\\\/\\\/www.eptisa.com\\\/ro\\\/#website\",\"url\":\"https:\\\/\\\/www.eptisa.com\\\/ro\\\/\",\"name\":\"Eptisa\",\"description\":\"Empresa Multinacional de Ingenier\u00eda\",\"publisher\":{\"@id\":\"https:\\\/\\\/www.eptisa.com\\\/ro\\\/#organization\"},\"potentialAction\":[{\"@type\":\"SearchAction\",\"target\":{\"@type\":\"EntryPoint\",\"urlTemplate\":\"https:\\\/\\\/www.eptisa.com\\\/ro\\\/?s={search_term_string}\"},\"query-input\":{\"@type\":\"PropertyValueSpecification\",\"valueRequired\":true,\"valueName\":\"search_term_string\"}}],\"inLanguage\":\"ro-RO\"},{\"@type\":\"Organization\",\"@id\":\"https:\\\/\\\/www.eptisa.com\\\/ro\\\/#organization\",\"name\":\"Eptisa\",\"url\":\"https:\\\/\\\/www.eptisa.com\\\/ro\\\/\",\"logo\":{\"@type\":\"ImageObject\",\"inLanguage\":\"ro-RO\",\"@id\":\"https:\\\/\\\/www.eptisa.com\\\/ro\\\/#\\\/schema\\\/logo\\\/image\\\/\",\"url\":\"https:\\\/\\\/www.eptisa.com\\\/wp-content\\\/uploads\\\/2025\\\/06\\\/7265704d3382618649eba7d99541ab81042c2245-scaled.png\",\"contentUrl\":\"https:\\\/\\\/www.eptisa.com\\\/wp-content\\\/uploads\\\/2025\\\/06\\\/7265704d3382618649eba7d99541ab81042c2245-scaled.png\",\"width\":2560,\"height\":1067,\"caption\":\"Eptisa\"},\"image\":{\"@id\":\"https:\\\/\\\/www.eptisa.com\\\/ro\\\/#\\\/schema\\\/logo\\\/image\\\/\"}},{\"@type\":\"Person\",\"@id\":\"https:\\\/\\\/www.eptisa.com\\\/ro\\\/#\\\/schema\\\/person\\\/7cf1f5d49be86d6748acfa485b6872d8\",\"name\":\"Margarita Marticorena\",\"url\":\"https:\\\/\\\/www.eptisa.com\\\/ro\\\/author\\\/marga\\\/\"}]}<\/script>\n<!-- \/ Yoast SEO plugin. -->","yoast_head_json":{"title":"Proiectul regional de dezvoltare a infrastructurii de ap\u0103 \u0219i ap\u0103 uzat\u0103 din jude\u0163ul Ia\u0219i, \u00een perioada 2014 - 2020","robots":{"index":"index","follow":"follow","max-snippet":"max-snippet:-1","max-image-preview":"max-image-preview:large","max-video-preview":"max-video-preview:-1"},"canonical":"https:\/\/www.eptisa.com\/ro\/proiectul-regional-de-dezvoltare-a-infrastructurii-de-apa-si-apa-uzata-din-judetul-iasi-in-perioada-2014-2020\/","og_locale":"ro_RO","og_type":"article","og_title":"Proiectul regional de dezvoltare a infrastructurii de ap\u0103 \u0219i ap\u0103 uzat\u0103 din jude\u0163ul Ia\u0219i, \u00een perioada 2014 - 2020","og_description":"Proiectul const\u0103 \u00een investi\u021bii pentru transportul \u0219i distribu\u021bia apei, respectiv colectarea \u0219i epurarea apelor uzate \u00een jude\u021bul Ia\u0219i (inclusiv uscarea \u0219i valorificarea n\u0103molurilor provenite din sta\u021biile de epurare deservite de Operatorul Regional APAVITAL S.A.), \u00een zonele urbane \u0219i rurale, \u00een vederea asigur\u0103rii serviciilor conforme de alimentare cu ap\u0103, respectiv conformarea cu prevederile directivelor UE relevante. [&hellip;]","og_url":"https:\/\/www.eptisa.com\/ro\/proiectul-regional-de-dezvoltare-a-infrastructurii-de-apa-si-apa-uzata-din-judetul-iasi-in-perioada-2014-2020\/","og_site_name":"Eptisa","article_published_time":"2023-09-28T04:16:36+00:00","article_modified_time":"2025-09-16T07:24:04+00:00","og_image":[{"width":1920,"height":1280,"url":"https:\/\/www.eptisa.com\/wp-content\/uploads\/2025\/09\/Eptisa_Error404.jpg","type":"image\/jpeg"}],"author":"Margarita Marticorena","twitter_card":"summary_large_image","twitter_misc":{"Scris de":"Margarita Marticorena","Timp estimat pentru citire":"2 minute"},"schema":{"@context":"https:\/\/schema.org","@graph":[{"@type":"Article","@id":"https:\/\/www.eptisa.com\/ro\/proiectul-regional-de-dezvoltare-a-infrastructurii-de-apa-si-apa-uzata-din-judetul-iasi-in-perioada-2014-2020\/#article","isPartOf":{"@id":"https:\/\/www.eptisa.com\/ro\/proiectul-regional-de-dezvoltare-a-infrastructurii-de-apa-si-apa-uzata-din-judetul-iasi-in-perioada-2014-2020\/"},"author":{"name":"Margarita Marticorena","@id":"https:\/\/www.eptisa.com\/ro\/#\/schema\/person\/7cf1f5d49be86d6748acfa485b6872d8"},"headline":"Proiectul regional de dezvoltare a infrastructurii de ap\u0103 \u0219i ap\u0103 uzat\u0103 din jude\u0163ul Ia\u0219i, \u00een perioada 2014 &#8211; 2020","datePublished":"2023-09-28T04:16:36+00:00","dateModified":"2025-09-16T07:24:04+00:00","mainEntityOfPage":{"@id":"https:\/\/www.eptisa.com\/ro\/proiectul-regional-de-dezvoltare-a-infrastructurii-de-apa-si-apa-uzata-din-judetul-iasi-in-perioada-2014-2020\/"},"wordCount":214,"publisher":{"@id":"https:\/\/www.eptisa.com\/ro\/#organization"},"image":{"@id":"https:\/\/www.eptisa.com\/ro\/proiectul-regional-de-dezvoltare-a-infrastructurii-de-apa-si-apa-uzata-din-judetul-iasi-in-perioada-2014-2020\/#primaryimage"},"thumbnailUrl":"https:\/\/www.eptisa.com\/wp-content\/uploads\/2025\/09\/Eptisa_Error404.jpg","articleSection":["Inginerie Civil\u0103","Ap\u0103"],"inLanguage":"ro-RO"},{"@type":"WebPage","@id":"https:\/\/www.eptisa.com\/ro\/proiectul-regional-de-dezvoltare-a-infrastructurii-de-apa-si-apa-uzata-din-judetul-iasi-in-perioada-2014-2020\/","url":"https:\/\/www.eptisa.com\/ro\/proiectul-regional-de-dezvoltare-a-infrastructurii-de-apa-si-apa-uzata-din-judetul-iasi-in-perioada-2014-2020\/","name":"Proiectul regional de dezvoltare a infrastructurii de ap\u0103 \u0219i ap\u0103 uzat\u0103 din jude\u0163ul Ia\u0219i, \u00een perioada 2014 - 2020","isPartOf":{"@id":"https:\/\/www.eptisa.com\/ro\/#website"},"primaryImageOfPage":{"@id":"https:\/\/www.eptisa.com\/ro\/proiectul-regional-de-dezvoltare-a-infrastructurii-de-apa-si-apa-uzata-din-judetul-iasi-in-perioada-2014-2020\/#primaryimage"},"image":{"@id":"https:\/\/www.eptisa.com\/ro\/proiectul-regional-de-dezvoltare-a-infrastructurii-de-apa-si-apa-uzata-din-judetul-iasi-in-perioada-2014-2020\/#primaryimage"},"thumbnailUrl":"https:\/\/www.eptisa.com\/wp-content\/uploads\/2025\/09\/Eptisa_Error404.jpg","datePublished":"2023-09-28T04:16:36+00:00","dateModified":"2025-09-16T07:24:04+00:00","breadcrumb":{"@id":"https:\/\/www.eptisa.com\/ro\/proiectul-regional-de-dezvoltare-a-infrastructurii-de-apa-si-apa-uzata-din-judetul-iasi-in-perioada-2014-2020\/#breadcrumb"},"inLanguage":"ro-RO","potentialAction":[{"@type":"ReadAction","target":["https:\/\/www.eptisa.com\/ro\/proiectul-regional-de-dezvoltare-a-infrastructurii-de-apa-si-apa-uzata-din-judetul-iasi-in-perioada-2014-2020\/"]}]},{"@type":"ImageObject","inLanguage":"ro-RO","@id":"https:\/\/www.eptisa.com\/ro\/proiectul-regional-de-dezvoltare-a-infrastructurii-de-apa-si-apa-uzata-din-judetul-iasi-in-perioada-2014-2020\/#primaryimage","url":"https:\/\/www.eptisa.com\/wp-content\/uploads\/2025\/09\/Eptisa_Error404.jpg","contentUrl":"https:\/\/www.eptisa.com\/wp-content\/uploads\/2025\/09\/Eptisa_Error404.jpg","width":1920,"height":1280},{"@type":"BreadcrumbList","@id":"https:\/\/www.eptisa.com\/ro\/proiectul-regional-de-dezvoltare-a-infrastructurii-de-apa-si-apa-uzata-din-judetul-iasi-in-perioada-2014-2020\/#breadcrumb","itemListElement":[{"@type":"ListItem","position":1,"name":"Home","item":"https:\/\/www.eptisa.com\/ro\/"},{"@type":"ListItem","position":2,"name":"Proiectul regional de dezvoltare a infrastructurii de ap\u0103 \u0219i ap\u0103 uzat\u0103 din jude\u0163ul Ia\u0219i, \u00een perioada 2014 &#8211; 2020"}]},{"@type":"WebSite","@id":"https:\/\/www.eptisa.com\/ro\/#website","url":"https:\/\/www.eptisa.com\/ro\/","name":"Eptisa","description":"Empresa Multinacional de Ingenier\u00eda","publisher":{"@id":"https:\/\/www.eptisa.com\/ro\/#organization"},"potentialAction":[{"@type":"SearchAction","target":{"@type":"EntryPoint","urlTemplate":"https:\/\/www.eptisa.com\/ro\/?s={search_term_string}"},"query-input":{"@type":"PropertyValueSpecification","valueRequired":true,"valueName":"search_term_string"}}],"inLanguage":"ro-RO"},{"@type":"Organization","@id":"https:\/\/www.eptisa.com\/ro\/#organization","name":"Eptisa","url":"https:\/\/www.eptisa.com\/ro\/","logo":{"@type":"ImageObject","inLanguage":"ro-RO","@id":"https:\/\/www.eptisa.com\/ro\/#\/schema\/logo\/image\/","url":"https:\/\/www.eptisa.com\/wp-content\/uploads\/2025\/06\/7265704d3382618649eba7d99541ab81042c2245-scaled.png","contentUrl":"https:\/\/www.eptisa.com\/wp-content\/uploads\/2025\/06\/7265704d3382618649eba7d99541ab81042c2245-scaled.png","width":2560,"height":1067,"caption":"Eptisa"},"image":{"@id":"https:\/\/www.eptisa.com\/ro\/#\/schema\/logo\/image\/"}},{"@type":"Person","@id":"https:\/\/www.eptisa.com\/ro\/#\/schema\/person\/7cf1f5d49be86d6748acfa485b6872d8","name":"Margarita Marticorena","url":"https:\/\/www.eptisa.com\/ro\/author\/marga\/"}]}},"_links":{"self":[{"href":"https:\/\/www.eptisa.com\/ro\/wp-json\/wp\/v2\/posts\/2379","targetHints":{"allow":["GET"]}}],"collection":[{"href":"https:\/\/www.eptisa.com\/ro\/wp-json\/wp\/v2\/posts"}],"about":[{"href":"https:\/\/www.eptisa.com\/ro\/wp-json\/wp\/v2\/types\/post"}],"author":[{"embeddable":true,"href":"https:\/\/www.eptisa.com\/ro\/wp-json\/wp\/v2\/users\/10"}],"replies":[{"embeddable":true,"href":"https:\/\/www.eptisa.com\/ro\/wp-json\/wp\/v2\/comments?post=2379"}],"version-history":[{"count":0,"href":"https:\/\/www.eptisa.com\/ro\/wp-json\/wp\/v2\/posts\/2379\/revisions"}],"wp:featuredmedia":[{"embeddable":true,"href":"https:\/\/www.eptisa.com\/ro\/wp-json\/wp\/v2\/media\/1190"}],"wp:attachment":[{"href":"https:\/\/www.eptisa.com\/ro\/wp-json\/wp\/v2\/media?parent=2379"}],"wp:term":[{"taxonomy":"category","embeddable":true,"href":"https:\/\/www.eptisa.com\/ro\/wp-json\/wp\/v2\/categories?post=2379"},{"taxonomy":"post_tag","embeddable":true,"href":"https:\/\/www.eptisa.com\/ro\/wp-json\/wp\/v2\/tags?post=2379"}],"curies":[{"name":"wp","href":"https:\/\/api.w.org\/{rel}","templated":true}]}}