{"id":2382,"date":"2023-12-04T07:45:10","date_gmt":"2023-12-04T06:45:10","guid":{"rendered":"https:\/\/eptisa.com\/?p=2382"},"modified":"2025-09-12T21:04:59","modified_gmt":"2025-09-12T19:04:59","slug":"expo-de-la-luz-va-straluci-la-timisoara-capitala-culturala-europeana","status":"publish","type":"post","link":"https:\/\/www.eptisa.com\/ro\/expo-de-la-luz-va-straluci-la-timisoara-capitala-culturala-europeana\/","title":{"rendered":"Expo de la Luz, sponsorizat de EPTISA Rom\u00e2nia, va str\u0103luci la Timi\u0219oara, Capital\u0103 Cultural\u0103 European\u0103"},"content":{"rendered":"<p>A doua edi\u021bie a Expo de la Luz c\u0103l\u0103tore\u0219te \u00een Rom\u00e2nia \u00eentr-o ac\u021biune cultural\u0103 transfrontalier\u0103 \u0219i de pionierat care se \u00eenscrie \u00een agenda cultural\u0103 a Pre\u0219edin\u021biei spaniole a Consiliului Uniunii Europene.<\/p>\n<p><span class=\"jCAhz ChMk0b\"><span class=\"ryNqvb\">Expozi\u021bia, care are anul acesta 17 lucr\u0103ri de format mare ale fotografului \u0219i popularizatorul madrilen Antonello Dellanotte, a luat na\u0219tere la ini\u021biativa Ambasadei Spaniei la Bucure\u0219ti \u00een colaborare cu Consiliul Provincial Timi\u0219, \u0219i sponsorizat de c\u0103tre EPTISA Rom\u00e2nia.<\/span><\/span>\u00a0<span class=\"jCAhz ChMk0b\"><span class=\"ryNqvb\">Acest ora\u0219, cunoscut popular sub numele de \u201eMica Viena\u201d a fost definit de-a lungul anilor drept unul dintre cele mai importante centre culturale \u0219i de agrement din centrul-estul Europei.\u00a0<\/span><\/span><\/p>\n<p><span class=\"jCAhz ChMk0b\"><span class=\"ryNqvb\">Expozi\u021bia, curatoriat\u0103 de Micaela Ossola, va fi instalat\u0103 \u00een perioada 7-21 Decembrie \u00een Bastionul Mar\u00eda Teresa, o veche fortifica\u021bie militar\u0103 transformat\u0103 \u00een centru cultural, declarat Monument Istoric Na\u021bional.<\/span><\/span> <span class=\"jCAhz ChMk0b\"><span class=\"ryNqvb\">Antonello Dellanotte, un artist premiat de mai multe ori pentru fotografiile sale din Madrid, este un cronicar important al Parque del Retiro, precum \u0219i autorul fotografiilor pentru candidatura Peisaj de lumin\u0103 pentru statutul de Patrimoniu Mondial.<\/span><\/span> <span class=\"jCAhz ChMk0b\"><span class=\"ryNqvb\">De asemenea, este colaborator al Consiliului Municipal Madrid, al Real Jard\u00edn Bot\u00e1nico, al mai multor universit\u0103\u021bi \u0219i al altor institu\u021bii \u0219i companii.\u00a0<\/span><\/span><\/p>\n<p>\u00cen video-ul al\u0103turat pute\u021bi vedea o mica parte din materialele folosite \u00een timpul expozi\u021biei <a href=\"https:\/\/www.instagram.com\/p\/C0PJ0WItYWP\/\">Expo de la Luz | El Paisaje de la Luz, Patrimonio Mundial. (@expodelaluz) \u2022 Instagram photos and videos<\/a><\/p>\n<p>Mai multe informa\u021bii pute\u021bi afla pe pagina de Instagram a Expozi\u021biei <a href=\"https:\/\/www.instagram.com\/p\/C0LwuSGtdXT\/\">Expo de la Luz | El Paisaje de la Luz, Patrimonio Mundial. (@expodelaluz) \u2022 Instagram photos and videos<\/a><\/p>\n<p>&nbsp;<\/p>\n","protected":false},"excerpt":{"rendered":"<p>A doua edi\u021bie a Expo de la Luz c\u0103l\u0103tore\u0219te \u00een Rom\u00e2nia \u00eentr-o ac\u021biune cultural\u0103 transfrontalier\u0103 \u0219i de pionierat care se \u00eenscrie \u00een agenda cultural\u0103 a Pre\u0219edin\u021biei spaniole a Consiliului Uniunii Europene. Expozi\u021bia, care are anul acesta 17 lucr\u0103ri de format mare ale fotografului \u0219i popularizatorul madrilen Antonello Dellanotte, a luat na\u0219tere la ini\u021biativa Ambasadei Spaniei [&hellip;]<\/p>\n","protected":false},"author":10,"featured_media":1199,"comment_status":"closed","ping_status":"open","sticky":false,"template":"","format":"standard","meta":{"_acf_changed":false,"footnotes":""},"categories":[743],"tags":[],"class_list":["post-2382","post","type-post","status-publish","format-standard","has-post-thumbnail","hentry","category-inginerie-civila-3"],"acf":[],"yoast_head":"<!-- This site is optimized with the Yoast SEO plugin v27.4 - https:\/\/yoast.com\/product\/yoast-seo-wordpress\/ -->\n<title>Expo de la Luz, sponsorizat de EPTISA Rom\u00e2nia, va str\u0103luci la Timi\u0219oara, Capital\u0103 Cultural\u0103 European\u0103<\/title>\n<meta name=\"robots\" content=\"index, follow, max-snippet:-1, max-image-preview:large, max-video-preview:-1\" \/>\n<link rel=\"canonical\" href=\"https:\/\/www.eptisa.com\/ro\/expo-de-la-luz-va-straluci-la-timisoara-capitala-culturala-europeana\/\" \/>\n<meta property=\"og:locale\" content=\"ro_RO\" \/>\n<meta property=\"og:type\" content=\"article\" \/>\n<meta property=\"og:title\" content=\"Expo de la Luz, sponsorizat de EPTISA Rom\u00e2nia, va str\u0103luci la Timi\u0219oara, Capital\u0103 Cultural\u0103 European\u0103\" \/>\n<meta property=\"og:description\" content=\"A doua edi\u021bie a Expo de la Luz c\u0103l\u0103tore\u0219te \u00een Rom\u00e2nia \u00eentr-o ac\u021biune cultural\u0103 transfrontalier\u0103 \u0219i de pionierat care se \u00eenscrie \u00een agenda cultural\u0103 a Pre\u0219edin\u021biei spaniole a Consiliului Uniunii Europene. Expozi\u021bia, care are anul acesta 17 lucr\u0103ri de format mare ale fotografului \u0219i popularizatorul madrilen Antonello Dellanotte, a luat na\u0219tere la ini\u021biativa Ambasadei Spaniei [&hellip;]\" \/>\n<meta property=\"og:url\" content=\"https:\/\/www.eptisa.com\/ro\/expo-de-la-luz-va-straluci-la-timisoara-capitala-culturala-europeana\/\" \/>\n<meta property=\"og:site_name\" content=\"Eptisa\" \/>\n<meta property=\"article:published_time\" content=\"2023-12-04T06:45:10+00:00\" \/>\n<meta property=\"article:modified_time\" content=\"2025-09-12T19:04:59+00:00\" \/>\n<meta property=\"og:image\" content=\"https:\/\/www.eptisa.com\/wp-content\/uploads\/2025\/09\/Screenshot-2023-12-04-094040.png\" \/>\n\t<meta property=\"og:image:width\" content=\"699\" \/>\n\t<meta property=\"og:image:height\" content=\"873\" \/>\n\t<meta property=\"og:image:type\" content=\"image\/png\" \/>\n<meta name=\"author\" content=\"Margarita Marticorena\" \/>\n<meta name=\"twitter:card\" content=\"summary_large_image\" \/>\n<meta name=\"twitter:label1\" content=\"Scris de\" \/>\n\t<meta name=\"twitter:data1\" content=\"Margarita Marticorena\" \/>\n\t<meta name=\"twitter:label2\" content=\"Timp estimat pentru citire\" \/>\n\t<meta name=\"twitter:data2\" content=\"1 minut\" \/>\n<script type=\"application\/ld+json\" class=\"yoast-schema-graph\">{\"@context\":\"https:\\\/\\\/schema.org\",\"@graph\":[{\"@type\":\"Article\",\"@id\":\"https:\\\/\\\/www.eptisa.com\\\/ro\\\/expo-de-la-luz-va-straluci-la-timisoara-capitala-culturala-europeana\\\/#article\",\"isPartOf\":{\"@id\":\"https:\\\/\\\/www.eptisa.com\\\/ro\\\/expo-de-la-luz-va-straluci-la-timisoara-capitala-culturala-europeana\\\/\"},\"author\":{\"name\":\"Margarita Marticorena\",\"@id\":\"https:\\\/\\\/www.eptisa.com\\\/ro\\\/#\\\/schema\\\/person\\\/7cf1f5d49be86d6748acfa485b6872d8\"},\"headline\":\"Expo de la Luz, sponsorizat de EPTISA Rom\u00e2nia, va str\u0103luci la Timi\u0219oara, Capital\u0103 Cultural\u0103 European\u0103\",\"datePublished\":\"2023-12-04T06:45:10+00:00\",\"dateModified\":\"2025-09-12T19:04:59+00:00\",\"mainEntityOfPage\":{\"@id\":\"https:\\\/\\\/www.eptisa.com\\\/ro\\\/expo-de-la-luz-va-straluci-la-timisoara-capitala-culturala-europeana\\\/\"},\"wordCount\":288,\"publisher\":{\"@id\":\"https:\\\/\\\/www.eptisa.com\\\/ro\\\/#organization\"},\"image\":{\"@id\":\"https:\\\/\\\/www.eptisa.com\\\/ro\\\/expo-de-la-luz-va-straluci-la-timisoara-capitala-culturala-europeana\\\/#primaryimage\"},\"thumbnailUrl\":\"https:\\\/\\\/www.eptisa.com\\\/wp-content\\\/uploads\\\/2025\\\/09\\\/Screenshot-2023-12-04-094040.png\",\"articleSection\":[\"Inginerie Civil\u0103\"],\"inLanguage\":\"ro-RO\"},{\"@type\":\"WebPage\",\"@id\":\"https:\\\/\\\/www.eptisa.com\\\/ro\\\/expo-de-la-luz-va-straluci-la-timisoara-capitala-culturala-europeana\\\/\",\"url\":\"https:\\\/\\\/www.eptisa.com\\\/ro\\\/expo-de-la-luz-va-straluci-la-timisoara-capitala-culturala-europeana\\\/\",\"name\":\"Expo de la Luz, sponsorizat de EPTISA Rom\u00e2nia, va str\u0103luci la Timi\u0219oara, Capital\u0103 Cultural\u0103 European\u0103\",\"isPartOf\":{\"@id\":\"https:\\\/\\\/www.eptisa.com\\\/ro\\\/#website\"},\"primaryImageOfPage\":{\"@id\":\"https:\\\/\\\/www.eptisa.com\\\/ro\\\/expo-de-la-luz-va-straluci-la-timisoara-capitala-culturala-europeana\\\/#primaryimage\"},\"image\":{\"@id\":\"https:\\\/\\\/www.eptisa.com\\\/ro\\\/expo-de-la-luz-va-straluci-la-timisoara-capitala-culturala-europeana\\\/#primaryimage\"},\"thumbnailUrl\":\"https:\\\/\\\/www.eptisa.com\\\/wp-content\\\/uploads\\\/2025\\\/09\\\/Screenshot-2023-12-04-094040.png\",\"datePublished\":\"2023-12-04T06:45:10+00:00\",\"dateModified\":\"2025-09-12T19:04:59+00:00\",\"breadcrumb\":{\"@id\":\"https:\\\/\\\/www.eptisa.com\\\/ro\\\/expo-de-la-luz-va-straluci-la-timisoara-capitala-culturala-europeana\\\/#breadcrumb\"},\"inLanguage\":\"ro-RO\",\"potentialAction\":[{\"@type\":\"ReadAction\",\"target\":[\"https:\\\/\\\/www.eptisa.com\\\/ro\\\/expo-de-la-luz-va-straluci-la-timisoara-capitala-culturala-europeana\\\/\"]}]},{\"@type\":\"ImageObject\",\"inLanguage\":\"ro-RO\",\"@id\":\"https:\\\/\\\/www.eptisa.com\\\/ro\\\/expo-de-la-luz-va-straluci-la-timisoara-capitala-culturala-europeana\\\/#primaryimage\",\"url\":\"https:\\\/\\\/www.eptisa.com\\\/wp-content\\\/uploads\\\/2025\\\/09\\\/Screenshot-2023-12-04-094040.png\",\"contentUrl\":\"https:\\\/\\\/www.eptisa.com\\\/wp-content\\\/uploads\\\/2025\\\/09\\\/Screenshot-2023-12-04-094040.png\",\"width\":699,\"height\":873},{\"@type\":\"BreadcrumbList\",\"@id\":\"https:\\\/\\\/www.eptisa.com\\\/ro\\\/expo-de-la-luz-va-straluci-la-timisoara-capitala-culturala-europeana\\\/#breadcrumb\",\"itemListElement\":[{\"@type\":\"ListItem\",\"position\":1,\"name\":\"Home\",\"item\":\"https:\\\/\\\/www.eptisa.com\\\/ro\\\/\"},{\"@type\":\"ListItem\",\"position\":2,\"name\":\"Expo de la Luz, sponsorizat de EPTISA Rom\u00e2nia, va str\u0103luci la Timi\u0219oara, Capital\u0103 Cultural\u0103 European\u0103\"}]},{\"@type\":\"WebSite\",\"@id\":\"https:\\\/\\\/www.eptisa.com\\\/ro\\\/#website\",\"url\":\"https:\\\/\\\/www.eptisa.com\\\/ro\\\/\",\"name\":\"Eptisa\",\"description\":\"Empresa Multinacional de Ingenier\u00eda\",\"publisher\":{\"@id\":\"https:\\\/\\\/www.eptisa.com\\\/ro\\\/#organization\"},\"potentialAction\":[{\"@type\":\"SearchAction\",\"target\":{\"@type\":\"EntryPoint\",\"urlTemplate\":\"https:\\\/\\\/www.eptisa.com\\\/ro\\\/?s={search_term_string}\"},\"query-input\":{\"@type\":\"PropertyValueSpecification\",\"valueRequired\":true,\"valueName\":\"search_term_string\"}}],\"inLanguage\":\"ro-RO\"},{\"@type\":\"Organization\",\"@id\":\"https:\\\/\\\/www.eptisa.com\\\/ro\\\/#organization\",\"name\":\"Eptisa\",\"url\":\"https:\\\/\\\/www.eptisa.com\\\/ro\\\/\",\"logo\":{\"@type\":\"ImageObject\",\"inLanguage\":\"ro-RO\",\"@id\":\"https:\\\/\\\/www.eptisa.com\\\/ro\\\/#\\\/schema\\\/logo\\\/image\\\/\",\"url\":\"https:\\\/\\\/www.eptisa.com\\\/wp-content\\\/uploads\\\/2025\\\/06\\\/7265704d3382618649eba7d99541ab81042c2245-scaled.png\",\"contentUrl\":\"https:\\\/\\\/www.eptisa.com\\\/wp-content\\\/uploads\\\/2025\\\/06\\\/7265704d3382618649eba7d99541ab81042c2245-scaled.png\",\"width\":2560,\"height\":1067,\"caption\":\"Eptisa\"},\"image\":{\"@id\":\"https:\\\/\\\/www.eptisa.com\\\/ro\\\/#\\\/schema\\\/logo\\\/image\\\/\"}},{\"@type\":\"Person\",\"@id\":\"https:\\\/\\\/www.eptisa.com\\\/ro\\\/#\\\/schema\\\/person\\\/7cf1f5d49be86d6748acfa485b6872d8\",\"name\":\"Margarita Marticorena\",\"url\":\"https:\\\/\\\/www.eptisa.com\\\/ro\\\/author\\\/marga\\\/\"}]}<\/script>\n<!-- \/ Yoast SEO plugin. -->","yoast_head_json":{"title":"Expo de la Luz, sponsorizat de EPTISA Rom\u00e2nia, va str\u0103luci la Timi\u0219oara, Capital\u0103 Cultural\u0103 European\u0103","robots":{"index":"index","follow":"follow","max-snippet":"max-snippet:-1","max-image-preview":"max-image-preview:large","max-video-preview":"max-video-preview:-1"},"canonical":"https:\/\/www.eptisa.com\/ro\/expo-de-la-luz-va-straluci-la-timisoara-capitala-culturala-europeana\/","og_locale":"ro_RO","og_type":"article","og_title":"Expo de la Luz, sponsorizat de EPTISA Rom\u00e2nia, va str\u0103luci la Timi\u0219oara, Capital\u0103 Cultural\u0103 European\u0103","og_description":"A doua edi\u021bie a Expo de la Luz c\u0103l\u0103tore\u0219te \u00een Rom\u00e2nia \u00eentr-o ac\u021biune cultural\u0103 transfrontalier\u0103 \u0219i de pionierat care se \u00eenscrie \u00een agenda cultural\u0103 a Pre\u0219edin\u021biei spaniole a Consiliului Uniunii Europene. Expozi\u021bia, care are anul acesta 17 lucr\u0103ri de format mare ale fotografului \u0219i popularizatorul madrilen Antonello Dellanotte, a luat na\u0219tere la ini\u021biativa Ambasadei Spaniei [&hellip;]","og_url":"https:\/\/www.eptisa.com\/ro\/expo-de-la-luz-va-straluci-la-timisoara-capitala-culturala-europeana\/","og_site_name":"Eptisa","article_published_time":"2023-12-04T06:45:10+00:00","article_modified_time":"2025-09-12T19:04:59+00:00","og_image":[{"width":699,"height":873,"url":"https:\/\/www.eptisa.com\/wp-content\/uploads\/2025\/09\/Screenshot-2023-12-04-094040.png","type":"image\/png"}],"author":"Margarita Marticorena","twitter_card":"summary_large_image","twitter_misc":{"Scris de":"Margarita Marticorena","Timp estimat pentru citire":"1 minut"},"schema":{"@context":"https:\/\/schema.org","@graph":[{"@type":"Article","@id":"https:\/\/www.eptisa.com\/ro\/expo-de-la-luz-va-straluci-la-timisoara-capitala-culturala-europeana\/#article","isPartOf":{"@id":"https:\/\/www.eptisa.com\/ro\/expo-de-la-luz-va-straluci-la-timisoara-capitala-culturala-europeana\/"},"author":{"name":"Margarita Marticorena","@id":"https:\/\/www.eptisa.com\/ro\/#\/schema\/person\/7cf1f5d49be86d6748acfa485b6872d8"},"headline":"Expo de la Luz, sponsorizat de EPTISA Rom\u00e2nia, va str\u0103luci la Timi\u0219oara, Capital\u0103 Cultural\u0103 European\u0103","datePublished":"2023-12-04T06:45:10+00:00","dateModified":"2025-09-12T19:04:59+00:00","mainEntityOfPage":{"@id":"https:\/\/www.eptisa.com\/ro\/expo-de-la-luz-va-straluci-la-timisoara-capitala-culturala-europeana\/"},"wordCount":288,"publisher":{"@id":"https:\/\/www.eptisa.com\/ro\/#organization"},"image":{"@id":"https:\/\/www.eptisa.com\/ro\/expo-de-la-luz-va-straluci-la-timisoara-capitala-culturala-europeana\/#primaryimage"},"thumbnailUrl":"https:\/\/www.eptisa.com\/wp-content\/uploads\/2025\/09\/Screenshot-2023-12-04-094040.png","articleSection":["Inginerie Civil\u0103"],"inLanguage":"ro-RO"},{"@type":"WebPage","@id":"https:\/\/www.eptisa.com\/ro\/expo-de-la-luz-va-straluci-la-timisoara-capitala-culturala-europeana\/","url":"https:\/\/www.eptisa.com\/ro\/expo-de-la-luz-va-straluci-la-timisoara-capitala-culturala-europeana\/","name":"Expo de la Luz, sponsorizat de EPTISA Rom\u00e2nia, va str\u0103luci la Timi\u0219oara, Capital\u0103 Cultural\u0103 European\u0103","isPartOf":{"@id":"https:\/\/www.eptisa.com\/ro\/#website"},"primaryImageOfPage":{"@id":"https:\/\/www.eptisa.com\/ro\/expo-de-la-luz-va-straluci-la-timisoara-capitala-culturala-europeana\/#primaryimage"},"image":{"@id":"https:\/\/www.eptisa.com\/ro\/expo-de-la-luz-va-straluci-la-timisoara-capitala-culturala-europeana\/#primaryimage"},"thumbnailUrl":"https:\/\/www.eptisa.com\/wp-content\/uploads\/2025\/09\/Screenshot-2023-12-04-094040.png","datePublished":"2023-12-04T06:45:10+00:00","dateModified":"2025-09-12T19:04:59+00:00","breadcrumb":{"@id":"https:\/\/www.eptisa.com\/ro\/expo-de-la-luz-va-straluci-la-timisoara-capitala-culturala-europeana\/#breadcrumb"},"inLanguage":"ro-RO","potentialAction":[{"@type":"ReadAction","target":["https:\/\/www.eptisa.com\/ro\/expo-de-la-luz-va-straluci-la-timisoara-capitala-culturala-europeana\/"]}]},{"@type":"ImageObject","inLanguage":"ro-RO","@id":"https:\/\/www.eptisa.com\/ro\/expo-de-la-luz-va-straluci-la-timisoara-capitala-culturala-europeana\/#primaryimage","url":"https:\/\/www.eptisa.com\/wp-content\/uploads\/2025\/09\/Screenshot-2023-12-04-094040.png","contentUrl":"https:\/\/www.eptisa.com\/wp-content\/uploads\/2025\/09\/Screenshot-2023-12-04-094040.png","width":699,"height":873},{"@type":"BreadcrumbList","@id":"https:\/\/www.eptisa.com\/ro\/expo-de-la-luz-va-straluci-la-timisoara-capitala-culturala-europeana\/#breadcrumb","itemListElement":[{"@type":"ListItem","position":1,"name":"Home","item":"https:\/\/www.eptisa.com\/ro\/"},{"@type":"ListItem","position":2,"name":"Expo de la Luz, sponsorizat de EPTISA Rom\u00e2nia, va str\u0103luci la Timi\u0219oara, Capital\u0103 Cultural\u0103 European\u0103"}]},{"@type":"WebSite","@id":"https:\/\/www.eptisa.com\/ro\/#website","url":"https:\/\/www.eptisa.com\/ro\/","name":"Eptisa","description":"Empresa Multinacional de Ingenier\u00eda","publisher":{"@id":"https:\/\/www.eptisa.com\/ro\/#organization"},"potentialAction":[{"@type":"SearchAction","target":{"@type":"EntryPoint","urlTemplate":"https:\/\/www.eptisa.com\/ro\/?s={search_term_string}"},"query-input":{"@type":"PropertyValueSpecification","valueRequired":true,"valueName":"search_term_string"}}],"inLanguage":"ro-RO"},{"@type":"Organization","@id":"https:\/\/www.eptisa.com\/ro\/#organization","name":"Eptisa","url":"https:\/\/www.eptisa.com\/ro\/","logo":{"@type":"ImageObject","inLanguage":"ro-RO","@id":"https:\/\/www.eptisa.com\/ro\/#\/schema\/logo\/image\/","url":"https:\/\/www.eptisa.com\/wp-content\/uploads\/2025\/06\/7265704d3382618649eba7d99541ab81042c2245-scaled.png","contentUrl":"https:\/\/www.eptisa.com\/wp-content\/uploads\/2025\/06\/7265704d3382618649eba7d99541ab81042c2245-scaled.png","width":2560,"height":1067,"caption":"Eptisa"},"image":{"@id":"https:\/\/www.eptisa.com\/ro\/#\/schema\/logo\/image\/"}},{"@type":"Person","@id":"https:\/\/www.eptisa.com\/ro\/#\/schema\/person\/7cf1f5d49be86d6748acfa485b6872d8","name":"Margarita Marticorena","url":"https:\/\/www.eptisa.com\/ro\/author\/marga\/"}]}},"_links":{"self":[{"href":"https:\/\/www.eptisa.com\/ro\/wp-json\/wp\/v2\/posts\/2382","targetHints":{"allow":["GET"]}}],"collection":[{"href":"https:\/\/www.eptisa.com\/ro\/wp-json\/wp\/v2\/posts"}],"about":[{"href":"https:\/\/www.eptisa.com\/ro\/wp-json\/wp\/v2\/types\/post"}],"author":[{"embeddable":true,"href":"https:\/\/www.eptisa.com\/ro\/wp-json\/wp\/v2\/users\/10"}],"replies":[{"embeddable":true,"href":"https:\/\/www.eptisa.com\/ro\/wp-json\/wp\/v2\/comments?post=2382"}],"version-history":[{"count":0,"href":"https:\/\/www.eptisa.com\/ro\/wp-json\/wp\/v2\/posts\/2382\/revisions"}],"wp:featuredmedia":[{"embeddable":true,"href":"https:\/\/www.eptisa.com\/ro\/wp-json\/wp\/v2\/media\/1199"}],"wp:attachment":[{"href":"https:\/\/www.eptisa.com\/ro\/wp-json\/wp\/v2\/media?parent=2382"}],"wp:term":[{"taxonomy":"category","embeddable":true,"href":"https:\/\/www.eptisa.com\/ro\/wp-json\/wp\/v2\/categories?post=2382"},{"taxonomy":"post_tag","embeddable":true,"href":"https:\/\/www.eptisa.com\/ro\/wp-json\/wp\/v2\/tags?post=2382"}],"curies":[{"name":"wp","href":"https:\/\/api.w.org\/{rel}","templated":true}]}}