{"id":2387,"date":"2024-01-23T09:43:16","date_gmt":"2024-01-23T08:43:16","guid":{"rendered":"https:\/\/eptisa.com\/?p=2387"},"modified":"2025-09-19T08:25:34","modified_gmt":"2025-09-19T06:25:34","slug":"bun-venit-mauricio-gomez-villarino-noul-ceo-eptisa","status":"publish","type":"post","link":"https:\/\/www.eptisa.com\/ro\/bun-venit-mauricio-gomez-villarino-noul-ceo-eptisa\/","title":{"rendered":"Bun venit lui Mauricio G\u00f3mez Villarino &#8211; noul CEO al Eptisa"},"content":{"rendered":"<p>Suntem \u00eenc\u00e2nta\u021bi s\u0103 \u00eei ur\u0103m bun venit <strong>lui Mauricio G\u00f3mez Villarino<\/strong> \u00een calitate de nou<strong> CEO<\/strong> al <strong>Eptisa Engineering Services<\/strong>. Experien\u021ba \u0219i conducerea sa vor conduce organiza\u021bia noastr\u0103 spre noi succese. <\/p>\n<p>Mauricio este inginer civil \u0219i unul dintre cei mai recunoscu\u021bi lideri din sectorul nostru, at\u00e2t \u00een Spania, c\u00e2t \u0219i la nivel interna\u021bional. Cariera sa profesional\u0103 a fost dezvoltat\u0103 \u00een principal \u00een IDOM, de unde se al\u0103tur\u0103 Eptisa, fiind Director General \u0219i membru al Comitetului Executiv al firmei. Suntem siguri c\u0103 va duce Eptisa Engineering Services spre noi culmi.  <\/p>\n<p><strong>Bine a\u021bi venit la bord!<\/strong><\/p>\n<p><strong><u>Mauricio G\u00f3mez Villarino<\/u><\/strong><\/p>\n<p>Doctorat \u00een inginerie civil\u0103 la Universidad Polit\u00e9cnica de Madrid, men\u021biune special\u0103 Doctor european; program de management superior la IESE Business School, Universitatea din Navarra<em>. <\/em>Membru al Consiliului de administra\u021bie al Clubului spaniol de mediu; administrator al Funda\u021biei Caminos; membru al Comisiei de inginerie \u0219i dezvoltare durabil\u0103 a Institutului spaniol de inginerie. Director independent \u00een Consiliul de administra\u021bie al Banco BANCOFAR \u0219i FAM-Caminos \u00een Grupo Banco Caminos. <\/p>\n<p>\u0218i-a \u00eenceput cariera profesional\u0103 la sf\u00e2r\u0219itul anilor &#8217;90 \u00een domeniul energiei \u00een cadrul grupului Uni\u00f3n Fenosa-Naturgy; \u00een 2003 s-a al\u0103turat IDOM, unde a fost succesiv director de zon\u0103 \u00een biroul din Madrid, director regional al IDOM- Insulele Canare \u0219i director corporativ \u00een Regatul Unit. \u00cen 2011, s-a \u00eentors \u00een Spania pentru a conduce sediul central IDOM din Madrid, cu peste 800 de profesioni\u0219ti, iar din 2012 este, de asemenea, membru al Comitetului executiv al grupului IDOM. <\/p>\n<p>A fost profesor asociat la Universitatea Politehnic\u0103 din Madrid timp de 14 ani. Director al mai multor cursuri \u0219i masterate postuniversitare \u00een diferite institu\u021bii \u00een domeniul infrastructurilor, managementului proiectelor, sustenabilit\u0103\u021bii \u0219i adapt\u0103rii la schimb\u0103rile climatice. Colaborator ocazional \u00een diferite programe la universit\u0103\u021bile Georgetown, Harvard \u0219i UPM, precum \u0219i la ICEX \u0219i mai multe institu\u021bii multilaterale. Autor\/coautor a cinci c\u0103r\u021bi \u0219i a numeroase articole \u00een domeniul ingineriei \u0219i consultan\u021bei.   <\/p>\n<p>A primit mai multe premii, cum ar fi Premiul <em>T\u00e2n\u0103rului Inginer<\/em> din partea Asocia\u021biei Inginerilor Civili, Premiul pentru cel mai bun proiect final de diplom\u0103, Premiul Na\u021bional pentru cea mai bun\u0103 aplicare a produselor \u0219i serviciilor Uralita \u00een domeniul sustenabilit\u0103\u021bii, printre altele.<\/p>\n<p>Experien\u021b\u0103 profesional\u0103 \u00een Spania, Marea Britanie, Portugalia, Turcia, Algeria, Fran\u021ba, SUA, Brazilia, Chile, Uruguay, Paraguay, Mexic, Arabia, Peru, Argentina, China, Columbia, Oman, Kuwait, Malaezia \u0219i Iordania, printre altele. \u00centre\u021bine rela\u021bii profesionale cu \u00eenal\u021bi func\u021bionari ai administra\u021biei publice spaniole \u0219i din numeroase \u021b\u0103ri de pe scena interna\u021bional\u0103, diploma\u021bi de numeroase na\u021bionalit\u0103\u021bi, oameni de afaceri \u0219i organiza\u021bii comerciale \u0219i industriale, institu\u021bii financiare, precum \u0219i agen\u021bii de finan\u021bare multilateral\u0103 (BM, ONU, BID, BERD, ADB, BEI,&#8230;) \u0219i directori ai numeroaselor companii dintr-o gam\u0103 larg\u0103 de sectoare. <\/p>\n","protected":false},"excerpt":{"rendered":"<p>Suntem \u00eenc\u00e2nta\u021bi s\u0103 \u00eei ur\u0103m bun venit lui Mauricio G\u00f3mez Villarino \u00een calitate de nou CEO al Eptisa Engineering Services. Experien\u021ba \u0219i conducerea sa vor conduce organiza\u021bia noastr\u0103 spre noi succese. Mauricio este inginer civil \u0219i unul dintre cei mai recunoscu\u021bi lideri din sectorul nostru, at\u00e2t \u00een Spania, c\u00e2t \u0219i la nivel interna\u021bional. Cariera sa [&hellip;]<\/p>\n","protected":false},"author":10,"featured_media":1210,"comment_status":"closed","ping_status":"open","sticky":false,"template":"","format":"standard","meta":{"_acf_changed":false,"footnotes":""},"categories":[646],"tags":[952,1120,1122],"class_list":["post-2387","post","type-post","status-publish","format-standard","has-post-thumbnail","hentry","category-transport-inginerie-civila-3","tag-talent","tag-bine-ati-venit","tag-ceo"],"acf":[],"yoast_head":"<!-- This site is optimized with the Yoast SEO plugin v27.4 - https:\/\/yoast.com\/product\/yoast-seo-wordpress\/ -->\n<title>Bine a\u021bi venit Mauricio G\u00f3mez Villarino - noul CEO Eptisa<\/title>\n<meta name=\"robots\" content=\"index, follow, max-snippet:-1, max-image-preview:large, max-video-preview:-1\" \/>\n<link rel=\"canonical\" href=\"https:\/\/www.eptisa.com\/ro\/bun-venit-mauricio-gomez-villarino-noul-ceo-eptisa\/\" \/>\n<meta property=\"og:locale\" content=\"ro_RO\" \/>\n<meta property=\"og:type\" content=\"article\" \/>\n<meta property=\"og:title\" content=\"Bine a\u021bi venit Mauricio G\u00f3mez Villarino - noul CEO Eptisa\" \/>\n<meta property=\"og:description\" content=\"Suntem \u00eenc\u00e2nta\u021bi s\u0103 \u00eei ur\u0103m bun venit lui Mauricio G\u00f3mez Villarino \u00een calitate de nou CEO al Eptisa Engineering Services. Experien\u021ba \u0219i conducerea sa vor conduce organiza\u021bia noastr\u0103 spre noi succese. Mauricio este inginer civil \u0219i unul dintre cei mai recunoscu\u021bi lideri din sectorul nostru, at\u00e2t \u00een Spania, c\u00e2t \u0219i la nivel interna\u021bional. Cariera sa [&hellip;]\" \/>\n<meta property=\"og:url\" content=\"https:\/\/www.eptisa.com\/ro\/bun-venit-mauricio-gomez-villarino-noul-ceo-eptisa\/\" \/>\n<meta property=\"og:site_name\" content=\"Eptisa\" \/>\n<meta property=\"article:published_time\" content=\"2024-01-23T08:43:16+00:00\" \/>\n<meta property=\"article:modified_time\" content=\"2025-09-19T06:25:34+00:00\" \/>\n<meta property=\"og:image\" content=\"https:\/\/www.eptisa.com\/wp-content\/uploads\/2025\/09\/Mauricio-1.jpg\" \/>\n\t<meta property=\"og:image:width\" content=\"578\" \/>\n\t<meta property=\"og:image:height\" content=\"740\" \/>\n\t<meta property=\"og:image:type\" content=\"image\/jpeg\" \/>\n<meta name=\"author\" content=\"Margarita Marticorena\" \/>\n<meta name=\"twitter:card\" content=\"summary_large_image\" \/>\n<meta name=\"twitter:label1\" content=\"Scris de\" \/>\n\t<meta name=\"twitter:data1\" content=\"Margarita Marticorena\" \/>\n\t<meta name=\"twitter:label2\" content=\"Timp estimat pentru citire\" \/>\n\t<meta name=\"twitter:data2\" content=\"2 minute\" \/>\n<script type=\"application\/ld+json\" class=\"yoast-schema-graph\">{\"@context\":\"https:\\\/\\\/schema.org\",\"@graph\":[{\"@type\":\"Article\",\"@id\":\"https:\\\/\\\/www.eptisa.com\\\/ro\\\/bun-venit-mauricio-gomez-villarino-noul-ceo-eptisa\\\/#article\",\"isPartOf\":{\"@id\":\"https:\\\/\\\/www.eptisa.com\\\/ro\\\/bun-venit-mauricio-gomez-villarino-noul-ceo-eptisa\\\/\"},\"author\":{\"name\":\"Margarita Marticorena\",\"@id\":\"https:\\\/\\\/www.eptisa.com\\\/ro\\\/#\\\/schema\\\/person\\\/7cf1f5d49be86d6748acfa485b6872d8\"},\"headline\":\"Bun venit lui Mauricio G\u00f3mez Villarino &#8211; noul CEO al Eptisa\",\"datePublished\":\"2024-01-23T08:43:16+00:00\",\"dateModified\":\"2025-09-19T06:25:34+00:00\",\"mainEntityOfPage\":{\"@id\":\"https:\\\/\\\/www.eptisa.com\\\/ro\\\/bun-venit-mauricio-gomez-villarino-noul-ceo-eptisa\\\/\"},\"wordCount\":489,\"publisher\":{\"@id\":\"https:\\\/\\\/www.eptisa.com\\\/ro\\\/#organization\"},\"image\":{\"@id\":\"https:\\\/\\\/www.eptisa.com\\\/ro\\\/bun-venit-mauricio-gomez-villarino-noul-ceo-eptisa\\\/#primaryimage\"},\"thumbnailUrl\":\"https:\\\/\\\/www.eptisa.com\\\/wp-content\\\/uploads\\\/2025\\\/09\\\/Mauricio-1.jpg\",\"keywords\":[\"Talent\",\"Bine a\u021bi venit\",\"CEO\"],\"articleSection\":[\"Transport\"],\"inLanguage\":\"ro-RO\"},{\"@type\":\"WebPage\",\"@id\":\"https:\\\/\\\/www.eptisa.com\\\/ro\\\/bun-venit-mauricio-gomez-villarino-noul-ceo-eptisa\\\/\",\"url\":\"https:\\\/\\\/www.eptisa.com\\\/ro\\\/bun-venit-mauricio-gomez-villarino-noul-ceo-eptisa\\\/\",\"name\":\"Bine a\u021bi venit Mauricio G\u00f3mez Villarino - noul CEO Eptisa\",\"isPartOf\":{\"@id\":\"https:\\\/\\\/www.eptisa.com\\\/ro\\\/#website\"},\"primaryImageOfPage\":{\"@id\":\"https:\\\/\\\/www.eptisa.com\\\/ro\\\/bun-venit-mauricio-gomez-villarino-noul-ceo-eptisa\\\/#primaryimage\"},\"image\":{\"@id\":\"https:\\\/\\\/www.eptisa.com\\\/ro\\\/bun-venit-mauricio-gomez-villarino-noul-ceo-eptisa\\\/#primaryimage\"},\"thumbnailUrl\":\"https:\\\/\\\/www.eptisa.com\\\/wp-content\\\/uploads\\\/2025\\\/09\\\/Mauricio-1.jpg\",\"datePublished\":\"2024-01-23T08:43:16+00:00\",\"dateModified\":\"2025-09-19T06:25:34+00:00\",\"breadcrumb\":{\"@id\":\"https:\\\/\\\/www.eptisa.com\\\/ro\\\/bun-venit-mauricio-gomez-villarino-noul-ceo-eptisa\\\/#breadcrumb\"},\"inLanguage\":\"ro-RO\",\"potentialAction\":[{\"@type\":\"ReadAction\",\"target\":[\"https:\\\/\\\/www.eptisa.com\\\/ro\\\/bun-venit-mauricio-gomez-villarino-noul-ceo-eptisa\\\/\"]}]},{\"@type\":\"ImageObject\",\"inLanguage\":\"ro-RO\",\"@id\":\"https:\\\/\\\/www.eptisa.com\\\/ro\\\/bun-venit-mauricio-gomez-villarino-noul-ceo-eptisa\\\/#primaryimage\",\"url\":\"https:\\\/\\\/www.eptisa.com\\\/wp-content\\\/uploads\\\/2025\\\/09\\\/Mauricio-1.jpg\",\"contentUrl\":\"https:\\\/\\\/www.eptisa.com\\\/wp-content\\\/uploads\\\/2025\\\/09\\\/Mauricio-1.jpg\",\"width\":578,\"height\":740},{\"@type\":\"BreadcrumbList\",\"@id\":\"https:\\\/\\\/www.eptisa.com\\\/ro\\\/bun-venit-mauricio-gomez-villarino-noul-ceo-eptisa\\\/#breadcrumb\",\"itemListElement\":[{\"@type\":\"ListItem\",\"position\":1,\"name\":\"Home\",\"item\":\"https:\\\/\\\/www.eptisa.com\\\/ro\\\/\"},{\"@type\":\"ListItem\",\"position\":2,\"name\":\"Bun venit lui Mauricio G\u00f3mez Villarino &#8211; noul CEO al Eptisa\"}]},{\"@type\":\"WebSite\",\"@id\":\"https:\\\/\\\/www.eptisa.com\\\/ro\\\/#website\",\"url\":\"https:\\\/\\\/www.eptisa.com\\\/ro\\\/\",\"name\":\"Eptisa\",\"description\":\"Empresa Multinacional de Ingenier\u00eda\",\"publisher\":{\"@id\":\"https:\\\/\\\/www.eptisa.com\\\/ro\\\/#organization\"},\"potentialAction\":[{\"@type\":\"SearchAction\",\"target\":{\"@type\":\"EntryPoint\",\"urlTemplate\":\"https:\\\/\\\/www.eptisa.com\\\/ro\\\/?s={search_term_string}\"},\"query-input\":{\"@type\":\"PropertyValueSpecification\",\"valueRequired\":true,\"valueName\":\"search_term_string\"}}],\"inLanguage\":\"ro-RO\"},{\"@type\":\"Organization\",\"@id\":\"https:\\\/\\\/www.eptisa.com\\\/ro\\\/#organization\",\"name\":\"Eptisa\",\"url\":\"https:\\\/\\\/www.eptisa.com\\\/ro\\\/\",\"logo\":{\"@type\":\"ImageObject\",\"inLanguage\":\"ro-RO\",\"@id\":\"https:\\\/\\\/www.eptisa.com\\\/ro\\\/#\\\/schema\\\/logo\\\/image\\\/\",\"url\":\"https:\\\/\\\/www.eptisa.com\\\/wp-content\\\/uploads\\\/2025\\\/06\\\/7265704d3382618649eba7d99541ab81042c2245-scaled.png\",\"contentUrl\":\"https:\\\/\\\/www.eptisa.com\\\/wp-content\\\/uploads\\\/2025\\\/06\\\/7265704d3382618649eba7d99541ab81042c2245-scaled.png\",\"width\":2560,\"height\":1067,\"caption\":\"Eptisa\"},\"image\":{\"@id\":\"https:\\\/\\\/www.eptisa.com\\\/ro\\\/#\\\/schema\\\/logo\\\/image\\\/\"}},{\"@type\":\"Person\",\"@id\":\"https:\\\/\\\/www.eptisa.com\\\/ro\\\/#\\\/schema\\\/person\\\/7cf1f5d49be86d6748acfa485b6872d8\",\"name\":\"Margarita Marticorena\",\"url\":\"https:\\\/\\\/www.eptisa.com\\\/ro\\\/author\\\/marga\\\/\"}]}<\/script>\n<!-- \/ Yoast SEO plugin. -->","yoast_head_json":{"title":"Bine a\u021bi venit Mauricio G\u00f3mez Villarino - noul CEO Eptisa","robots":{"index":"index","follow":"follow","max-snippet":"max-snippet:-1","max-image-preview":"max-image-preview:large","max-video-preview":"max-video-preview:-1"},"canonical":"https:\/\/www.eptisa.com\/ro\/bun-venit-mauricio-gomez-villarino-noul-ceo-eptisa\/","og_locale":"ro_RO","og_type":"article","og_title":"Bine a\u021bi venit Mauricio G\u00f3mez Villarino - noul CEO Eptisa","og_description":"Suntem \u00eenc\u00e2nta\u021bi s\u0103 \u00eei ur\u0103m bun venit lui Mauricio G\u00f3mez Villarino \u00een calitate de nou CEO al Eptisa Engineering Services. Experien\u021ba \u0219i conducerea sa vor conduce organiza\u021bia noastr\u0103 spre noi succese. Mauricio este inginer civil \u0219i unul dintre cei mai recunoscu\u021bi lideri din sectorul nostru, at\u00e2t \u00een Spania, c\u00e2t \u0219i la nivel interna\u021bional. Cariera sa [&hellip;]","og_url":"https:\/\/www.eptisa.com\/ro\/bun-venit-mauricio-gomez-villarino-noul-ceo-eptisa\/","og_site_name":"Eptisa","article_published_time":"2024-01-23T08:43:16+00:00","article_modified_time":"2025-09-19T06:25:34+00:00","og_image":[{"width":578,"height":740,"url":"https:\/\/www.eptisa.com\/wp-content\/uploads\/2025\/09\/Mauricio-1.jpg","type":"image\/jpeg"}],"author":"Margarita Marticorena","twitter_card":"summary_large_image","twitter_misc":{"Scris de":"Margarita Marticorena","Timp estimat pentru citire":"2 minute"},"schema":{"@context":"https:\/\/schema.org","@graph":[{"@type":"Article","@id":"https:\/\/www.eptisa.com\/ro\/bun-venit-mauricio-gomez-villarino-noul-ceo-eptisa\/#article","isPartOf":{"@id":"https:\/\/www.eptisa.com\/ro\/bun-venit-mauricio-gomez-villarino-noul-ceo-eptisa\/"},"author":{"name":"Margarita Marticorena","@id":"https:\/\/www.eptisa.com\/ro\/#\/schema\/person\/7cf1f5d49be86d6748acfa485b6872d8"},"headline":"Bun venit lui Mauricio G\u00f3mez Villarino &#8211; noul CEO al Eptisa","datePublished":"2024-01-23T08:43:16+00:00","dateModified":"2025-09-19T06:25:34+00:00","mainEntityOfPage":{"@id":"https:\/\/www.eptisa.com\/ro\/bun-venit-mauricio-gomez-villarino-noul-ceo-eptisa\/"},"wordCount":489,"publisher":{"@id":"https:\/\/www.eptisa.com\/ro\/#organization"},"image":{"@id":"https:\/\/www.eptisa.com\/ro\/bun-venit-mauricio-gomez-villarino-noul-ceo-eptisa\/#primaryimage"},"thumbnailUrl":"https:\/\/www.eptisa.com\/wp-content\/uploads\/2025\/09\/Mauricio-1.jpg","keywords":["Talent","Bine a\u021bi venit","CEO"],"articleSection":["Transport"],"inLanguage":"ro-RO"},{"@type":"WebPage","@id":"https:\/\/www.eptisa.com\/ro\/bun-venit-mauricio-gomez-villarino-noul-ceo-eptisa\/","url":"https:\/\/www.eptisa.com\/ro\/bun-venit-mauricio-gomez-villarino-noul-ceo-eptisa\/","name":"Bine a\u021bi venit Mauricio G\u00f3mez Villarino - noul CEO Eptisa","isPartOf":{"@id":"https:\/\/www.eptisa.com\/ro\/#website"},"primaryImageOfPage":{"@id":"https:\/\/www.eptisa.com\/ro\/bun-venit-mauricio-gomez-villarino-noul-ceo-eptisa\/#primaryimage"},"image":{"@id":"https:\/\/www.eptisa.com\/ro\/bun-venit-mauricio-gomez-villarino-noul-ceo-eptisa\/#primaryimage"},"thumbnailUrl":"https:\/\/www.eptisa.com\/wp-content\/uploads\/2025\/09\/Mauricio-1.jpg","datePublished":"2024-01-23T08:43:16+00:00","dateModified":"2025-09-19T06:25:34+00:00","breadcrumb":{"@id":"https:\/\/www.eptisa.com\/ro\/bun-venit-mauricio-gomez-villarino-noul-ceo-eptisa\/#breadcrumb"},"inLanguage":"ro-RO","potentialAction":[{"@type":"ReadAction","target":["https:\/\/www.eptisa.com\/ro\/bun-venit-mauricio-gomez-villarino-noul-ceo-eptisa\/"]}]},{"@type":"ImageObject","inLanguage":"ro-RO","@id":"https:\/\/www.eptisa.com\/ro\/bun-venit-mauricio-gomez-villarino-noul-ceo-eptisa\/#primaryimage","url":"https:\/\/www.eptisa.com\/wp-content\/uploads\/2025\/09\/Mauricio-1.jpg","contentUrl":"https:\/\/www.eptisa.com\/wp-content\/uploads\/2025\/09\/Mauricio-1.jpg","width":578,"height":740},{"@type":"BreadcrumbList","@id":"https:\/\/www.eptisa.com\/ro\/bun-venit-mauricio-gomez-villarino-noul-ceo-eptisa\/#breadcrumb","itemListElement":[{"@type":"ListItem","position":1,"name":"Home","item":"https:\/\/www.eptisa.com\/ro\/"},{"@type":"ListItem","position":2,"name":"Bun venit lui Mauricio G\u00f3mez Villarino &#8211; noul CEO al Eptisa"}]},{"@type":"WebSite","@id":"https:\/\/www.eptisa.com\/ro\/#website","url":"https:\/\/www.eptisa.com\/ro\/","name":"Eptisa","description":"Empresa Multinacional de Ingenier\u00eda","publisher":{"@id":"https:\/\/www.eptisa.com\/ro\/#organization"},"potentialAction":[{"@type":"SearchAction","target":{"@type":"EntryPoint","urlTemplate":"https:\/\/www.eptisa.com\/ro\/?s={search_term_string}"},"query-input":{"@type":"PropertyValueSpecification","valueRequired":true,"valueName":"search_term_string"}}],"inLanguage":"ro-RO"},{"@type":"Organization","@id":"https:\/\/www.eptisa.com\/ro\/#organization","name":"Eptisa","url":"https:\/\/www.eptisa.com\/ro\/","logo":{"@type":"ImageObject","inLanguage":"ro-RO","@id":"https:\/\/www.eptisa.com\/ro\/#\/schema\/logo\/image\/","url":"https:\/\/www.eptisa.com\/wp-content\/uploads\/2025\/06\/7265704d3382618649eba7d99541ab81042c2245-scaled.png","contentUrl":"https:\/\/www.eptisa.com\/wp-content\/uploads\/2025\/06\/7265704d3382618649eba7d99541ab81042c2245-scaled.png","width":2560,"height":1067,"caption":"Eptisa"},"image":{"@id":"https:\/\/www.eptisa.com\/ro\/#\/schema\/logo\/image\/"}},{"@type":"Person","@id":"https:\/\/www.eptisa.com\/ro\/#\/schema\/person\/7cf1f5d49be86d6748acfa485b6872d8","name":"Margarita Marticorena","url":"https:\/\/www.eptisa.com\/ro\/author\/marga\/"}]}},"_links":{"self":[{"href":"https:\/\/www.eptisa.com\/ro\/wp-json\/wp\/v2\/posts\/2387","targetHints":{"allow":["GET"]}}],"collection":[{"href":"https:\/\/www.eptisa.com\/ro\/wp-json\/wp\/v2\/posts"}],"about":[{"href":"https:\/\/www.eptisa.com\/ro\/wp-json\/wp\/v2\/types\/post"}],"author":[{"embeddable":true,"href":"https:\/\/www.eptisa.com\/ro\/wp-json\/wp\/v2\/users\/10"}],"replies":[{"embeddable":true,"href":"https:\/\/www.eptisa.com\/ro\/wp-json\/wp\/v2\/comments?post=2387"}],"version-history":[{"count":0,"href":"https:\/\/www.eptisa.com\/ro\/wp-json\/wp\/v2\/posts\/2387\/revisions"}],"wp:featuredmedia":[{"embeddable":true,"href":"https:\/\/www.eptisa.com\/ro\/wp-json\/wp\/v2\/media\/1210"}],"wp:attachment":[{"href":"https:\/\/www.eptisa.com\/ro\/wp-json\/wp\/v2\/media?parent=2387"}],"wp:term":[{"taxonomy":"category","embeddable":true,"href":"https:\/\/www.eptisa.com\/ro\/wp-json\/wp\/v2\/categories?post=2387"},{"taxonomy":"post_tag","embeddable":true,"href":"https:\/\/www.eptisa.com\/ro\/wp-json\/wp\/v2\/tags?post=2387"}],"curies":[{"name":"wp","href":"https:\/\/api.w.org\/{rel}","templated":true}]}}