{"id":3588,"date":"2024-05-23T06:30:14","date_gmt":"2024-05-23T04:30:14","guid":{"rendered":"https:\/\/eptisa.com\/ceremonia-de-premiere-a-galei-fundacion-caminos\/"},"modified":"2024-05-23T06:30:14","modified_gmt":"2024-05-23T04:30:14","slug":"ceremonia-de-premiere-a-galei-fundacion-caminos","status":"publish","type":"post","link":"https:\/\/www.eptisa.com\/ro\/ceremonia-de-premiere-a-galei-fundacion-caminos\/","title":{"rendered":"Ceremonia de premiere a Galei Fundaci\u00f3n Caminos"},"content":{"rendered":"<p><img fetchpriority=\"high\" decoding=\"async\" class=\"size-medium wp-image-14622 alignleft\" src=\"https:\/\/eptisa.com\/wp-content\/uploads\/2025\/09\/DSC02293-293x300.jpg\" alt=\"\" width=\"293\" height=\"300\">Ieri, Gala Premiilor <strong>Fundaci\u00f3n Caminos<\/strong> a avut loc la Teatro Real.<\/p>\n<p><em><strong>Mauricio G\u00f3mez Villarino<\/strong>, administrator al Funda\u021biei \u0219i CEO al Eptisa, a avut privilegiul de a prezenta unul dintre cele mai frumoase premii, <\/em>Premiul<em> Rafael Izquierdo pentru solidaritate, care a fost acordat <\/em> <strong>FUNDA\u021aIEI ROTARY Aniceto Zaragoza \u0219i Prietenilor din Nyumbani Amor Sola<\/strong> <em>pentru proiectul &#8222;construirea unui bazin de colectare a apei de ploaie pentru a \u00eembun\u0103t\u0103\u021bi autosustenabilitatea \u0219i calitatea vie\u021bii \u00een eco-vilajul Nyumbani, Kitui, Kenya&#8221;.<\/em><img decoding=\"async\" class=\"size-medium wp-image-14620 alignright\" src=\"https:\/\/eptisa.com\/wp-content\/uploads\/2025\/09\/M4A3912-300x205.jpg\" alt=\"\" width=\"300\" height=\"205\"><\/p>\n<p><em>Funda\u021bia Roads, \u00een cadrul Colegiului Inginerilor Civili, \u00ee\u0219i propune s\u0103 promoveze excelen\u021ba profesional\u0103 \u0219i s\u0103 disemineze caracteristicile creative \u0219i de cooperare ale profesiei prin patronajul persoanelor \u0219i institu\u021biilor care fac parte din grupul inginerilor civili sau sunt legate de acesta.<\/em><\/p>\n<p><em>\u00cen aceast\u0103 c\u0103utare a excelen\u021bei, sunt acordate o serie de premii pentru a distinge cei mai merituo\u0219i profesioni\u0219ti din domeniul educa\u021biei \u0219i form\u0103rii.<\/em><img decoding=\"async\" class=\"size-medium wp-image-14621 alignleft\" src=\"https:\/\/eptisa.com\/wp-content\/uploads\/2025\/09\/M4A4344-300x200.jpg\" alt=\"\" width=\"300\" height=\"200\"><em>Cele mai remarcabile exemple sunt anii acumula\u021bi, companiile care au contribuit cel mai mult la dezvoltarea tehnic\u0103 a profesiei, lucr\u0103rile cele mai avansate din punct de vedere structural \u0219i estetic \u0219i, bine\u00een\u021beles, ini\u021biativele de solidaritate desf\u0103\u0219urate de ingineri sau de societ\u0103\u021bile lor pentru a oferi bun\u0103stare comunit\u0103\u021bilor \u00een condi\u021bii precare din \u021b\u0103rile \u00een curs de dezvoltare.<\/em><\/p>\n<p>Eptisa a fost excelent reprezentat\u0103, pe l\u00e2ng\u0103 directorul s\u0103u general <strong>Mauricio G\u00f3mez<\/strong>, de pre\u0219edintele<strong>Luis Villarroya, Laura Gorrachategui, F\u00e9lix Guijarro, Pedro Beltr\u00e1n, Oscar Rodr\u00edguez, Juan Ortas <\/strong>\u0219i <strong>Juan Manuel Garc\u00eda<\/strong>, to\u021bi ingineri civili.<\/p>\n","protected":false},"excerpt":{"rendered":"<p>Ieri, Gala Premiilor Fundaci\u00f3n Caminos a avut loc la Teatro Real. Mauricio G\u00f3mez Villarino, administrator al Funda\u021biei \u0219i CEO al Eptisa, a avut privilegiul de a prezenta unul dintre cele mai frumoase premii, Premiul Rafael Izquierdo pentru solidaritate, care a fost acordat FUNDA\u021aIEI ROTARY Aniceto Zaragoza \u0219i Prietenilor din Nyumbani Amor Sola pentru proiectul &#8222;construirea [&hellip;]<\/p>\n","protected":false},"author":10,"featured_media":1776,"comment_status":"closed","ping_status":"open","sticky":false,"template":"","format":"standard","meta":{"_acf_changed":false,"footnotes":""},"categories":[944],"tags":[945,946,947],"class_list":["post-3588","post","type-post","status-publish","format-standard","has-post-thumbnail","hentry","category-evenimentinginerie-civila","tag-eveniment","tag-inginerie-civila","tag-ingineri"],"acf":[],"yoast_head":"<!-- This site is optimized with the Yoast SEO plugin v27.4 - https:\/\/yoast.com\/product\/yoast-seo-wordpress\/ -->\n<title>Ceremonia de premiere a Galei Fundaci\u00f3n Caminos<\/title>\n<meta name=\"robots\" content=\"index, follow, max-snippet:-1, max-image-preview:large, max-video-preview:-1\" \/>\n<link rel=\"canonical\" href=\"https:\/\/www.eptisa.com\/ro\/ceremonia-de-premiere-a-galei-fundacion-caminos\/\" \/>\n<meta property=\"og:locale\" content=\"ro_RO\" \/>\n<meta property=\"og:type\" content=\"article\" \/>\n<meta property=\"og:title\" content=\"Ceremonia de premiere a Galei Fundaci\u00f3n Caminos\" \/>\n<meta property=\"og:description\" content=\"Ieri, Gala Premiilor Fundaci\u00f3n Caminos a avut loc la Teatro Real. Mauricio G\u00f3mez Villarino, administrator al Funda\u021biei \u0219i CEO al Eptisa, a avut privilegiul de a prezenta unul dintre cele mai frumoase premii, Premiul Rafael Izquierdo pentru solidaritate, care a fost acordat FUNDA\u021aIEI ROTARY Aniceto Zaragoza \u0219i Prietenilor din Nyumbani Amor Sola pentru proiectul &#8222;construirea [&hellip;]\" \/>\n<meta property=\"og:url\" content=\"https:\/\/www.eptisa.com\/ro\/ceremonia-de-premiere-a-galei-fundacion-caminos\/\" \/>\n<meta property=\"og:site_name\" content=\"Eptisa\" \/>\n<meta property=\"article:published_time\" content=\"2024-05-23T04:30:14+00:00\" \/>\n<meta property=\"og:image\" content=\"https:\/\/www.eptisa.com\/wp-content\/uploads\/2025\/09\/M4A3893-scaled-1.jpg\" \/>\n\t<meta property=\"og:image:width\" content=\"1920\" \/>\n\t<meta property=\"og:image:height\" content=\"1280\" \/>\n\t<meta property=\"og:image:type\" content=\"image\/jpeg\" \/>\n<meta name=\"author\" content=\"Margarita Marticorena\" \/>\n<meta name=\"twitter:card\" content=\"summary_large_image\" \/>\n<meta name=\"twitter:label1\" content=\"Scris de\" \/>\n\t<meta name=\"twitter:data1\" content=\"Margarita Marticorena\" \/>\n\t<meta name=\"twitter:label2\" content=\"Timp estimat pentru citire\" \/>\n\t<meta name=\"twitter:data2\" content=\"1 minut\" \/>\n<script type=\"application\/ld+json\" class=\"yoast-schema-graph\">{\"@context\":\"https:\\\/\\\/schema.org\",\"@graph\":[{\"@type\":\"Article\",\"@id\":\"https:\\\/\\\/www.eptisa.com\\\/ro\\\/ceremonia-de-premiere-a-galei-fundacion-caminos\\\/#article\",\"isPartOf\":{\"@id\":\"https:\\\/\\\/www.eptisa.com\\\/ro\\\/ceremonia-de-premiere-a-galei-fundacion-caminos\\\/\"},\"author\":{\"name\":\"Margarita Marticorena\",\"@id\":\"https:\\\/\\\/www.eptisa.com\\\/ro\\\/#\\\/schema\\\/person\\\/7cf1f5d49be86d6748acfa485b6872d8\"},\"headline\":\"Ceremonia de premiere a Galei Fundaci\u00f3n Caminos\",\"datePublished\":\"2024-05-23T04:30:14+00:00\",\"mainEntityOfPage\":{\"@id\":\"https:\\\/\\\/www.eptisa.com\\\/ro\\\/ceremonia-de-premiere-a-galei-fundacion-caminos\\\/\"},\"wordCount\":269,\"publisher\":{\"@id\":\"https:\\\/\\\/www.eptisa.com\\\/ro\\\/#organization\"},\"image\":{\"@id\":\"https:\\\/\\\/www.eptisa.com\\\/ro\\\/ceremonia-de-premiere-a-galei-fundacion-caminos\\\/#primaryimage\"},\"thumbnailUrl\":\"https:\\\/\\\/www.eptisa.com\\\/wp-content\\\/uploads\\\/2025\\\/09\\\/M4A3893-scaled-1.jpg\",\"keywords\":[\"Eveniment\",\"Inginerie civil\u0103\",\"Ingineri\"],\"articleSection\":[\"Eveniment|Inginerie civil\u0103\"],\"inLanguage\":\"ro-RO\"},{\"@type\":\"WebPage\",\"@id\":\"https:\\\/\\\/www.eptisa.com\\\/ro\\\/ceremonia-de-premiere-a-galei-fundacion-caminos\\\/\",\"url\":\"https:\\\/\\\/www.eptisa.com\\\/ro\\\/ceremonia-de-premiere-a-galei-fundacion-caminos\\\/\",\"name\":\"Ceremonia de premiere a Galei Fundaci\u00f3n Caminos\",\"isPartOf\":{\"@id\":\"https:\\\/\\\/www.eptisa.com\\\/ro\\\/#website\"},\"primaryImageOfPage\":{\"@id\":\"https:\\\/\\\/www.eptisa.com\\\/ro\\\/ceremonia-de-premiere-a-galei-fundacion-caminos\\\/#primaryimage\"},\"image\":{\"@id\":\"https:\\\/\\\/www.eptisa.com\\\/ro\\\/ceremonia-de-premiere-a-galei-fundacion-caminos\\\/#primaryimage\"},\"thumbnailUrl\":\"https:\\\/\\\/www.eptisa.com\\\/wp-content\\\/uploads\\\/2025\\\/09\\\/M4A3893-scaled-1.jpg\",\"datePublished\":\"2024-05-23T04:30:14+00:00\",\"breadcrumb\":{\"@id\":\"https:\\\/\\\/www.eptisa.com\\\/ro\\\/ceremonia-de-premiere-a-galei-fundacion-caminos\\\/#breadcrumb\"},\"inLanguage\":\"ro-RO\",\"potentialAction\":[{\"@type\":\"ReadAction\",\"target\":[\"https:\\\/\\\/www.eptisa.com\\\/ro\\\/ceremonia-de-premiere-a-galei-fundacion-caminos\\\/\"]}]},{\"@type\":\"ImageObject\",\"inLanguage\":\"ro-RO\",\"@id\":\"https:\\\/\\\/www.eptisa.com\\\/ro\\\/ceremonia-de-premiere-a-galei-fundacion-caminos\\\/#primaryimage\",\"url\":\"https:\\\/\\\/www.eptisa.com\\\/wp-content\\\/uploads\\\/2025\\\/09\\\/M4A3893-scaled-1.jpg\",\"contentUrl\":\"https:\\\/\\\/www.eptisa.com\\\/wp-content\\\/uploads\\\/2025\\\/09\\\/M4A3893-scaled-1.jpg\",\"width\":1920,\"height\":1280},{\"@type\":\"BreadcrumbList\",\"@id\":\"https:\\\/\\\/www.eptisa.com\\\/ro\\\/ceremonia-de-premiere-a-galei-fundacion-caminos\\\/#breadcrumb\",\"itemListElement\":[{\"@type\":\"ListItem\",\"position\":1,\"name\":\"Home\",\"item\":\"https:\\\/\\\/www.eptisa.com\\\/ro\\\/\"},{\"@type\":\"ListItem\",\"position\":2,\"name\":\"Ceremonia de premiere a Galei Fundaci\u00f3n Caminos\"}]},{\"@type\":\"WebSite\",\"@id\":\"https:\\\/\\\/www.eptisa.com\\\/ro\\\/#website\",\"url\":\"https:\\\/\\\/www.eptisa.com\\\/ro\\\/\",\"name\":\"Eptisa\",\"description\":\"Empresa Multinacional de Ingenier\u00eda\",\"publisher\":{\"@id\":\"https:\\\/\\\/www.eptisa.com\\\/ro\\\/#organization\"},\"potentialAction\":[{\"@type\":\"SearchAction\",\"target\":{\"@type\":\"EntryPoint\",\"urlTemplate\":\"https:\\\/\\\/www.eptisa.com\\\/ro\\\/?s={search_term_string}\"},\"query-input\":{\"@type\":\"PropertyValueSpecification\",\"valueRequired\":true,\"valueName\":\"search_term_string\"}}],\"inLanguage\":\"ro-RO\"},{\"@type\":\"Organization\",\"@id\":\"https:\\\/\\\/www.eptisa.com\\\/ro\\\/#organization\",\"name\":\"Eptisa\",\"url\":\"https:\\\/\\\/www.eptisa.com\\\/ro\\\/\",\"logo\":{\"@type\":\"ImageObject\",\"inLanguage\":\"ro-RO\",\"@id\":\"https:\\\/\\\/www.eptisa.com\\\/ro\\\/#\\\/schema\\\/logo\\\/image\\\/\",\"url\":\"https:\\\/\\\/www.eptisa.com\\\/wp-content\\\/uploads\\\/2025\\\/06\\\/7265704d3382618649eba7d99541ab81042c2245-scaled.png\",\"contentUrl\":\"https:\\\/\\\/www.eptisa.com\\\/wp-content\\\/uploads\\\/2025\\\/06\\\/7265704d3382618649eba7d99541ab81042c2245-scaled.png\",\"width\":2560,\"height\":1067,\"caption\":\"Eptisa\"},\"image\":{\"@id\":\"https:\\\/\\\/www.eptisa.com\\\/ro\\\/#\\\/schema\\\/logo\\\/image\\\/\"}},{\"@type\":\"Person\",\"@id\":\"https:\\\/\\\/www.eptisa.com\\\/ro\\\/#\\\/schema\\\/person\\\/7cf1f5d49be86d6748acfa485b6872d8\",\"name\":\"Margarita Marticorena\",\"url\":\"https:\\\/\\\/www.eptisa.com\\\/ro\\\/author\\\/marga\\\/\"}]}<\/script>\n<!-- \/ Yoast SEO plugin. -->","yoast_head_json":{"title":"Ceremonia de premiere a Galei Fundaci\u00f3n Caminos","robots":{"index":"index","follow":"follow","max-snippet":"max-snippet:-1","max-image-preview":"max-image-preview:large","max-video-preview":"max-video-preview:-1"},"canonical":"https:\/\/www.eptisa.com\/ro\/ceremonia-de-premiere-a-galei-fundacion-caminos\/","og_locale":"ro_RO","og_type":"article","og_title":"Ceremonia de premiere a Galei Fundaci\u00f3n Caminos","og_description":"Ieri, Gala Premiilor Fundaci\u00f3n Caminos a avut loc la Teatro Real. Mauricio G\u00f3mez Villarino, administrator al Funda\u021biei \u0219i CEO al Eptisa, a avut privilegiul de a prezenta unul dintre cele mai frumoase premii, Premiul Rafael Izquierdo pentru solidaritate, care a fost acordat FUNDA\u021aIEI ROTARY Aniceto Zaragoza \u0219i Prietenilor din Nyumbani Amor Sola pentru proiectul &#8222;construirea [&hellip;]","og_url":"https:\/\/www.eptisa.com\/ro\/ceremonia-de-premiere-a-galei-fundacion-caminos\/","og_site_name":"Eptisa","article_published_time":"2024-05-23T04:30:14+00:00","og_image":[{"width":1920,"height":1280,"url":"https:\/\/www.eptisa.com\/wp-content\/uploads\/2025\/09\/M4A3893-scaled-1.jpg","type":"image\/jpeg"}],"author":"Margarita Marticorena","twitter_card":"summary_large_image","twitter_misc":{"Scris de":"Margarita Marticorena","Timp estimat pentru citire":"1 minut"},"schema":{"@context":"https:\/\/schema.org","@graph":[{"@type":"Article","@id":"https:\/\/www.eptisa.com\/ro\/ceremonia-de-premiere-a-galei-fundacion-caminos\/#article","isPartOf":{"@id":"https:\/\/www.eptisa.com\/ro\/ceremonia-de-premiere-a-galei-fundacion-caminos\/"},"author":{"name":"Margarita Marticorena","@id":"https:\/\/www.eptisa.com\/ro\/#\/schema\/person\/7cf1f5d49be86d6748acfa485b6872d8"},"headline":"Ceremonia de premiere a Galei Fundaci\u00f3n Caminos","datePublished":"2024-05-23T04:30:14+00:00","mainEntityOfPage":{"@id":"https:\/\/www.eptisa.com\/ro\/ceremonia-de-premiere-a-galei-fundacion-caminos\/"},"wordCount":269,"publisher":{"@id":"https:\/\/www.eptisa.com\/ro\/#organization"},"image":{"@id":"https:\/\/www.eptisa.com\/ro\/ceremonia-de-premiere-a-galei-fundacion-caminos\/#primaryimage"},"thumbnailUrl":"https:\/\/www.eptisa.com\/wp-content\/uploads\/2025\/09\/M4A3893-scaled-1.jpg","keywords":["Eveniment","Inginerie civil\u0103","Ingineri"],"articleSection":["Eveniment|Inginerie civil\u0103"],"inLanguage":"ro-RO"},{"@type":"WebPage","@id":"https:\/\/www.eptisa.com\/ro\/ceremonia-de-premiere-a-galei-fundacion-caminos\/","url":"https:\/\/www.eptisa.com\/ro\/ceremonia-de-premiere-a-galei-fundacion-caminos\/","name":"Ceremonia de premiere a Galei Fundaci\u00f3n Caminos","isPartOf":{"@id":"https:\/\/www.eptisa.com\/ro\/#website"},"primaryImageOfPage":{"@id":"https:\/\/www.eptisa.com\/ro\/ceremonia-de-premiere-a-galei-fundacion-caminos\/#primaryimage"},"image":{"@id":"https:\/\/www.eptisa.com\/ro\/ceremonia-de-premiere-a-galei-fundacion-caminos\/#primaryimage"},"thumbnailUrl":"https:\/\/www.eptisa.com\/wp-content\/uploads\/2025\/09\/M4A3893-scaled-1.jpg","datePublished":"2024-05-23T04:30:14+00:00","breadcrumb":{"@id":"https:\/\/www.eptisa.com\/ro\/ceremonia-de-premiere-a-galei-fundacion-caminos\/#breadcrumb"},"inLanguage":"ro-RO","potentialAction":[{"@type":"ReadAction","target":["https:\/\/www.eptisa.com\/ro\/ceremonia-de-premiere-a-galei-fundacion-caminos\/"]}]},{"@type":"ImageObject","inLanguage":"ro-RO","@id":"https:\/\/www.eptisa.com\/ro\/ceremonia-de-premiere-a-galei-fundacion-caminos\/#primaryimage","url":"https:\/\/www.eptisa.com\/wp-content\/uploads\/2025\/09\/M4A3893-scaled-1.jpg","contentUrl":"https:\/\/www.eptisa.com\/wp-content\/uploads\/2025\/09\/M4A3893-scaled-1.jpg","width":1920,"height":1280},{"@type":"BreadcrumbList","@id":"https:\/\/www.eptisa.com\/ro\/ceremonia-de-premiere-a-galei-fundacion-caminos\/#breadcrumb","itemListElement":[{"@type":"ListItem","position":1,"name":"Home","item":"https:\/\/www.eptisa.com\/ro\/"},{"@type":"ListItem","position":2,"name":"Ceremonia de premiere a Galei Fundaci\u00f3n Caminos"}]},{"@type":"WebSite","@id":"https:\/\/www.eptisa.com\/ro\/#website","url":"https:\/\/www.eptisa.com\/ro\/","name":"Eptisa","description":"Empresa Multinacional de Ingenier\u00eda","publisher":{"@id":"https:\/\/www.eptisa.com\/ro\/#organization"},"potentialAction":[{"@type":"SearchAction","target":{"@type":"EntryPoint","urlTemplate":"https:\/\/www.eptisa.com\/ro\/?s={search_term_string}"},"query-input":{"@type":"PropertyValueSpecification","valueRequired":true,"valueName":"search_term_string"}}],"inLanguage":"ro-RO"},{"@type":"Organization","@id":"https:\/\/www.eptisa.com\/ro\/#organization","name":"Eptisa","url":"https:\/\/www.eptisa.com\/ro\/","logo":{"@type":"ImageObject","inLanguage":"ro-RO","@id":"https:\/\/www.eptisa.com\/ro\/#\/schema\/logo\/image\/","url":"https:\/\/www.eptisa.com\/wp-content\/uploads\/2025\/06\/7265704d3382618649eba7d99541ab81042c2245-scaled.png","contentUrl":"https:\/\/www.eptisa.com\/wp-content\/uploads\/2025\/06\/7265704d3382618649eba7d99541ab81042c2245-scaled.png","width":2560,"height":1067,"caption":"Eptisa"},"image":{"@id":"https:\/\/www.eptisa.com\/ro\/#\/schema\/logo\/image\/"}},{"@type":"Person","@id":"https:\/\/www.eptisa.com\/ro\/#\/schema\/person\/7cf1f5d49be86d6748acfa485b6872d8","name":"Margarita Marticorena","url":"https:\/\/www.eptisa.com\/ro\/author\/marga\/"}]}},"_links":{"self":[{"href":"https:\/\/www.eptisa.com\/ro\/wp-json\/wp\/v2\/posts\/3588","targetHints":{"allow":["GET"]}}],"collection":[{"href":"https:\/\/www.eptisa.com\/ro\/wp-json\/wp\/v2\/posts"}],"about":[{"href":"https:\/\/www.eptisa.com\/ro\/wp-json\/wp\/v2\/types\/post"}],"author":[{"embeddable":true,"href":"https:\/\/www.eptisa.com\/ro\/wp-json\/wp\/v2\/users\/10"}],"replies":[{"embeddable":true,"href":"https:\/\/www.eptisa.com\/ro\/wp-json\/wp\/v2\/comments?post=3588"}],"version-history":[{"count":0,"href":"https:\/\/www.eptisa.com\/ro\/wp-json\/wp\/v2\/posts\/3588\/revisions"}],"wp:featuredmedia":[{"embeddable":true,"href":"https:\/\/www.eptisa.com\/ro\/wp-json\/wp\/v2\/media\/1776"}],"wp:attachment":[{"href":"https:\/\/www.eptisa.com\/ro\/wp-json\/wp\/v2\/media?parent=3588"}],"wp:term":[{"taxonomy":"category","embeddable":true,"href":"https:\/\/www.eptisa.com\/ro\/wp-json\/wp\/v2\/categories?post=3588"},{"taxonomy":"post_tag","embeddable":true,"href":"https:\/\/www.eptisa.com\/ro\/wp-json\/wp\/v2\/tags?post=3588"}],"curies":[{"name":"wp","href":"https:\/\/api.w.org\/{rel}","templated":true}]}}