{"id":3591,"date":"2024-05-23T09:34:24","date_gmt":"2024-05-23T07:34:24","guid":{"rendered":"https:\/\/eptisa.com\/eptisa-primeste-o-delegatie-guvernamentala-din-republica-uzbekistan\/"},"modified":"2024-05-23T09:34:24","modified_gmt":"2024-05-23T07:34:24","slug":"eptisa-primeste-o-delegatie-guvernamentala-din-republica-uzbekistan","status":"publish","type":"post","link":"https:\/\/www.eptisa.com\/ro\/eptisa-primeste-o-delegatie-guvernamentala-din-republica-uzbekistan\/","title":{"rendered":"Eptisa prime\u0219te o delega\u021bie guvernamental\u0103 din Republica Uzbekistan"},"content":{"rendered":"<p><img fetchpriority=\"high\" decoding=\"async\" class=\" wp-image-14634 alignleft\" src=\"https:\/\/eptisa.com\/wp-content\/uploads\/2025\/09\/Foto-2-300x225.jpg\" alt=\"\" width=\"261\" height=\"196\">Eptisa a avut pl\u0103cerea de a-l primi la sediul s\u0103u pe dl Jumaniyazoc Munsurbek, \u0219eful Secretariatului pentru Transporturi, Comunica\u021bii, Construc\u021bii \u0219i Locuin\u021be \u0219i Servicii Comunale al Cabinetului de Mini\u0219tri al Republicii Uzbekistan \u0219i o parte din echipa sa, iar \u00eentre cele dou\u0103 echipe a avut loc o \u00eent\u00e2lnire de lucru. <\/p>\n<p>Scopul acestei vizite a fost, pe de o parte, de a afla mai multe despre sectoarele, activit\u0103\u021bile \u0219i proiectele Eptisa \u0219i, mai precis, despre cele legate de transport \u0219i mobilitate, at\u00e2t \u00een zon\u0103, c\u00e2t \u0219i \u00een orice parte a lumii \u0219i, pe de alt\u0103 parte, delega\u021bia uzbec\u0103 \u0219i-a exprimat interesul pentru o posibil\u0103 colaborare cu Eptisa \u00een cadrul unor noi proiecte.<\/p>\n","protected":false},"excerpt":{"rendered":"<p>Eptisa a avut pl\u0103cerea de a-l primi la sediul s\u0103u pe dl Jumaniyazoc Munsurbek, \u0219eful Secretariatului pentru Transporturi, Comunica\u021bii, Construc\u021bii \u0219i Locuin\u021be \u0219i Servicii Comunale al Cabinetului de Mini\u0219tri al Republicii Uzbekistan \u0219i o parte din echipa sa, iar \u00eentre cele dou\u0103 echipe a avut loc o \u00eent\u00e2lnire de lucru. Scopul acestei vizite a fost, [&hellip;]<\/p>\n","protected":false},"author":10,"featured_media":1743,"comment_status":"closed","ping_status":"open","sticky":false,"template":"","format":"standard","meta":{"_acf_changed":false,"footnotes":""},"categories":[646,949],"tags":[950,951],"class_list":["post-3591","post","type-post","status-publish","format-standard","has-post-thumbnail","hentry","category-transport-inginerie-civila-3","category-transport","tag-uzbekistan","tag-vizita"],"acf":[],"yoast_head":"<!-- This site is optimized with the Yoast SEO plugin v27.4 - https:\/\/yoast.com\/product\/yoast-seo-wordpress\/ -->\n<title>Eptisa prime\u0219te o delega\u021bie guvernamental\u0103 din Republica Uzbekistan<\/title>\n<meta name=\"robots\" content=\"index, follow, max-snippet:-1, max-image-preview:large, max-video-preview:-1\" \/>\n<link rel=\"canonical\" href=\"https:\/\/www.eptisa.com\/ro\/eptisa-primeste-o-delegatie-guvernamentala-din-republica-uzbekistan\/\" \/>\n<meta property=\"og:locale\" content=\"ro_RO\" \/>\n<meta property=\"og:type\" content=\"article\" \/>\n<meta property=\"og:title\" content=\"Eptisa prime\u0219te o delega\u021bie guvernamental\u0103 din Republica Uzbekistan\" \/>\n<meta property=\"og:description\" content=\"Eptisa a avut pl\u0103cerea de a-l primi la sediul s\u0103u pe dl Jumaniyazoc Munsurbek, \u0219eful Secretariatului pentru Transporturi, Comunica\u021bii, Construc\u021bii \u0219i Locuin\u021be \u0219i Servicii Comunale al Cabinetului de Mini\u0219tri al Republicii Uzbekistan \u0219i o parte din echipa sa, iar \u00eentre cele dou\u0103 echipe a avut loc o \u00eent\u00e2lnire de lucru. Scopul acestei vizite a fost, [&hellip;]\" \/>\n<meta property=\"og:url\" content=\"https:\/\/www.eptisa.com\/ro\/eptisa-primeste-o-delegatie-guvernamentala-din-republica-uzbekistan\/\" \/>\n<meta property=\"og:site_name\" content=\"Eptisa\" \/>\n<meta property=\"article:published_time\" content=\"2024-05-23T07:34:24+00:00\" \/>\n<meta property=\"og:image\" content=\"https:\/\/www.eptisa.com\/wp-content\/uploads\/2025\/09\/Foto-1-1-scaled-1.jpg\" \/>\n\t<meta property=\"og:image:width\" content=\"1920\" \/>\n\t<meta property=\"og:image:height\" content=\"1133\" \/>\n\t<meta property=\"og:image:type\" content=\"image\/jpeg\" \/>\n<meta name=\"author\" content=\"Margarita Marticorena\" \/>\n<meta name=\"twitter:card\" content=\"summary_large_image\" \/>\n<meta name=\"twitter:label1\" content=\"Scris de\" \/>\n\t<meta name=\"twitter:data1\" content=\"Margarita Marticorena\" \/>\n\t<meta name=\"twitter:label2\" content=\"Timp estimat pentru citire\" \/>\n\t<meta name=\"twitter:data2\" content=\"1 minut\" \/>\n<script type=\"application\/ld+json\" class=\"yoast-schema-graph\">{\"@context\":\"https:\\\/\\\/schema.org\",\"@graph\":[{\"@type\":\"Article\",\"@id\":\"https:\\\/\\\/www.eptisa.com\\\/ro\\\/eptisa-primeste-o-delegatie-guvernamentala-din-republica-uzbekistan\\\/#article\",\"isPartOf\":{\"@id\":\"https:\\\/\\\/www.eptisa.com\\\/ro\\\/eptisa-primeste-o-delegatie-guvernamentala-din-republica-uzbekistan\\\/\"},\"author\":{\"name\":\"Margarita Marticorena\",\"@id\":\"https:\\\/\\\/www.eptisa.com\\\/ro\\\/#\\\/schema\\\/person\\\/7cf1f5d49be86d6748acfa485b6872d8\"},\"headline\":\"Eptisa prime\u0219te o delega\u021bie guvernamental\u0103 din Republica Uzbekistan\",\"datePublished\":\"2024-05-23T07:34:24+00:00\",\"mainEntityOfPage\":{\"@id\":\"https:\\\/\\\/www.eptisa.com\\\/ro\\\/eptisa-primeste-o-delegatie-guvernamentala-din-republica-uzbekistan\\\/\"},\"wordCount\":132,\"publisher\":{\"@id\":\"https:\\\/\\\/www.eptisa.com\\\/ro\\\/#organization\"},\"image\":{\"@id\":\"https:\\\/\\\/www.eptisa.com\\\/ro\\\/eptisa-primeste-o-delegatie-guvernamentala-din-republica-uzbekistan\\\/#primaryimage\"},\"thumbnailUrl\":\"https:\\\/\\\/www.eptisa.com\\\/wp-content\\\/uploads\\\/2025\\\/09\\\/Foto-1-1-scaled-1.jpg\",\"keywords\":[\"Uzbekistan\",\"Vizit\u0103\"],\"articleSection\":[\"Transport\",\"Transport\"],\"inLanguage\":\"ro-RO\"},{\"@type\":\"WebPage\",\"@id\":\"https:\\\/\\\/www.eptisa.com\\\/ro\\\/eptisa-primeste-o-delegatie-guvernamentala-din-republica-uzbekistan\\\/\",\"url\":\"https:\\\/\\\/www.eptisa.com\\\/ro\\\/eptisa-primeste-o-delegatie-guvernamentala-din-republica-uzbekistan\\\/\",\"name\":\"Eptisa prime\u0219te o delega\u021bie guvernamental\u0103 din Republica Uzbekistan\",\"isPartOf\":{\"@id\":\"https:\\\/\\\/www.eptisa.com\\\/ro\\\/#website\"},\"primaryImageOfPage\":{\"@id\":\"https:\\\/\\\/www.eptisa.com\\\/ro\\\/eptisa-primeste-o-delegatie-guvernamentala-din-republica-uzbekistan\\\/#primaryimage\"},\"image\":{\"@id\":\"https:\\\/\\\/www.eptisa.com\\\/ro\\\/eptisa-primeste-o-delegatie-guvernamentala-din-republica-uzbekistan\\\/#primaryimage\"},\"thumbnailUrl\":\"https:\\\/\\\/www.eptisa.com\\\/wp-content\\\/uploads\\\/2025\\\/09\\\/Foto-1-1-scaled-1.jpg\",\"datePublished\":\"2024-05-23T07:34:24+00:00\",\"breadcrumb\":{\"@id\":\"https:\\\/\\\/www.eptisa.com\\\/ro\\\/eptisa-primeste-o-delegatie-guvernamentala-din-republica-uzbekistan\\\/#breadcrumb\"},\"inLanguage\":\"ro-RO\",\"potentialAction\":[{\"@type\":\"ReadAction\",\"target\":[\"https:\\\/\\\/www.eptisa.com\\\/ro\\\/eptisa-primeste-o-delegatie-guvernamentala-din-republica-uzbekistan\\\/\"]}]},{\"@type\":\"ImageObject\",\"inLanguage\":\"ro-RO\",\"@id\":\"https:\\\/\\\/www.eptisa.com\\\/ro\\\/eptisa-primeste-o-delegatie-guvernamentala-din-republica-uzbekistan\\\/#primaryimage\",\"url\":\"https:\\\/\\\/www.eptisa.com\\\/wp-content\\\/uploads\\\/2025\\\/09\\\/Foto-1-1-scaled-1.jpg\",\"contentUrl\":\"https:\\\/\\\/www.eptisa.com\\\/wp-content\\\/uploads\\\/2025\\\/09\\\/Foto-1-1-scaled-1.jpg\",\"width\":1920,\"height\":1133},{\"@type\":\"BreadcrumbList\",\"@id\":\"https:\\\/\\\/www.eptisa.com\\\/ro\\\/eptisa-primeste-o-delegatie-guvernamentala-din-republica-uzbekistan\\\/#breadcrumb\",\"itemListElement\":[{\"@type\":\"ListItem\",\"position\":1,\"name\":\"Home\",\"item\":\"https:\\\/\\\/www.eptisa.com\\\/ro\\\/\"},{\"@type\":\"ListItem\",\"position\":2,\"name\":\"Eptisa prime\u0219te o delega\u021bie guvernamental\u0103 din Republica Uzbekistan\"}]},{\"@type\":\"WebSite\",\"@id\":\"https:\\\/\\\/www.eptisa.com\\\/ro\\\/#website\",\"url\":\"https:\\\/\\\/www.eptisa.com\\\/ro\\\/\",\"name\":\"Eptisa\",\"description\":\"Empresa Multinacional de Ingenier\u00eda\",\"publisher\":{\"@id\":\"https:\\\/\\\/www.eptisa.com\\\/ro\\\/#organization\"},\"potentialAction\":[{\"@type\":\"SearchAction\",\"target\":{\"@type\":\"EntryPoint\",\"urlTemplate\":\"https:\\\/\\\/www.eptisa.com\\\/ro\\\/?s={search_term_string}\"},\"query-input\":{\"@type\":\"PropertyValueSpecification\",\"valueRequired\":true,\"valueName\":\"search_term_string\"}}],\"inLanguage\":\"ro-RO\"},{\"@type\":\"Organization\",\"@id\":\"https:\\\/\\\/www.eptisa.com\\\/ro\\\/#organization\",\"name\":\"Eptisa\",\"url\":\"https:\\\/\\\/www.eptisa.com\\\/ro\\\/\",\"logo\":{\"@type\":\"ImageObject\",\"inLanguage\":\"ro-RO\",\"@id\":\"https:\\\/\\\/www.eptisa.com\\\/ro\\\/#\\\/schema\\\/logo\\\/image\\\/\",\"url\":\"https:\\\/\\\/www.eptisa.com\\\/wp-content\\\/uploads\\\/2025\\\/06\\\/7265704d3382618649eba7d99541ab81042c2245-scaled.png\",\"contentUrl\":\"https:\\\/\\\/www.eptisa.com\\\/wp-content\\\/uploads\\\/2025\\\/06\\\/7265704d3382618649eba7d99541ab81042c2245-scaled.png\",\"width\":2560,\"height\":1067,\"caption\":\"Eptisa\"},\"image\":{\"@id\":\"https:\\\/\\\/www.eptisa.com\\\/ro\\\/#\\\/schema\\\/logo\\\/image\\\/\"}},{\"@type\":\"Person\",\"@id\":\"https:\\\/\\\/www.eptisa.com\\\/ro\\\/#\\\/schema\\\/person\\\/7cf1f5d49be86d6748acfa485b6872d8\",\"name\":\"Margarita Marticorena\",\"url\":\"https:\\\/\\\/www.eptisa.com\\\/ro\\\/author\\\/marga\\\/\"}]}<\/script>\n<!-- \/ Yoast SEO plugin. -->","yoast_head_json":{"title":"Eptisa prime\u0219te o delega\u021bie guvernamental\u0103 din Republica Uzbekistan","robots":{"index":"index","follow":"follow","max-snippet":"max-snippet:-1","max-image-preview":"max-image-preview:large","max-video-preview":"max-video-preview:-1"},"canonical":"https:\/\/www.eptisa.com\/ro\/eptisa-primeste-o-delegatie-guvernamentala-din-republica-uzbekistan\/","og_locale":"ro_RO","og_type":"article","og_title":"Eptisa prime\u0219te o delega\u021bie guvernamental\u0103 din Republica Uzbekistan","og_description":"Eptisa a avut pl\u0103cerea de a-l primi la sediul s\u0103u pe dl Jumaniyazoc Munsurbek, \u0219eful Secretariatului pentru Transporturi, Comunica\u021bii, Construc\u021bii \u0219i Locuin\u021be \u0219i Servicii Comunale al Cabinetului de Mini\u0219tri al Republicii Uzbekistan \u0219i o parte din echipa sa, iar \u00eentre cele dou\u0103 echipe a avut loc o \u00eent\u00e2lnire de lucru. Scopul acestei vizite a fost, [&hellip;]","og_url":"https:\/\/www.eptisa.com\/ro\/eptisa-primeste-o-delegatie-guvernamentala-din-republica-uzbekistan\/","og_site_name":"Eptisa","article_published_time":"2024-05-23T07:34:24+00:00","og_image":[{"width":1920,"height":1133,"url":"https:\/\/www.eptisa.com\/wp-content\/uploads\/2025\/09\/Foto-1-1-scaled-1.jpg","type":"image\/jpeg"}],"author":"Margarita Marticorena","twitter_card":"summary_large_image","twitter_misc":{"Scris de":"Margarita Marticorena","Timp estimat pentru citire":"1 minut"},"schema":{"@context":"https:\/\/schema.org","@graph":[{"@type":"Article","@id":"https:\/\/www.eptisa.com\/ro\/eptisa-primeste-o-delegatie-guvernamentala-din-republica-uzbekistan\/#article","isPartOf":{"@id":"https:\/\/www.eptisa.com\/ro\/eptisa-primeste-o-delegatie-guvernamentala-din-republica-uzbekistan\/"},"author":{"name":"Margarita Marticorena","@id":"https:\/\/www.eptisa.com\/ro\/#\/schema\/person\/7cf1f5d49be86d6748acfa485b6872d8"},"headline":"Eptisa prime\u0219te o delega\u021bie guvernamental\u0103 din Republica Uzbekistan","datePublished":"2024-05-23T07:34:24+00:00","mainEntityOfPage":{"@id":"https:\/\/www.eptisa.com\/ro\/eptisa-primeste-o-delegatie-guvernamentala-din-republica-uzbekistan\/"},"wordCount":132,"publisher":{"@id":"https:\/\/www.eptisa.com\/ro\/#organization"},"image":{"@id":"https:\/\/www.eptisa.com\/ro\/eptisa-primeste-o-delegatie-guvernamentala-din-republica-uzbekistan\/#primaryimage"},"thumbnailUrl":"https:\/\/www.eptisa.com\/wp-content\/uploads\/2025\/09\/Foto-1-1-scaled-1.jpg","keywords":["Uzbekistan","Vizit\u0103"],"articleSection":["Transport","Transport"],"inLanguage":"ro-RO"},{"@type":"WebPage","@id":"https:\/\/www.eptisa.com\/ro\/eptisa-primeste-o-delegatie-guvernamentala-din-republica-uzbekistan\/","url":"https:\/\/www.eptisa.com\/ro\/eptisa-primeste-o-delegatie-guvernamentala-din-republica-uzbekistan\/","name":"Eptisa prime\u0219te o delega\u021bie guvernamental\u0103 din Republica Uzbekistan","isPartOf":{"@id":"https:\/\/www.eptisa.com\/ro\/#website"},"primaryImageOfPage":{"@id":"https:\/\/www.eptisa.com\/ro\/eptisa-primeste-o-delegatie-guvernamentala-din-republica-uzbekistan\/#primaryimage"},"image":{"@id":"https:\/\/www.eptisa.com\/ro\/eptisa-primeste-o-delegatie-guvernamentala-din-republica-uzbekistan\/#primaryimage"},"thumbnailUrl":"https:\/\/www.eptisa.com\/wp-content\/uploads\/2025\/09\/Foto-1-1-scaled-1.jpg","datePublished":"2024-05-23T07:34:24+00:00","breadcrumb":{"@id":"https:\/\/www.eptisa.com\/ro\/eptisa-primeste-o-delegatie-guvernamentala-din-republica-uzbekistan\/#breadcrumb"},"inLanguage":"ro-RO","potentialAction":[{"@type":"ReadAction","target":["https:\/\/www.eptisa.com\/ro\/eptisa-primeste-o-delegatie-guvernamentala-din-republica-uzbekistan\/"]}]},{"@type":"ImageObject","inLanguage":"ro-RO","@id":"https:\/\/www.eptisa.com\/ro\/eptisa-primeste-o-delegatie-guvernamentala-din-republica-uzbekistan\/#primaryimage","url":"https:\/\/www.eptisa.com\/wp-content\/uploads\/2025\/09\/Foto-1-1-scaled-1.jpg","contentUrl":"https:\/\/www.eptisa.com\/wp-content\/uploads\/2025\/09\/Foto-1-1-scaled-1.jpg","width":1920,"height":1133},{"@type":"BreadcrumbList","@id":"https:\/\/www.eptisa.com\/ro\/eptisa-primeste-o-delegatie-guvernamentala-din-republica-uzbekistan\/#breadcrumb","itemListElement":[{"@type":"ListItem","position":1,"name":"Home","item":"https:\/\/www.eptisa.com\/ro\/"},{"@type":"ListItem","position":2,"name":"Eptisa prime\u0219te o delega\u021bie guvernamental\u0103 din Republica Uzbekistan"}]},{"@type":"WebSite","@id":"https:\/\/www.eptisa.com\/ro\/#website","url":"https:\/\/www.eptisa.com\/ro\/","name":"Eptisa","description":"Empresa Multinacional de Ingenier\u00eda","publisher":{"@id":"https:\/\/www.eptisa.com\/ro\/#organization"},"potentialAction":[{"@type":"SearchAction","target":{"@type":"EntryPoint","urlTemplate":"https:\/\/www.eptisa.com\/ro\/?s={search_term_string}"},"query-input":{"@type":"PropertyValueSpecification","valueRequired":true,"valueName":"search_term_string"}}],"inLanguage":"ro-RO"},{"@type":"Organization","@id":"https:\/\/www.eptisa.com\/ro\/#organization","name":"Eptisa","url":"https:\/\/www.eptisa.com\/ro\/","logo":{"@type":"ImageObject","inLanguage":"ro-RO","@id":"https:\/\/www.eptisa.com\/ro\/#\/schema\/logo\/image\/","url":"https:\/\/www.eptisa.com\/wp-content\/uploads\/2025\/06\/7265704d3382618649eba7d99541ab81042c2245-scaled.png","contentUrl":"https:\/\/www.eptisa.com\/wp-content\/uploads\/2025\/06\/7265704d3382618649eba7d99541ab81042c2245-scaled.png","width":2560,"height":1067,"caption":"Eptisa"},"image":{"@id":"https:\/\/www.eptisa.com\/ro\/#\/schema\/logo\/image\/"}},{"@type":"Person","@id":"https:\/\/www.eptisa.com\/ro\/#\/schema\/person\/7cf1f5d49be86d6748acfa485b6872d8","name":"Margarita Marticorena","url":"https:\/\/www.eptisa.com\/ro\/author\/marga\/"}]}},"_links":{"self":[{"href":"https:\/\/www.eptisa.com\/ro\/wp-json\/wp\/v2\/posts\/3591","targetHints":{"allow":["GET"]}}],"collection":[{"href":"https:\/\/www.eptisa.com\/ro\/wp-json\/wp\/v2\/posts"}],"about":[{"href":"https:\/\/www.eptisa.com\/ro\/wp-json\/wp\/v2\/types\/post"}],"author":[{"embeddable":true,"href":"https:\/\/www.eptisa.com\/ro\/wp-json\/wp\/v2\/users\/10"}],"replies":[{"embeddable":true,"href":"https:\/\/www.eptisa.com\/ro\/wp-json\/wp\/v2\/comments?post=3591"}],"version-history":[{"count":0,"href":"https:\/\/www.eptisa.com\/ro\/wp-json\/wp\/v2\/posts\/3591\/revisions"}],"wp:featuredmedia":[{"embeddable":true,"href":"https:\/\/www.eptisa.com\/ro\/wp-json\/wp\/v2\/media\/1743"}],"wp:attachment":[{"href":"https:\/\/www.eptisa.com\/ro\/wp-json\/wp\/v2\/media?parent=3591"}],"wp:term":[{"taxonomy":"category","embeddable":true,"href":"https:\/\/www.eptisa.com\/ro\/wp-json\/wp\/v2\/categories?post=3591"},{"taxonomy":"post_tag","embeddable":true,"href":"https:\/\/www.eptisa.com\/ro\/wp-json\/wp\/v2\/tags?post=3591"}],"curies":[{"name":"wp","href":"https:\/\/api.w.org\/{rel}","templated":true}]}}