{"id":3592,"date":"2024-04-02T09:39:25","date_gmt":"2024-04-02T07:39:25","guid":{"rendered":"https:\/\/eptisa.com\/interviu-cu-mauricio-gomez-villarino-si-andreja-todosijevic\/"},"modified":"2024-04-02T09:39:25","modified_gmt":"2024-04-02T07:39:25","slug":"interviu-cu-mauricio-gomez-villarino-si-andreja-todosijevic","status":"publish","type":"post","link":"https:\/\/www.eptisa.com\/ro\/interviu-cu-mauricio-gomez-villarino-si-andreja-todosijevic\/","title":{"rendered":"Interviu cu Mauricio G\u00f3mez Villarino \u0219i Andreja Todosijevic"},"content":{"rendered":"<p><strong>Diplomacy &amp; Commerce<\/strong>, cea mai important\u0103 revist\u0103 de afaceri din Serbia, a realizat un interviu interesant cu <strong>Mauricio G\u00f3mez Villarino<\/strong>, CEO al Eptisa, \u0219i <strong>Andreja Todosijevic<\/strong>, directorul biroului din Belgrad.<\/p>\n<p>Ambii \u0219i-au \u00eemp\u0103rt\u0103\u0219it entuziasmul pentru activitatea de afaceri \u00een plin\u0103 expansiune a acestei importante companii spaniole de inginerie \u00een Serbia.<\/p>\n<p>F\u0103c\u00e2nd clic pe acest link ve\u021bi accesa con\u021binutul integral al revistei, unde este inclus interviul.<\/p>\n<p><a href=\"https:\/\/issuu.com\/dcinfocus\/docs\/93_spain_digital\">https:\/\/issuu.com\/dcinfocus\/docs\/93_spain_digital<\/a><\/p>\n<p><img fetchpriority=\"high\" decoding=\"async\" class=\"wp-image-13999 aligncenter\" src=\"https:\/\/eptisa.com\/wp-content\/uploads\/2025\/09\/Imagen1-300x199.png\" alt=\"\" width=\"418\" height=\"277\"><\/p>\n","protected":false},"excerpt":{"rendered":"<p>Diplomacy &amp; Commerce, cea mai important\u0103 revist\u0103 de afaceri din Serbia, a realizat un interviu interesant cu Mauricio G\u00f3mez Villarino, CEO al Eptisa, \u0219i Andreja Todosijevic, directorul biroului din Belgrad. Ambii \u0219i-au \u00eemp\u0103rt\u0103\u0219it entuziasmul pentru activitatea de afaceri \u00een plin\u0103 expansiune a acestei importante companii spaniole de inginerie \u00een Serbia. F\u0103c\u00e2nd clic pe acest link [&hellip;]<\/p>\n","protected":false},"author":10,"featured_media":1788,"comment_status":"closed","ping_status":"open","sticky":false,"template":"","format":"standard","meta":{"_acf_changed":false,"footnotes":""},"categories":[944],"tags":[952,953,954],"class_list":["post-3592","post","type-post","status-publish","format-standard","has-post-thumbnail","hentry","category-evenimentinginerie-civila","tag-talent","tag-interviu","tag-serbia"],"acf":[],"yoast_head":"<!-- This site is optimized with the Yoast SEO plugin v27.4 - https:\/\/yoast.com\/product\/yoast-seo-wordpress\/ -->\n<title>Interviu cu Mauricio G\u00f3mez Villarino \u0219i Andreja Todosijevic<\/title>\n<meta name=\"robots\" content=\"index, follow, max-snippet:-1, max-image-preview:large, max-video-preview:-1\" \/>\n<link rel=\"canonical\" href=\"https:\/\/www.eptisa.com\/ro\/interviu-cu-mauricio-gomez-villarino-si-andreja-todosijevic\/\" \/>\n<meta property=\"og:locale\" content=\"ro_RO\" \/>\n<meta property=\"og:type\" content=\"article\" \/>\n<meta property=\"og:title\" content=\"Interviu cu Mauricio G\u00f3mez Villarino \u0219i Andreja Todosijevic\" \/>\n<meta property=\"og:description\" content=\"Diplomacy &amp; Commerce, cea mai important\u0103 revist\u0103 de afaceri din Serbia, a realizat un interviu interesant cu Mauricio G\u00f3mez Villarino, CEO al Eptisa, \u0219i Andreja Todosijevic, directorul biroului din Belgrad. Ambii \u0219i-au \u00eemp\u0103rt\u0103\u0219it entuziasmul pentru activitatea de afaceri \u00een plin\u0103 expansiune a acestei importante companii spaniole de inginerie \u00een Serbia. F\u0103c\u00e2nd clic pe acest link [&hellip;]\" \/>\n<meta property=\"og:url\" content=\"https:\/\/www.eptisa.com\/ro\/interviu-cu-mauricio-gomez-villarino-si-andreja-todosijevic\/\" \/>\n<meta property=\"og:site_name\" content=\"Eptisa\" \/>\n<meta property=\"article:published_time\" content=\"2024-04-02T07:39:25+00:00\" \/>\n<meta property=\"og:image\" content=\"https:\/\/www.eptisa.com\/wp-content\/uploads\/2025\/09\/Imagen2.png\" \/>\n\t<meta property=\"og:image:width\" content=\"415\" \/>\n\t<meta property=\"og:image:height\" content=\"530\" \/>\n\t<meta property=\"og:image:type\" content=\"image\/png\" \/>\n<meta name=\"author\" content=\"Margarita Marticorena\" \/>\n<meta name=\"twitter:card\" content=\"summary_large_image\" \/>\n<meta name=\"twitter:label1\" content=\"Scris de\" \/>\n\t<meta name=\"twitter:data1\" content=\"Margarita Marticorena\" \/>\n<script type=\"application\/ld+json\" class=\"yoast-schema-graph\">{\"@context\":\"https:\\\/\\\/schema.org\",\"@graph\":[{\"@type\":\"Article\",\"@id\":\"https:\\\/\\\/www.eptisa.com\\\/ro\\\/interviu-cu-mauricio-gomez-villarino-si-andreja-todosijevic\\\/#article\",\"isPartOf\":{\"@id\":\"https:\\\/\\\/www.eptisa.com\\\/ro\\\/interviu-cu-mauricio-gomez-villarino-si-andreja-todosijevic\\\/\"},\"author\":{\"name\":\"Margarita Marticorena\",\"@id\":\"https:\\\/\\\/www.eptisa.com\\\/ro\\\/#\\\/schema\\\/person\\\/7cf1f5d49be86d6748acfa485b6872d8\"},\"headline\":\"Interviu cu Mauricio G\u00f3mez Villarino \u0219i Andreja Todosijevic\",\"datePublished\":\"2024-04-02T07:39:25+00:00\",\"mainEntityOfPage\":{\"@id\":\"https:\\\/\\\/www.eptisa.com\\\/ro\\\/interviu-cu-mauricio-gomez-villarino-si-andreja-todosijevic\\\/\"},\"wordCount\":88,\"publisher\":{\"@id\":\"https:\\\/\\\/www.eptisa.com\\\/ro\\\/#organization\"},\"image\":{\"@id\":\"https:\\\/\\\/www.eptisa.com\\\/ro\\\/interviu-cu-mauricio-gomez-villarino-si-andreja-todosijevic\\\/#primaryimage\"},\"thumbnailUrl\":\"https:\\\/\\\/www.eptisa.com\\\/wp-content\\\/uploads\\\/2025\\\/09\\\/Imagen2.png\",\"keywords\":[\"Talent\",\"interviu\",\"Serbia\"],\"articleSection\":[\"Eveniment|Inginerie civil\u0103\"],\"inLanguage\":\"ro-RO\"},{\"@type\":\"WebPage\",\"@id\":\"https:\\\/\\\/www.eptisa.com\\\/ro\\\/interviu-cu-mauricio-gomez-villarino-si-andreja-todosijevic\\\/\",\"url\":\"https:\\\/\\\/www.eptisa.com\\\/ro\\\/interviu-cu-mauricio-gomez-villarino-si-andreja-todosijevic\\\/\",\"name\":\"Interviu cu Mauricio G\u00f3mez Villarino \u0219i Andreja Todosijevic\",\"isPartOf\":{\"@id\":\"https:\\\/\\\/www.eptisa.com\\\/ro\\\/#website\"},\"primaryImageOfPage\":{\"@id\":\"https:\\\/\\\/www.eptisa.com\\\/ro\\\/interviu-cu-mauricio-gomez-villarino-si-andreja-todosijevic\\\/#primaryimage\"},\"image\":{\"@id\":\"https:\\\/\\\/www.eptisa.com\\\/ro\\\/interviu-cu-mauricio-gomez-villarino-si-andreja-todosijevic\\\/#primaryimage\"},\"thumbnailUrl\":\"https:\\\/\\\/www.eptisa.com\\\/wp-content\\\/uploads\\\/2025\\\/09\\\/Imagen2.png\",\"datePublished\":\"2024-04-02T07:39:25+00:00\",\"breadcrumb\":{\"@id\":\"https:\\\/\\\/www.eptisa.com\\\/ro\\\/interviu-cu-mauricio-gomez-villarino-si-andreja-todosijevic\\\/#breadcrumb\"},\"inLanguage\":\"ro-RO\",\"potentialAction\":[{\"@type\":\"ReadAction\",\"target\":[\"https:\\\/\\\/www.eptisa.com\\\/ro\\\/interviu-cu-mauricio-gomez-villarino-si-andreja-todosijevic\\\/\"]}]},{\"@type\":\"ImageObject\",\"inLanguage\":\"ro-RO\",\"@id\":\"https:\\\/\\\/www.eptisa.com\\\/ro\\\/interviu-cu-mauricio-gomez-villarino-si-andreja-todosijevic\\\/#primaryimage\",\"url\":\"https:\\\/\\\/www.eptisa.com\\\/wp-content\\\/uploads\\\/2025\\\/09\\\/Imagen2.png\",\"contentUrl\":\"https:\\\/\\\/www.eptisa.com\\\/wp-content\\\/uploads\\\/2025\\\/09\\\/Imagen2.png\",\"width\":415,\"height\":530},{\"@type\":\"BreadcrumbList\",\"@id\":\"https:\\\/\\\/www.eptisa.com\\\/ro\\\/interviu-cu-mauricio-gomez-villarino-si-andreja-todosijevic\\\/#breadcrumb\",\"itemListElement\":[{\"@type\":\"ListItem\",\"position\":1,\"name\":\"Home\",\"item\":\"https:\\\/\\\/www.eptisa.com\\\/ro\\\/\"},{\"@type\":\"ListItem\",\"position\":2,\"name\":\"Interviu cu Mauricio G\u00f3mez Villarino \u0219i Andreja Todosijevic\"}]},{\"@type\":\"WebSite\",\"@id\":\"https:\\\/\\\/www.eptisa.com\\\/ro\\\/#website\",\"url\":\"https:\\\/\\\/www.eptisa.com\\\/ro\\\/\",\"name\":\"Eptisa\",\"description\":\"Empresa Multinacional de Ingenier\u00eda\",\"publisher\":{\"@id\":\"https:\\\/\\\/www.eptisa.com\\\/ro\\\/#organization\"},\"potentialAction\":[{\"@type\":\"SearchAction\",\"target\":{\"@type\":\"EntryPoint\",\"urlTemplate\":\"https:\\\/\\\/www.eptisa.com\\\/ro\\\/?s={search_term_string}\"},\"query-input\":{\"@type\":\"PropertyValueSpecification\",\"valueRequired\":true,\"valueName\":\"search_term_string\"}}],\"inLanguage\":\"ro-RO\"},{\"@type\":\"Organization\",\"@id\":\"https:\\\/\\\/www.eptisa.com\\\/ro\\\/#organization\",\"name\":\"Eptisa\",\"url\":\"https:\\\/\\\/www.eptisa.com\\\/ro\\\/\",\"logo\":{\"@type\":\"ImageObject\",\"inLanguage\":\"ro-RO\",\"@id\":\"https:\\\/\\\/www.eptisa.com\\\/ro\\\/#\\\/schema\\\/logo\\\/image\\\/\",\"url\":\"https:\\\/\\\/www.eptisa.com\\\/wp-content\\\/uploads\\\/2025\\\/06\\\/7265704d3382618649eba7d99541ab81042c2245-scaled.png\",\"contentUrl\":\"https:\\\/\\\/www.eptisa.com\\\/wp-content\\\/uploads\\\/2025\\\/06\\\/7265704d3382618649eba7d99541ab81042c2245-scaled.png\",\"width\":2560,\"height\":1067,\"caption\":\"Eptisa\"},\"image\":{\"@id\":\"https:\\\/\\\/www.eptisa.com\\\/ro\\\/#\\\/schema\\\/logo\\\/image\\\/\"}},{\"@type\":\"Person\",\"@id\":\"https:\\\/\\\/www.eptisa.com\\\/ro\\\/#\\\/schema\\\/person\\\/7cf1f5d49be86d6748acfa485b6872d8\",\"name\":\"Margarita Marticorena\",\"url\":\"https:\\\/\\\/www.eptisa.com\\\/ro\\\/author\\\/marga\\\/\"}]}<\/script>\n<!-- \/ Yoast SEO plugin. -->","yoast_head_json":{"title":"Interviu cu Mauricio G\u00f3mez Villarino \u0219i Andreja Todosijevic","robots":{"index":"index","follow":"follow","max-snippet":"max-snippet:-1","max-image-preview":"max-image-preview:large","max-video-preview":"max-video-preview:-1"},"canonical":"https:\/\/www.eptisa.com\/ro\/interviu-cu-mauricio-gomez-villarino-si-andreja-todosijevic\/","og_locale":"ro_RO","og_type":"article","og_title":"Interviu cu Mauricio G\u00f3mez Villarino \u0219i Andreja Todosijevic","og_description":"Diplomacy &amp; Commerce, cea mai important\u0103 revist\u0103 de afaceri din Serbia, a realizat un interviu interesant cu Mauricio G\u00f3mez Villarino, CEO al Eptisa, \u0219i Andreja Todosijevic, directorul biroului din Belgrad. Ambii \u0219i-au \u00eemp\u0103rt\u0103\u0219it entuziasmul pentru activitatea de afaceri \u00een plin\u0103 expansiune a acestei importante companii spaniole de inginerie \u00een Serbia. F\u0103c\u00e2nd clic pe acest link [&hellip;]","og_url":"https:\/\/www.eptisa.com\/ro\/interviu-cu-mauricio-gomez-villarino-si-andreja-todosijevic\/","og_site_name":"Eptisa","article_published_time":"2024-04-02T07:39:25+00:00","og_image":[{"width":415,"height":530,"url":"https:\/\/www.eptisa.com\/wp-content\/uploads\/2025\/09\/Imagen2.png","type":"image\/png"}],"author":"Margarita Marticorena","twitter_card":"summary_large_image","twitter_misc":{"Scris de":"Margarita Marticorena"},"schema":{"@context":"https:\/\/schema.org","@graph":[{"@type":"Article","@id":"https:\/\/www.eptisa.com\/ro\/interviu-cu-mauricio-gomez-villarino-si-andreja-todosijevic\/#article","isPartOf":{"@id":"https:\/\/www.eptisa.com\/ro\/interviu-cu-mauricio-gomez-villarino-si-andreja-todosijevic\/"},"author":{"name":"Margarita Marticorena","@id":"https:\/\/www.eptisa.com\/ro\/#\/schema\/person\/7cf1f5d49be86d6748acfa485b6872d8"},"headline":"Interviu cu Mauricio G\u00f3mez Villarino \u0219i Andreja Todosijevic","datePublished":"2024-04-02T07:39:25+00:00","mainEntityOfPage":{"@id":"https:\/\/www.eptisa.com\/ro\/interviu-cu-mauricio-gomez-villarino-si-andreja-todosijevic\/"},"wordCount":88,"publisher":{"@id":"https:\/\/www.eptisa.com\/ro\/#organization"},"image":{"@id":"https:\/\/www.eptisa.com\/ro\/interviu-cu-mauricio-gomez-villarino-si-andreja-todosijevic\/#primaryimage"},"thumbnailUrl":"https:\/\/www.eptisa.com\/wp-content\/uploads\/2025\/09\/Imagen2.png","keywords":["Talent","interviu","Serbia"],"articleSection":["Eveniment|Inginerie civil\u0103"],"inLanguage":"ro-RO"},{"@type":"WebPage","@id":"https:\/\/www.eptisa.com\/ro\/interviu-cu-mauricio-gomez-villarino-si-andreja-todosijevic\/","url":"https:\/\/www.eptisa.com\/ro\/interviu-cu-mauricio-gomez-villarino-si-andreja-todosijevic\/","name":"Interviu cu Mauricio G\u00f3mez Villarino \u0219i Andreja Todosijevic","isPartOf":{"@id":"https:\/\/www.eptisa.com\/ro\/#website"},"primaryImageOfPage":{"@id":"https:\/\/www.eptisa.com\/ro\/interviu-cu-mauricio-gomez-villarino-si-andreja-todosijevic\/#primaryimage"},"image":{"@id":"https:\/\/www.eptisa.com\/ro\/interviu-cu-mauricio-gomez-villarino-si-andreja-todosijevic\/#primaryimage"},"thumbnailUrl":"https:\/\/www.eptisa.com\/wp-content\/uploads\/2025\/09\/Imagen2.png","datePublished":"2024-04-02T07:39:25+00:00","breadcrumb":{"@id":"https:\/\/www.eptisa.com\/ro\/interviu-cu-mauricio-gomez-villarino-si-andreja-todosijevic\/#breadcrumb"},"inLanguage":"ro-RO","potentialAction":[{"@type":"ReadAction","target":["https:\/\/www.eptisa.com\/ro\/interviu-cu-mauricio-gomez-villarino-si-andreja-todosijevic\/"]}]},{"@type":"ImageObject","inLanguage":"ro-RO","@id":"https:\/\/www.eptisa.com\/ro\/interviu-cu-mauricio-gomez-villarino-si-andreja-todosijevic\/#primaryimage","url":"https:\/\/www.eptisa.com\/wp-content\/uploads\/2025\/09\/Imagen2.png","contentUrl":"https:\/\/www.eptisa.com\/wp-content\/uploads\/2025\/09\/Imagen2.png","width":415,"height":530},{"@type":"BreadcrumbList","@id":"https:\/\/www.eptisa.com\/ro\/interviu-cu-mauricio-gomez-villarino-si-andreja-todosijevic\/#breadcrumb","itemListElement":[{"@type":"ListItem","position":1,"name":"Home","item":"https:\/\/www.eptisa.com\/ro\/"},{"@type":"ListItem","position":2,"name":"Interviu cu Mauricio G\u00f3mez Villarino \u0219i Andreja Todosijevic"}]},{"@type":"WebSite","@id":"https:\/\/www.eptisa.com\/ro\/#website","url":"https:\/\/www.eptisa.com\/ro\/","name":"Eptisa","description":"Empresa Multinacional de Ingenier\u00eda","publisher":{"@id":"https:\/\/www.eptisa.com\/ro\/#organization"},"potentialAction":[{"@type":"SearchAction","target":{"@type":"EntryPoint","urlTemplate":"https:\/\/www.eptisa.com\/ro\/?s={search_term_string}"},"query-input":{"@type":"PropertyValueSpecification","valueRequired":true,"valueName":"search_term_string"}}],"inLanguage":"ro-RO"},{"@type":"Organization","@id":"https:\/\/www.eptisa.com\/ro\/#organization","name":"Eptisa","url":"https:\/\/www.eptisa.com\/ro\/","logo":{"@type":"ImageObject","inLanguage":"ro-RO","@id":"https:\/\/www.eptisa.com\/ro\/#\/schema\/logo\/image\/","url":"https:\/\/www.eptisa.com\/wp-content\/uploads\/2025\/06\/7265704d3382618649eba7d99541ab81042c2245-scaled.png","contentUrl":"https:\/\/www.eptisa.com\/wp-content\/uploads\/2025\/06\/7265704d3382618649eba7d99541ab81042c2245-scaled.png","width":2560,"height":1067,"caption":"Eptisa"},"image":{"@id":"https:\/\/www.eptisa.com\/ro\/#\/schema\/logo\/image\/"}},{"@type":"Person","@id":"https:\/\/www.eptisa.com\/ro\/#\/schema\/person\/7cf1f5d49be86d6748acfa485b6872d8","name":"Margarita Marticorena","url":"https:\/\/www.eptisa.com\/ro\/author\/marga\/"}]}},"_links":{"self":[{"href":"https:\/\/www.eptisa.com\/ro\/wp-json\/wp\/v2\/posts\/3592","targetHints":{"allow":["GET"]}}],"collection":[{"href":"https:\/\/www.eptisa.com\/ro\/wp-json\/wp\/v2\/posts"}],"about":[{"href":"https:\/\/www.eptisa.com\/ro\/wp-json\/wp\/v2\/types\/post"}],"author":[{"embeddable":true,"href":"https:\/\/www.eptisa.com\/ro\/wp-json\/wp\/v2\/users\/10"}],"replies":[{"embeddable":true,"href":"https:\/\/www.eptisa.com\/ro\/wp-json\/wp\/v2\/comments?post=3592"}],"version-history":[{"count":0,"href":"https:\/\/www.eptisa.com\/ro\/wp-json\/wp\/v2\/posts\/3592\/revisions"}],"wp:featuredmedia":[{"embeddable":true,"href":"https:\/\/www.eptisa.com\/ro\/wp-json\/wp\/v2\/media\/1788"}],"wp:attachment":[{"href":"https:\/\/www.eptisa.com\/ro\/wp-json\/wp\/v2\/media?parent=3592"}],"wp:term":[{"taxonomy":"category","embeddable":true,"href":"https:\/\/www.eptisa.com\/ro\/wp-json\/wp\/v2\/categories?post=3592"},{"taxonomy":"post_tag","embeddable":true,"href":"https:\/\/www.eptisa.com\/ro\/wp-json\/wp\/v2\/tags?post=3592"}],"curies":[{"name":"wp","href":"https:\/\/api.w.org\/{rel}","templated":true}]}}