{"id":3594,"date":"2024-04-19T07:21:57","date_gmt":"2024-04-19T05:21:57","guid":{"rendered":"https:\/\/eptisa.com\/eptisa-a-finalizat-cu-succes-proiectul-asistenta-tehnica-pentru-programul-regional-de-locuinte-phr\/"},"modified":"2024-04-19T07:21:57","modified_gmt":"2024-04-19T05:21:57","slug":"eptisa-a-finalizat-cu-succes-proiectul-asistenta-tehnica-pentru-programul-regional-de-locuinte-phr","status":"publish","type":"post","link":"https:\/\/www.eptisa.com\/ro\/eptisa-a-finalizat-cu-succes-proiectul-asistenta-tehnica-pentru-programul-regional-de-locuinte-phr\/","title":{"rendered":"EPTISA a finalizat cu succes proiectul &#8222;Asisten\u021b\u0103 tehnic\u0103 pentru programul regional de locuin\u021be (PHR)&#8221;."},"content":{"rendered":"<p><strong><img fetchpriority=\"high\" decoding=\"async\" class=\"size-medium wp-image-14558 alignleft\" src=\"https:\/\/eptisa.com\/wp-content\/uploads\/2025\/09\/1-300x200.jpg\" alt=\"\" width=\"300\" height=\"200\">O ini\u021biativ\u0103 comun\u0103 a Bosniei \u0219i Her\u021begovinei, Republicii Croa\u021bia, Muntenegrului \u0219i Republicii Serbia.<\/strong><\/p>\n<p>Pe parcursul a 12 ani, aproape 36 000 de persoane vulnerabile au ob\u021binut acces la locuin\u021be decente \u00een cele patru \u021b\u0103ri partenere, ajut\u00e2nd peste 11 300 de familii. Prin adoptarea unei abord\u0103ri bazate pe nevoi, viz\u00e2nd cei mai vulnerabili refugia\u021bi \u0219i persoane str\u0103mutate, programul a oferit asisten\u021b\u0103 concret\u0103 &#8211; sub form\u0103 de locuin\u021be sigure &#8211; celor care aveau cea mai mare nevoie. Valoarea total\u0103 a proiectului de asisten\u021b\u0103 tehnic\u0103 se ridic\u0103 la 23 001 347,95 EUR.  <\/p>\n<p>PHR a fost condus de cele patru \u021b\u0103ri care, pe l\u00e2ng\u0103 cofinan\u021barea proiectelor na\u021bionale de locuin\u021be, au fost responsabile de \u00eentregul ciclu de implementare. \u00cen acest proces, ele au fost sprijinite de trei organiza\u021bii interna\u021bionale: \u00een timp ce Banca de Dezvoltare a Consiliului Europei (CEB) a \u00eenso\u021bit \u021b\u0103rile partenere \u00een punerea \u00een aplicare a proiectelor de locuin\u021be, a coordonat activit\u0103\u021bile PHR, a gestionat fondurile donatorilor \u0219i a asigurat formarea, UNHCR \u0219i OSCE au supravegheat selec\u021bia beneficiarilor \u0219i aspectele legate de durabilitate. <img decoding=\"async\" class=\"size-medium wp-image-14561 alignright\" src=\"https:\/\/eptisa.com\/wp-content\/uploads\/2025\/09\/4-300x200.jpg\" alt=\"\" width=\"300\" height=\"200\"><\/p>\n<p>Aspectele de durabilitate ale programului regional de locuin\u021be cuprind o serie de factori esen\u021biali pentru asigurarea viabilit\u0103\u021bii \u0219i prosperit\u0103\u021bii durabile a solu\u021biilor de locuin\u021be. Acestea includ aspecte precum impactul asupra mediului, integrarea social\u0103, durabilitatea economic\u0103, implicarea comunit\u0103\u021bii \u0219i capacitatea institu\u021biilor locale de a gestiona \u0219i men\u021bine \u00een mod eficient infrastructura \u0219i serviciile furnizate. <\/p>\n<p>Obiectivul general al proiectului a fost acela de a contribui \u00een mod cuprinz\u0103tor la \u00eencetarea situa\u021biei de deplasare prelungit\u0103 \u00een PC prin furnizarea de solu\u021bii durabile \u0219i sustenabile \u00een materie de locuin\u021be, cu respectarea deplin\u0103 a drepturilor refugia\u021bilor \u0219i ale persoanelor str\u0103mutate intern \u0219i a obliga\u021biei reciproce de a coopera \u00eendeaproape \u0219i de a sincroniza activit\u0103\u021bile pentru a asigura solu\u021bii durabile pentru ace\u0219tia, fie prin \u00eentoarcere voluntar\u0103 \u0219i reintegrare, fie prin integrare local\u0103.<\/p>\n<p><img decoding=\"async\" class=\"size-medium wp-image-14561 alignleft\" src=\"https:\/\/eptisa.com\/wp-content\/uploads\/2025\/09\/4-300x200.jpg\" alt=\"\" width=\"300\" height=\"200\">EPTISA, \u00een calitate de lider al consor\u021biului, ar dori s\u0103 mul\u021bumeasc\u0103 membrilor consor\u021biului Deutsche Gesellschaft f\u00fcr Internationale Zusammenarbeit (GIZ) GmbH \u0219i DRC &#8211; Danish Refugee Council pentru sprijinul \u0219i cooperarea din ultimii ani. \u00cen plus, ne exprim\u0103m recuno\u0219tin\u021ba pentru sprijinul care a fost esen\u021bial \u00een realizarea viziunii noastre comune fa\u021b\u0103 de urm\u0103toarele institu\u021bii: CEB, UNHCR, OSCE, Ministerul pentru Drepturile Omului \u0219i Refugia\u021bi din Bosnia \u0219i Her\u021begovina, Oficiul Central de Stat pentru Reconstruc\u021bie \u0219i \u00cengrijirea Locuin\u021belor din Republica Croa\u021bia, Ministerul Muncii \u0219i Protec\u021biei Sociale din Muntenegru \u0219i Comisariatul pentru Refugia\u021bi \u0219i Migra\u021bie din Republica Serbia, precum \u0219i tuturor unit\u0103\u021bilor de implementare a proiectelor (UIP) din \u021b\u0103rile partenere<em>.<\/em> <\/p>\n<p>Prin concentrarea sa asupra celor mai vulnerabile persoane, indiferent de originea lor, pe l\u00e2ng\u0103 \u00eent\u00e2lnirile periodice \u0219i schimbul de cuno\u0219tin\u021be, RHP a promovat rela\u021biile de bun\u0103 vecin\u0103tate \u0219i restabilirea rela\u021biilor profesionale, contribuind astfel la securitatea, stabilitatea \u0219i prosperitatea \u00eentregii regiuni.<\/p>\n<p>Pentru mai multe informa\u021bii despre proiect, vizita\u021bi <a href=\"https:\/\/regionalhousingprogramme.org\">https:\/\/regionalhousingprogramme.org.<\/a><\/p>\n","protected":false},"excerpt":{"rendered":"<p>O ini\u021biativ\u0103 comun\u0103 a Bosniei \u0219i Her\u021begovinei, Republicii Croa\u021bia, Muntenegrului \u0219i Republicii Serbia. Pe parcursul a 12 ani, aproape 36 000 de persoane vulnerabile au ob\u021binut acces la locuin\u021be decente \u00een cele patru \u021b\u0103ri partenere, ajut\u00e2nd peste 11 300 de familii. Prin adoptarea unei abord\u0103ri bazate pe nevoi, viz\u00e2nd cei mai vulnerabili refugia\u021bi \u0219i persoane [&hellip;]<\/p>\n","protected":false},"author":10,"featured_media":1689,"comment_status":"closed","ping_status":"open","sticky":false,"template":"","format":"standard","meta":{"_acf_changed":false,"footnotes":""},"categories":[646,956],"tags":[957,958],"class_list":["post-3594","post","type-post","status-publish","format-standard","has-post-thumbnail","hentry","category-transport-inginerie-civila-3","category-constructii-industrie-si-energie","tag-proiect","tag-locuinte"],"acf":[],"yoast_head":"<!-- This site is optimized with the Yoast SEO plugin v27.4 - https:\/\/yoast.com\/product\/yoast-seo-wordpress\/ -->\n<title>EPTISA a finalizat cu succes proiectul &quot;Asisten\u021b\u0103 tehnic\u0103 pentru programul regional de locuin\u021be (PHR)&quot;.<\/title>\n<meta name=\"robots\" content=\"index, follow, max-snippet:-1, max-image-preview:large, max-video-preview:-1\" \/>\n<link rel=\"canonical\" href=\"https:\/\/www.eptisa.com\/ro\/eptisa-a-finalizat-cu-succes-proiectul-asistenta-tehnica-pentru-programul-regional-de-locuinte-phr\/\" \/>\n<meta property=\"og:locale\" content=\"ro_RO\" \/>\n<meta property=\"og:type\" content=\"article\" \/>\n<meta property=\"og:title\" content=\"EPTISA a finalizat cu succes proiectul &quot;Asisten\u021b\u0103 tehnic\u0103 pentru programul regional de locuin\u021be (PHR)&quot;.\" \/>\n<meta property=\"og:description\" content=\"O ini\u021biativ\u0103 comun\u0103 a Bosniei \u0219i Her\u021begovinei, Republicii Croa\u021bia, Muntenegrului \u0219i Republicii Serbia. Pe parcursul a 12 ani, aproape 36 000 de persoane vulnerabile au ob\u021binut acces la locuin\u021be decente \u00een cele patru \u021b\u0103ri partenere, ajut\u00e2nd peste 11 300 de familii. Prin adoptarea unei abord\u0103ri bazate pe nevoi, viz\u00e2nd cei mai vulnerabili refugia\u021bi \u0219i persoane [&hellip;]\" \/>\n<meta property=\"og:url\" content=\"https:\/\/www.eptisa.com\/ro\/eptisa-a-finalizat-cu-succes-proiectul-asistenta-tehnica-pentru-programul-regional-de-locuinte-phr\/\" \/>\n<meta property=\"og:site_name\" content=\"Eptisa\" \/>\n<meta property=\"article:published_time\" content=\"2024-04-19T05:21:57+00:00\" \/>\n<meta property=\"og:image\" content=\"https:\/\/www.eptisa.com\/wp-content\/uploads\/2025\/09\/3-scaled-1.jpg\" \/>\n\t<meta property=\"og:image:width\" content=\"1920\" \/>\n\t<meta property=\"og:image:height\" content=\"1080\" \/>\n\t<meta property=\"og:image:type\" content=\"image\/jpeg\" \/>\n<meta name=\"author\" content=\"Margarita Marticorena\" \/>\n<meta name=\"twitter:card\" content=\"summary_large_image\" \/>\n<meta name=\"twitter:label1\" content=\"Scris de\" \/>\n\t<meta name=\"twitter:data1\" content=\"Margarita Marticorena\" \/>\n\t<meta name=\"twitter:label2\" content=\"Timp estimat pentru citire\" \/>\n\t<meta name=\"twitter:data2\" content=\"3 minute\" \/>\n<script type=\"application\/ld+json\" class=\"yoast-schema-graph\">{\"@context\":\"https:\\\/\\\/schema.org\",\"@graph\":[{\"@type\":\"Article\",\"@id\":\"https:\\\/\\\/www.eptisa.com\\\/ro\\\/eptisa-a-finalizat-cu-succes-proiectul-asistenta-tehnica-pentru-programul-regional-de-locuinte-phr\\\/#article\",\"isPartOf\":{\"@id\":\"https:\\\/\\\/www.eptisa.com\\\/ro\\\/eptisa-a-finalizat-cu-succes-proiectul-asistenta-tehnica-pentru-programul-regional-de-locuinte-phr\\\/\"},\"author\":{\"name\":\"Margarita Marticorena\",\"@id\":\"https:\\\/\\\/www.eptisa.com\\\/ro\\\/#\\\/schema\\\/person\\\/7cf1f5d49be86d6748acfa485b6872d8\"},\"headline\":\"EPTISA a finalizat cu succes proiectul &#8222;Asisten\u021b\u0103 tehnic\u0103 pentru programul regional de locuin\u021be (PHR)&#8221;.\",\"datePublished\":\"2024-04-19T05:21:57+00:00\",\"mainEntityOfPage\":{\"@id\":\"https:\\\/\\\/www.eptisa.com\\\/ro\\\/eptisa-a-finalizat-cu-succes-proiectul-asistenta-tehnica-pentru-programul-regional-de-locuinte-phr\\\/\"},\"wordCount\":527,\"publisher\":{\"@id\":\"https:\\\/\\\/www.eptisa.com\\\/ro\\\/#organization\"},\"image\":{\"@id\":\"https:\\\/\\\/www.eptisa.com\\\/ro\\\/eptisa-a-finalizat-cu-succes-proiectul-asistenta-tehnica-pentru-programul-regional-de-locuinte-phr\\\/#primaryimage\"},\"thumbnailUrl\":\"https:\\\/\\\/www.eptisa.com\\\/wp-content\\\/uploads\\\/2025\\\/09\\\/3-scaled-1.jpg\",\"keywords\":[\"Proiect\",\"Locuin\u021be\"],\"articleSection\":[\"Transport\",\"Construc\u021bii, industrie \u0219i energie\"],\"inLanguage\":\"ro-RO\"},{\"@type\":\"WebPage\",\"@id\":\"https:\\\/\\\/www.eptisa.com\\\/ro\\\/eptisa-a-finalizat-cu-succes-proiectul-asistenta-tehnica-pentru-programul-regional-de-locuinte-phr\\\/\",\"url\":\"https:\\\/\\\/www.eptisa.com\\\/ro\\\/eptisa-a-finalizat-cu-succes-proiectul-asistenta-tehnica-pentru-programul-regional-de-locuinte-phr\\\/\",\"name\":\"EPTISA a finalizat cu succes proiectul \\\"Asisten\u021b\u0103 tehnic\u0103 pentru programul regional de locuin\u021be (PHR)\\\".\",\"isPartOf\":{\"@id\":\"https:\\\/\\\/www.eptisa.com\\\/ro\\\/#website\"},\"primaryImageOfPage\":{\"@id\":\"https:\\\/\\\/www.eptisa.com\\\/ro\\\/eptisa-a-finalizat-cu-succes-proiectul-asistenta-tehnica-pentru-programul-regional-de-locuinte-phr\\\/#primaryimage\"},\"image\":{\"@id\":\"https:\\\/\\\/www.eptisa.com\\\/ro\\\/eptisa-a-finalizat-cu-succes-proiectul-asistenta-tehnica-pentru-programul-regional-de-locuinte-phr\\\/#primaryimage\"},\"thumbnailUrl\":\"https:\\\/\\\/www.eptisa.com\\\/wp-content\\\/uploads\\\/2025\\\/09\\\/3-scaled-1.jpg\",\"datePublished\":\"2024-04-19T05:21:57+00:00\",\"breadcrumb\":{\"@id\":\"https:\\\/\\\/www.eptisa.com\\\/ro\\\/eptisa-a-finalizat-cu-succes-proiectul-asistenta-tehnica-pentru-programul-regional-de-locuinte-phr\\\/#breadcrumb\"},\"inLanguage\":\"ro-RO\",\"potentialAction\":[{\"@type\":\"ReadAction\",\"target\":[\"https:\\\/\\\/www.eptisa.com\\\/ro\\\/eptisa-a-finalizat-cu-succes-proiectul-asistenta-tehnica-pentru-programul-regional-de-locuinte-phr\\\/\"]}]},{\"@type\":\"ImageObject\",\"inLanguage\":\"ro-RO\",\"@id\":\"https:\\\/\\\/www.eptisa.com\\\/ro\\\/eptisa-a-finalizat-cu-succes-proiectul-asistenta-tehnica-pentru-programul-regional-de-locuinte-phr\\\/#primaryimage\",\"url\":\"https:\\\/\\\/www.eptisa.com\\\/wp-content\\\/uploads\\\/2025\\\/09\\\/3-scaled-1.jpg\",\"contentUrl\":\"https:\\\/\\\/www.eptisa.com\\\/wp-content\\\/uploads\\\/2025\\\/09\\\/3-scaled-1.jpg\",\"width\":1920,\"height\":1080},{\"@type\":\"BreadcrumbList\",\"@id\":\"https:\\\/\\\/www.eptisa.com\\\/ro\\\/eptisa-a-finalizat-cu-succes-proiectul-asistenta-tehnica-pentru-programul-regional-de-locuinte-phr\\\/#breadcrumb\",\"itemListElement\":[{\"@type\":\"ListItem\",\"position\":1,\"name\":\"Home\",\"item\":\"https:\\\/\\\/www.eptisa.com\\\/ro\\\/\"},{\"@type\":\"ListItem\",\"position\":2,\"name\":\"EPTISA a finalizat cu succes proiectul &#8222;Asisten\u021b\u0103 tehnic\u0103 pentru programul regional de locuin\u021be (PHR)&#8221;.\"}]},{\"@type\":\"WebSite\",\"@id\":\"https:\\\/\\\/www.eptisa.com\\\/ro\\\/#website\",\"url\":\"https:\\\/\\\/www.eptisa.com\\\/ro\\\/\",\"name\":\"Eptisa\",\"description\":\"Empresa Multinacional de Ingenier\u00eda\",\"publisher\":{\"@id\":\"https:\\\/\\\/www.eptisa.com\\\/ro\\\/#organization\"},\"potentialAction\":[{\"@type\":\"SearchAction\",\"target\":{\"@type\":\"EntryPoint\",\"urlTemplate\":\"https:\\\/\\\/www.eptisa.com\\\/ro\\\/?s={search_term_string}\"},\"query-input\":{\"@type\":\"PropertyValueSpecification\",\"valueRequired\":true,\"valueName\":\"search_term_string\"}}],\"inLanguage\":\"ro-RO\"},{\"@type\":\"Organization\",\"@id\":\"https:\\\/\\\/www.eptisa.com\\\/ro\\\/#organization\",\"name\":\"Eptisa\",\"url\":\"https:\\\/\\\/www.eptisa.com\\\/ro\\\/\",\"logo\":{\"@type\":\"ImageObject\",\"inLanguage\":\"ro-RO\",\"@id\":\"https:\\\/\\\/www.eptisa.com\\\/ro\\\/#\\\/schema\\\/logo\\\/image\\\/\",\"url\":\"https:\\\/\\\/www.eptisa.com\\\/wp-content\\\/uploads\\\/2025\\\/06\\\/7265704d3382618649eba7d99541ab81042c2245-scaled.png\",\"contentUrl\":\"https:\\\/\\\/www.eptisa.com\\\/wp-content\\\/uploads\\\/2025\\\/06\\\/7265704d3382618649eba7d99541ab81042c2245-scaled.png\",\"width\":2560,\"height\":1067,\"caption\":\"Eptisa\"},\"image\":{\"@id\":\"https:\\\/\\\/www.eptisa.com\\\/ro\\\/#\\\/schema\\\/logo\\\/image\\\/\"}},{\"@type\":\"Person\",\"@id\":\"https:\\\/\\\/www.eptisa.com\\\/ro\\\/#\\\/schema\\\/person\\\/7cf1f5d49be86d6748acfa485b6872d8\",\"name\":\"Margarita Marticorena\",\"url\":\"https:\\\/\\\/www.eptisa.com\\\/ro\\\/author\\\/marga\\\/\"}]}<\/script>\n<!-- \/ Yoast SEO plugin. -->","yoast_head_json":{"title":"EPTISA a finalizat cu succes proiectul \"Asisten\u021b\u0103 tehnic\u0103 pentru programul regional de locuin\u021be (PHR)\".","robots":{"index":"index","follow":"follow","max-snippet":"max-snippet:-1","max-image-preview":"max-image-preview:large","max-video-preview":"max-video-preview:-1"},"canonical":"https:\/\/www.eptisa.com\/ro\/eptisa-a-finalizat-cu-succes-proiectul-asistenta-tehnica-pentru-programul-regional-de-locuinte-phr\/","og_locale":"ro_RO","og_type":"article","og_title":"EPTISA a finalizat cu succes proiectul \"Asisten\u021b\u0103 tehnic\u0103 pentru programul regional de locuin\u021be (PHR)\".","og_description":"O ini\u021biativ\u0103 comun\u0103 a Bosniei \u0219i Her\u021begovinei, Republicii Croa\u021bia, Muntenegrului \u0219i Republicii Serbia. Pe parcursul a 12 ani, aproape 36 000 de persoane vulnerabile au ob\u021binut acces la locuin\u021be decente \u00een cele patru \u021b\u0103ri partenere, ajut\u00e2nd peste 11 300 de familii. Prin adoptarea unei abord\u0103ri bazate pe nevoi, viz\u00e2nd cei mai vulnerabili refugia\u021bi \u0219i persoane [&hellip;]","og_url":"https:\/\/www.eptisa.com\/ro\/eptisa-a-finalizat-cu-succes-proiectul-asistenta-tehnica-pentru-programul-regional-de-locuinte-phr\/","og_site_name":"Eptisa","article_published_time":"2024-04-19T05:21:57+00:00","og_image":[{"width":1920,"height":1080,"url":"https:\/\/www.eptisa.com\/wp-content\/uploads\/2025\/09\/3-scaled-1.jpg","type":"image\/jpeg"}],"author":"Margarita Marticorena","twitter_card":"summary_large_image","twitter_misc":{"Scris de":"Margarita Marticorena","Timp estimat pentru citire":"3 minute"},"schema":{"@context":"https:\/\/schema.org","@graph":[{"@type":"Article","@id":"https:\/\/www.eptisa.com\/ro\/eptisa-a-finalizat-cu-succes-proiectul-asistenta-tehnica-pentru-programul-regional-de-locuinte-phr\/#article","isPartOf":{"@id":"https:\/\/www.eptisa.com\/ro\/eptisa-a-finalizat-cu-succes-proiectul-asistenta-tehnica-pentru-programul-regional-de-locuinte-phr\/"},"author":{"name":"Margarita Marticorena","@id":"https:\/\/www.eptisa.com\/ro\/#\/schema\/person\/7cf1f5d49be86d6748acfa485b6872d8"},"headline":"EPTISA a finalizat cu succes proiectul &#8222;Asisten\u021b\u0103 tehnic\u0103 pentru programul regional de locuin\u021be (PHR)&#8221;.","datePublished":"2024-04-19T05:21:57+00:00","mainEntityOfPage":{"@id":"https:\/\/www.eptisa.com\/ro\/eptisa-a-finalizat-cu-succes-proiectul-asistenta-tehnica-pentru-programul-regional-de-locuinte-phr\/"},"wordCount":527,"publisher":{"@id":"https:\/\/www.eptisa.com\/ro\/#organization"},"image":{"@id":"https:\/\/www.eptisa.com\/ro\/eptisa-a-finalizat-cu-succes-proiectul-asistenta-tehnica-pentru-programul-regional-de-locuinte-phr\/#primaryimage"},"thumbnailUrl":"https:\/\/www.eptisa.com\/wp-content\/uploads\/2025\/09\/3-scaled-1.jpg","keywords":["Proiect","Locuin\u021be"],"articleSection":["Transport","Construc\u021bii, industrie \u0219i energie"],"inLanguage":"ro-RO"},{"@type":"WebPage","@id":"https:\/\/www.eptisa.com\/ro\/eptisa-a-finalizat-cu-succes-proiectul-asistenta-tehnica-pentru-programul-regional-de-locuinte-phr\/","url":"https:\/\/www.eptisa.com\/ro\/eptisa-a-finalizat-cu-succes-proiectul-asistenta-tehnica-pentru-programul-regional-de-locuinte-phr\/","name":"EPTISA a finalizat cu succes proiectul \"Asisten\u021b\u0103 tehnic\u0103 pentru programul regional de locuin\u021be (PHR)\".","isPartOf":{"@id":"https:\/\/www.eptisa.com\/ro\/#website"},"primaryImageOfPage":{"@id":"https:\/\/www.eptisa.com\/ro\/eptisa-a-finalizat-cu-succes-proiectul-asistenta-tehnica-pentru-programul-regional-de-locuinte-phr\/#primaryimage"},"image":{"@id":"https:\/\/www.eptisa.com\/ro\/eptisa-a-finalizat-cu-succes-proiectul-asistenta-tehnica-pentru-programul-regional-de-locuinte-phr\/#primaryimage"},"thumbnailUrl":"https:\/\/www.eptisa.com\/wp-content\/uploads\/2025\/09\/3-scaled-1.jpg","datePublished":"2024-04-19T05:21:57+00:00","breadcrumb":{"@id":"https:\/\/www.eptisa.com\/ro\/eptisa-a-finalizat-cu-succes-proiectul-asistenta-tehnica-pentru-programul-regional-de-locuinte-phr\/#breadcrumb"},"inLanguage":"ro-RO","potentialAction":[{"@type":"ReadAction","target":["https:\/\/www.eptisa.com\/ro\/eptisa-a-finalizat-cu-succes-proiectul-asistenta-tehnica-pentru-programul-regional-de-locuinte-phr\/"]}]},{"@type":"ImageObject","inLanguage":"ro-RO","@id":"https:\/\/www.eptisa.com\/ro\/eptisa-a-finalizat-cu-succes-proiectul-asistenta-tehnica-pentru-programul-regional-de-locuinte-phr\/#primaryimage","url":"https:\/\/www.eptisa.com\/wp-content\/uploads\/2025\/09\/3-scaled-1.jpg","contentUrl":"https:\/\/www.eptisa.com\/wp-content\/uploads\/2025\/09\/3-scaled-1.jpg","width":1920,"height":1080},{"@type":"BreadcrumbList","@id":"https:\/\/www.eptisa.com\/ro\/eptisa-a-finalizat-cu-succes-proiectul-asistenta-tehnica-pentru-programul-regional-de-locuinte-phr\/#breadcrumb","itemListElement":[{"@type":"ListItem","position":1,"name":"Home","item":"https:\/\/www.eptisa.com\/ro\/"},{"@type":"ListItem","position":2,"name":"EPTISA a finalizat cu succes proiectul &#8222;Asisten\u021b\u0103 tehnic\u0103 pentru programul regional de locuin\u021be (PHR)&#8221;."}]},{"@type":"WebSite","@id":"https:\/\/www.eptisa.com\/ro\/#website","url":"https:\/\/www.eptisa.com\/ro\/","name":"Eptisa","description":"Empresa Multinacional de Ingenier\u00eda","publisher":{"@id":"https:\/\/www.eptisa.com\/ro\/#organization"},"potentialAction":[{"@type":"SearchAction","target":{"@type":"EntryPoint","urlTemplate":"https:\/\/www.eptisa.com\/ro\/?s={search_term_string}"},"query-input":{"@type":"PropertyValueSpecification","valueRequired":true,"valueName":"search_term_string"}}],"inLanguage":"ro-RO"},{"@type":"Organization","@id":"https:\/\/www.eptisa.com\/ro\/#organization","name":"Eptisa","url":"https:\/\/www.eptisa.com\/ro\/","logo":{"@type":"ImageObject","inLanguage":"ro-RO","@id":"https:\/\/www.eptisa.com\/ro\/#\/schema\/logo\/image\/","url":"https:\/\/www.eptisa.com\/wp-content\/uploads\/2025\/06\/7265704d3382618649eba7d99541ab81042c2245-scaled.png","contentUrl":"https:\/\/www.eptisa.com\/wp-content\/uploads\/2025\/06\/7265704d3382618649eba7d99541ab81042c2245-scaled.png","width":2560,"height":1067,"caption":"Eptisa"},"image":{"@id":"https:\/\/www.eptisa.com\/ro\/#\/schema\/logo\/image\/"}},{"@type":"Person","@id":"https:\/\/www.eptisa.com\/ro\/#\/schema\/person\/7cf1f5d49be86d6748acfa485b6872d8","name":"Margarita Marticorena","url":"https:\/\/www.eptisa.com\/ro\/author\/marga\/"}]}},"_links":{"self":[{"href":"https:\/\/www.eptisa.com\/ro\/wp-json\/wp\/v2\/posts\/3594","targetHints":{"allow":["GET"]}}],"collection":[{"href":"https:\/\/www.eptisa.com\/ro\/wp-json\/wp\/v2\/posts"}],"about":[{"href":"https:\/\/www.eptisa.com\/ro\/wp-json\/wp\/v2\/types\/post"}],"author":[{"embeddable":true,"href":"https:\/\/www.eptisa.com\/ro\/wp-json\/wp\/v2\/users\/10"}],"replies":[{"embeddable":true,"href":"https:\/\/www.eptisa.com\/ro\/wp-json\/wp\/v2\/comments?post=3594"}],"version-history":[{"count":0,"href":"https:\/\/www.eptisa.com\/ro\/wp-json\/wp\/v2\/posts\/3594\/revisions"}],"wp:featuredmedia":[{"embeddable":true,"href":"https:\/\/www.eptisa.com\/ro\/wp-json\/wp\/v2\/media\/1689"}],"wp:attachment":[{"href":"https:\/\/www.eptisa.com\/ro\/wp-json\/wp\/v2\/media?parent=3594"}],"wp:term":[{"taxonomy":"category","embeddable":true,"href":"https:\/\/www.eptisa.com\/ro\/wp-json\/wp\/v2\/categories?post=3594"},{"taxonomy":"post_tag","embeddable":true,"href":"https:\/\/www.eptisa.com\/ro\/wp-json\/wp\/v2\/tags?post=3594"}],"curies":[{"name":"wp","href":"https:\/\/api.w.org\/{rel}","templated":true}]}}