{"id":3597,"date":"2024-05-24T06:33:01","date_gmt":"2024-05-24T04:33:01","guid":{"rendered":"https:\/\/eptisa.com\/eptisa-este-prezenta-la-adunarea-generala-si-conferinta-efca\/"},"modified":"2024-05-24T06:33:01","modified_gmt":"2024-05-24T04:33:01","slug":"eptisa-este-prezenta-la-adunarea-generala-si-conferinta-efca","status":"publish","type":"post","link":"https:\/\/www.eptisa.com\/ro\/eptisa-este-prezenta-la-adunarea-generala-si-conferinta-efca\/","title":{"rendered":"Eptisa este prezent\u0103 la Adunarea General\u0103 \u0219i Conferin\u021ba EFCA"},"content":{"rendered":"<p>Eptisa este prezent\u0103 la Adunarea General\u0103 \u0219i Conferin\u021ba EFCA de la Madrid (23-24 mai 2024), unde se analizeaz\u0103 viitorul &#8222;Blue Deal&#8221; al UE.<\/p>\n<p>Conferin\u021ba anual\u0103 din acest an se concentreaz\u0103 pe valorificarea naturii pentru a face fa\u021b\u0103 urgen\u021belor climatice \u0219i pe rolul inginerilor consultan\u021bi \u00een produc\u021bia de energie curat\u0103.<\/p>\n<p>De la explorarea poten\u021bialului solu\u021biilor bazate pe ap\u0103 \u00een infrastructura energetic\u0103 la gestionarea inunda\u021biilor \u0219i valorificarea resurselor naturale, panelurile noastre vor oferi informa\u021bii despre cele mai bune practici \u00een materie de achizi\u021bii durabile \u0219i solu\u021bii de inginerie.<\/p>\n<p>F\u0103r\u0103 \u00eendoial\u0103, Eptisa trebuia s\u0103 fie prezent\u0103 la aceast\u0103 conferin\u021b\u0103 anual\u0103, iar reprezentarea sa magnific\u0103 o dovede\u0219te. \u00cen fotografie, pre\u0219edintele \u0219i vicepre\u0219edintele nostru al FIDIC, Luis Villarroya, Andreja Todo, B\u00e1rbara Garc\u00eda \u0219i Ion Taina, al\u0103turi de pre\u0219edintele FIDIC, Catherine Karakatsanis. <\/p>\n","protected":false},"excerpt":{"rendered":"<p>Eptisa este prezent\u0103 la Adunarea General\u0103 \u0219i Conferin\u021ba EFCA de la Madrid (23-24 mai 2024), unde se analizeaz\u0103 viitorul &#8222;Blue Deal&#8221; al UE. Conferin\u021ba anual\u0103 din acest an se concentreaz\u0103 pe valorificarea naturii pentru a face fa\u021b\u0103 urgen\u021belor climatice \u0219i pe rolul inginerilor consultan\u021bi \u00een produc\u021bia de energie curat\u0103. De la explorarea poten\u021bialului solu\u021biilor bazate [&hellip;]<\/p>\n","protected":false},"author":10,"featured_media":1284,"comment_status":"closed","ping_status":"open","sticky":false,"template":"","format":"standard","meta":{"_acf_changed":false,"footnotes":""},"categories":[944],"tags":[952,961],"class_list":["post-3597","post","type-post","status-publish","format-standard","has-post-thumbnail","hentry","category-evenimentinginerie-civila","tag-talent","tag-efca"],"acf":[],"yoast_head":"<!-- This site is optimized with the Yoast SEO plugin v27.4 - https:\/\/yoast.com\/product\/yoast-seo-wordpress\/ -->\n<title>Eptisa este prezent\u0103 la Adunarea General\u0103 \u0219i Conferin\u021ba EFCA<\/title>\n<meta name=\"robots\" content=\"index, follow, max-snippet:-1, max-image-preview:large, max-video-preview:-1\" \/>\n<link rel=\"canonical\" href=\"https:\/\/www.eptisa.com\/ro\/eptisa-este-prezenta-la-adunarea-generala-si-conferinta-efca\/\" \/>\n<meta property=\"og:locale\" content=\"ro_RO\" \/>\n<meta property=\"og:type\" content=\"article\" \/>\n<meta property=\"og:title\" content=\"Eptisa este prezent\u0103 la Adunarea General\u0103 \u0219i Conferin\u021ba EFCA\" \/>\n<meta property=\"og:description\" content=\"Eptisa este prezent\u0103 la Adunarea General\u0103 \u0219i Conferin\u021ba EFCA de la Madrid (23-24 mai 2024), unde se analizeaz\u0103 viitorul &#8222;Blue Deal&#8221; al UE. Conferin\u021ba anual\u0103 din acest an se concentreaz\u0103 pe valorificarea naturii pentru a face fa\u021b\u0103 urgen\u021belor climatice \u0219i pe rolul inginerilor consultan\u021bi \u00een produc\u021bia de energie curat\u0103. De la explorarea poten\u021bialului solu\u021biilor bazate [&hellip;]\" \/>\n<meta property=\"og:url\" content=\"https:\/\/www.eptisa.com\/ro\/eptisa-este-prezenta-la-adunarea-generala-si-conferinta-efca\/\" \/>\n<meta property=\"og:site_name\" content=\"Eptisa\" \/>\n<meta property=\"article:published_time\" content=\"2024-05-24T04:33:01+00:00\" \/>\n<meta property=\"og:image\" content=\"https:\/\/www.eptisa.com\/wp-content\/uploads\/2025\/09\/Eptisa-en-EFCA.jpg\" \/>\n\t<meta property=\"og:image:width\" content=\"800\" \/>\n\t<meta property=\"og:image:height\" content=\"600\" \/>\n\t<meta property=\"og:image:type\" content=\"image\/jpeg\" \/>\n<meta name=\"author\" content=\"Margarita Marticorena\" \/>\n<meta name=\"twitter:card\" content=\"summary_large_image\" \/>\n<meta name=\"twitter:label1\" content=\"Scris de\" \/>\n\t<meta name=\"twitter:data1\" content=\"Margarita Marticorena\" \/>\n\t<meta name=\"twitter:label2\" content=\"Timp estimat pentru citire\" \/>\n\t<meta name=\"twitter:data2\" content=\"1 minut\" \/>\n<script type=\"application\/ld+json\" class=\"yoast-schema-graph\">{\"@context\":\"https:\\\/\\\/schema.org\",\"@graph\":[{\"@type\":\"Article\",\"@id\":\"https:\\\/\\\/www.eptisa.com\\\/ro\\\/eptisa-este-prezenta-la-adunarea-generala-si-conferinta-efca\\\/#article\",\"isPartOf\":{\"@id\":\"https:\\\/\\\/www.eptisa.com\\\/ro\\\/eptisa-este-prezenta-la-adunarea-generala-si-conferinta-efca\\\/\"},\"author\":{\"name\":\"Margarita Marticorena\",\"@id\":\"https:\\\/\\\/www.eptisa.com\\\/ro\\\/#\\\/schema\\\/person\\\/7cf1f5d49be86d6748acfa485b6872d8\"},\"headline\":\"Eptisa este prezent\u0103 la Adunarea General\u0103 \u0219i Conferin\u021ba EFCA\",\"datePublished\":\"2024-05-24T04:33:01+00:00\",\"mainEntityOfPage\":{\"@id\":\"https:\\\/\\\/www.eptisa.com\\\/ro\\\/eptisa-este-prezenta-la-adunarea-generala-si-conferinta-efca\\\/\"},\"wordCount\":154,\"publisher\":{\"@id\":\"https:\\\/\\\/www.eptisa.com\\\/ro\\\/#organization\"},\"image\":{\"@id\":\"https:\\\/\\\/www.eptisa.com\\\/ro\\\/eptisa-este-prezenta-la-adunarea-generala-si-conferinta-efca\\\/#primaryimage\"},\"thumbnailUrl\":\"https:\\\/\\\/www.eptisa.com\\\/wp-content\\\/uploads\\\/2025\\\/09\\\/Eptisa-en-EFCA.jpg\",\"keywords\":[\"Talent\",\"EFCA\"],\"articleSection\":[\"Eveniment|Inginerie civil\u0103\"],\"inLanguage\":\"ro-RO\"},{\"@type\":\"WebPage\",\"@id\":\"https:\\\/\\\/www.eptisa.com\\\/ro\\\/eptisa-este-prezenta-la-adunarea-generala-si-conferinta-efca\\\/\",\"url\":\"https:\\\/\\\/www.eptisa.com\\\/ro\\\/eptisa-este-prezenta-la-adunarea-generala-si-conferinta-efca\\\/\",\"name\":\"Eptisa este prezent\u0103 la Adunarea General\u0103 \u0219i Conferin\u021ba EFCA\",\"isPartOf\":{\"@id\":\"https:\\\/\\\/www.eptisa.com\\\/ro\\\/#website\"},\"primaryImageOfPage\":{\"@id\":\"https:\\\/\\\/www.eptisa.com\\\/ro\\\/eptisa-este-prezenta-la-adunarea-generala-si-conferinta-efca\\\/#primaryimage\"},\"image\":{\"@id\":\"https:\\\/\\\/www.eptisa.com\\\/ro\\\/eptisa-este-prezenta-la-adunarea-generala-si-conferinta-efca\\\/#primaryimage\"},\"thumbnailUrl\":\"https:\\\/\\\/www.eptisa.com\\\/wp-content\\\/uploads\\\/2025\\\/09\\\/Eptisa-en-EFCA.jpg\",\"datePublished\":\"2024-05-24T04:33:01+00:00\",\"breadcrumb\":{\"@id\":\"https:\\\/\\\/www.eptisa.com\\\/ro\\\/eptisa-este-prezenta-la-adunarea-generala-si-conferinta-efca\\\/#breadcrumb\"},\"inLanguage\":\"ro-RO\",\"potentialAction\":[{\"@type\":\"ReadAction\",\"target\":[\"https:\\\/\\\/www.eptisa.com\\\/ro\\\/eptisa-este-prezenta-la-adunarea-generala-si-conferinta-efca\\\/\"]}]},{\"@type\":\"ImageObject\",\"inLanguage\":\"ro-RO\",\"@id\":\"https:\\\/\\\/www.eptisa.com\\\/ro\\\/eptisa-este-prezenta-la-adunarea-generala-si-conferinta-efca\\\/#primaryimage\",\"url\":\"https:\\\/\\\/www.eptisa.com\\\/wp-content\\\/uploads\\\/2025\\\/09\\\/Eptisa-en-EFCA.jpg\",\"contentUrl\":\"https:\\\/\\\/www.eptisa.com\\\/wp-content\\\/uploads\\\/2025\\\/09\\\/Eptisa-en-EFCA.jpg\",\"width\":800,\"height\":600},{\"@type\":\"BreadcrumbList\",\"@id\":\"https:\\\/\\\/www.eptisa.com\\\/ro\\\/eptisa-este-prezenta-la-adunarea-generala-si-conferinta-efca\\\/#breadcrumb\",\"itemListElement\":[{\"@type\":\"ListItem\",\"position\":1,\"name\":\"Home\",\"item\":\"https:\\\/\\\/www.eptisa.com\\\/ro\\\/\"},{\"@type\":\"ListItem\",\"position\":2,\"name\":\"Eptisa este prezent\u0103 la Adunarea General\u0103 \u0219i Conferin\u021ba EFCA\"}]},{\"@type\":\"WebSite\",\"@id\":\"https:\\\/\\\/www.eptisa.com\\\/ro\\\/#website\",\"url\":\"https:\\\/\\\/www.eptisa.com\\\/ro\\\/\",\"name\":\"Eptisa\",\"description\":\"Empresa Multinacional de Ingenier\u00eda\",\"publisher\":{\"@id\":\"https:\\\/\\\/www.eptisa.com\\\/ro\\\/#organization\"},\"potentialAction\":[{\"@type\":\"SearchAction\",\"target\":{\"@type\":\"EntryPoint\",\"urlTemplate\":\"https:\\\/\\\/www.eptisa.com\\\/ro\\\/?s={search_term_string}\"},\"query-input\":{\"@type\":\"PropertyValueSpecification\",\"valueRequired\":true,\"valueName\":\"search_term_string\"}}],\"inLanguage\":\"ro-RO\"},{\"@type\":\"Organization\",\"@id\":\"https:\\\/\\\/www.eptisa.com\\\/ro\\\/#organization\",\"name\":\"Eptisa\",\"url\":\"https:\\\/\\\/www.eptisa.com\\\/ro\\\/\",\"logo\":{\"@type\":\"ImageObject\",\"inLanguage\":\"ro-RO\",\"@id\":\"https:\\\/\\\/www.eptisa.com\\\/ro\\\/#\\\/schema\\\/logo\\\/image\\\/\",\"url\":\"https:\\\/\\\/www.eptisa.com\\\/wp-content\\\/uploads\\\/2025\\\/06\\\/7265704d3382618649eba7d99541ab81042c2245-scaled.png\",\"contentUrl\":\"https:\\\/\\\/www.eptisa.com\\\/wp-content\\\/uploads\\\/2025\\\/06\\\/7265704d3382618649eba7d99541ab81042c2245-scaled.png\",\"width\":2560,\"height\":1067,\"caption\":\"Eptisa\"},\"image\":{\"@id\":\"https:\\\/\\\/www.eptisa.com\\\/ro\\\/#\\\/schema\\\/logo\\\/image\\\/\"}},{\"@type\":\"Person\",\"@id\":\"https:\\\/\\\/www.eptisa.com\\\/ro\\\/#\\\/schema\\\/person\\\/7cf1f5d49be86d6748acfa485b6872d8\",\"name\":\"Margarita Marticorena\",\"url\":\"https:\\\/\\\/www.eptisa.com\\\/ro\\\/author\\\/marga\\\/\"}]}<\/script>\n<!-- \/ Yoast SEO plugin. -->","yoast_head_json":{"title":"Eptisa este prezent\u0103 la Adunarea General\u0103 \u0219i Conferin\u021ba EFCA","robots":{"index":"index","follow":"follow","max-snippet":"max-snippet:-1","max-image-preview":"max-image-preview:large","max-video-preview":"max-video-preview:-1"},"canonical":"https:\/\/www.eptisa.com\/ro\/eptisa-este-prezenta-la-adunarea-generala-si-conferinta-efca\/","og_locale":"ro_RO","og_type":"article","og_title":"Eptisa este prezent\u0103 la Adunarea General\u0103 \u0219i Conferin\u021ba EFCA","og_description":"Eptisa este prezent\u0103 la Adunarea General\u0103 \u0219i Conferin\u021ba EFCA de la Madrid (23-24 mai 2024), unde se analizeaz\u0103 viitorul &#8222;Blue Deal&#8221; al UE. Conferin\u021ba anual\u0103 din acest an se concentreaz\u0103 pe valorificarea naturii pentru a face fa\u021b\u0103 urgen\u021belor climatice \u0219i pe rolul inginerilor consultan\u021bi \u00een produc\u021bia de energie curat\u0103. De la explorarea poten\u021bialului solu\u021biilor bazate [&hellip;]","og_url":"https:\/\/www.eptisa.com\/ro\/eptisa-este-prezenta-la-adunarea-generala-si-conferinta-efca\/","og_site_name":"Eptisa","article_published_time":"2024-05-24T04:33:01+00:00","og_image":[{"width":800,"height":600,"url":"https:\/\/www.eptisa.com\/wp-content\/uploads\/2025\/09\/Eptisa-en-EFCA.jpg","type":"image\/jpeg"}],"author":"Margarita Marticorena","twitter_card":"summary_large_image","twitter_misc":{"Scris de":"Margarita Marticorena","Timp estimat pentru citire":"1 minut"},"schema":{"@context":"https:\/\/schema.org","@graph":[{"@type":"Article","@id":"https:\/\/www.eptisa.com\/ro\/eptisa-este-prezenta-la-adunarea-generala-si-conferinta-efca\/#article","isPartOf":{"@id":"https:\/\/www.eptisa.com\/ro\/eptisa-este-prezenta-la-adunarea-generala-si-conferinta-efca\/"},"author":{"name":"Margarita Marticorena","@id":"https:\/\/www.eptisa.com\/ro\/#\/schema\/person\/7cf1f5d49be86d6748acfa485b6872d8"},"headline":"Eptisa este prezent\u0103 la Adunarea General\u0103 \u0219i Conferin\u021ba EFCA","datePublished":"2024-05-24T04:33:01+00:00","mainEntityOfPage":{"@id":"https:\/\/www.eptisa.com\/ro\/eptisa-este-prezenta-la-adunarea-generala-si-conferinta-efca\/"},"wordCount":154,"publisher":{"@id":"https:\/\/www.eptisa.com\/ro\/#organization"},"image":{"@id":"https:\/\/www.eptisa.com\/ro\/eptisa-este-prezenta-la-adunarea-generala-si-conferinta-efca\/#primaryimage"},"thumbnailUrl":"https:\/\/www.eptisa.com\/wp-content\/uploads\/2025\/09\/Eptisa-en-EFCA.jpg","keywords":["Talent","EFCA"],"articleSection":["Eveniment|Inginerie civil\u0103"],"inLanguage":"ro-RO"},{"@type":"WebPage","@id":"https:\/\/www.eptisa.com\/ro\/eptisa-este-prezenta-la-adunarea-generala-si-conferinta-efca\/","url":"https:\/\/www.eptisa.com\/ro\/eptisa-este-prezenta-la-adunarea-generala-si-conferinta-efca\/","name":"Eptisa este prezent\u0103 la Adunarea General\u0103 \u0219i Conferin\u021ba EFCA","isPartOf":{"@id":"https:\/\/www.eptisa.com\/ro\/#website"},"primaryImageOfPage":{"@id":"https:\/\/www.eptisa.com\/ro\/eptisa-este-prezenta-la-adunarea-generala-si-conferinta-efca\/#primaryimage"},"image":{"@id":"https:\/\/www.eptisa.com\/ro\/eptisa-este-prezenta-la-adunarea-generala-si-conferinta-efca\/#primaryimage"},"thumbnailUrl":"https:\/\/www.eptisa.com\/wp-content\/uploads\/2025\/09\/Eptisa-en-EFCA.jpg","datePublished":"2024-05-24T04:33:01+00:00","breadcrumb":{"@id":"https:\/\/www.eptisa.com\/ro\/eptisa-este-prezenta-la-adunarea-generala-si-conferinta-efca\/#breadcrumb"},"inLanguage":"ro-RO","potentialAction":[{"@type":"ReadAction","target":["https:\/\/www.eptisa.com\/ro\/eptisa-este-prezenta-la-adunarea-generala-si-conferinta-efca\/"]}]},{"@type":"ImageObject","inLanguage":"ro-RO","@id":"https:\/\/www.eptisa.com\/ro\/eptisa-este-prezenta-la-adunarea-generala-si-conferinta-efca\/#primaryimage","url":"https:\/\/www.eptisa.com\/wp-content\/uploads\/2025\/09\/Eptisa-en-EFCA.jpg","contentUrl":"https:\/\/www.eptisa.com\/wp-content\/uploads\/2025\/09\/Eptisa-en-EFCA.jpg","width":800,"height":600},{"@type":"BreadcrumbList","@id":"https:\/\/www.eptisa.com\/ro\/eptisa-este-prezenta-la-adunarea-generala-si-conferinta-efca\/#breadcrumb","itemListElement":[{"@type":"ListItem","position":1,"name":"Home","item":"https:\/\/www.eptisa.com\/ro\/"},{"@type":"ListItem","position":2,"name":"Eptisa este prezent\u0103 la Adunarea General\u0103 \u0219i Conferin\u021ba EFCA"}]},{"@type":"WebSite","@id":"https:\/\/www.eptisa.com\/ro\/#website","url":"https:\/\/www.eptisa.com\/ro\/","name":"Eptisa","description":"Empresa Multinacional de Ingenier\u00eda","publisher":{"@id":"https:\/\/www.eptisa.com\/ro\/#organization"},"potentialAction":[{"@type":"SearchAction","target":{"@type":"EntryPoint","urlTemplate":"https:\/\/www.eptisa.com\/ro\/?s={search_term_string}"},"query-input":{"@type":"PropertyValueSpecification","valueRequired":true,"valueName":"search_term_string"}}],"inLanguage":"ro-RO"},{"@type":"Organization","@id":"https:\/\/www.eptisa.com\/ro\/#organization","name":"Eptisa","url":"https:\/\/www.eptisa.com\/ro\/","logo":{"@type":"ImageObject","inLanguage":"ro-RO","@id":"https:\/\/www.eptisa.com\/ro\/#\/schema\/logo\/image\/","url":"https:\/\/www.eptisa.com\/wp-content\/uploads\/2025\/06\/7265704d3382618649eba7d99541ab81042c2245-scaled.png","contentUrl":"https:\/\/www.eptisa.com\/wp-content\/uploads\/2025\/06\/7265704d3382618649eba7d99541ab81042c2245-scaled.png","width":2560,"height":1067,"caption":"Eptisa"},"image":{"@id":"https:\/\/www.eptisa.com\/ro\/#\/schema\/logo\/image\/"}},{"@type":"Person","@id":"https:\/\/www.eptisa.com\/ro\/#\/schema\/person\/7cf1f5d49be86d6748acfa485b6872d8","name":"Margarita Marticorena","url":"https:\/\/www.eptisa.com\/ro\/author\/marga\/"}]}},"_links":{"self":[{"href":"https:\/\/www.eptisa.com\/ro\/wp-json\/wp\/v2\/posts\/3597","targetHints":{"allow":["GET"]}}],"collection":[{"href":"https:\/\/www.eptisa.com\/ro\/wp-json\/wp\/v2\/posts"}],"about":[{"href":"https:\/\/www.eptisa.com\/ro\/wp-json\/wp\/v2\/types\/post"}],"author":[{"embeddable":true,"href":"https:\/\/www.eptisa.com\/ro\/wp-json\/wp\/v2\/users\/10"}],"replies":[{"embeddable":true,"href":"https:\/\/www.eptisa.com\/ro\/wp-json\/wp\/v2\/comments?post=3597"}],"version-history":[{"count":0,"href":"https:\/\/www.eptisa.com\/ro\/wp-json\/wp\/v2\/posts\/3597\/revisions"}],"wp:featuredmedia":[{"embeddable":true,"href":"https:\/\/www.eptisa.com\/ro\/wp-json\/wp\/v2\/media\/1284"}],"wp:attachment":[{"href":"https:\/\/www.eptisa.com\/ro\/wp-json\/wp\/v2\/media?parent=3597"}],"wp:term":[{"taxonomy":"category","embeddable":true,"href":"https:\/\/www.eptisa.com\/ro\/wp-json\/wp\/v2\/categories?post=3597"},{"taxonomy":"post_tag","embeddable":true,"href":"https:\/\/www.eptisa.com\/ro\/wp-json\/wp\/v2\/tags?post=3597"}],"curies":[{"name":"wp","href":"https:\/\/api.w.org\/{rel}","templated":true}]}}