{"id":3605,"date":"2024-06-17T13:42:10","date_gmt":"2024-06-17T11:42:10","guid":{"rendered":"https:\/\/eptisa.com\/eptisa-participa-la-cea-de-a-viii-a-reuniune-la-nivel-inalt-spania-turcia\/"},"modified":"2024-06-17T13:42:10","modified_gmt":"2024-06-17T11:42:10","slug":"eptisa-participa-la-cea-de-a-viii-a-reuniune-la-nivel-inalt-spania-turcia","status":"publish","type":"post","link":"https:\/\/www.eptisa.com\/ro\/eptisa-participa-la-cea-de-a-viii-a-reuniune-la-nivel-inalt-spania-turcia\/","title":{"rendered":"Eptisa particip\u0103 la cea de-a VIII-a reuniune la nivel \u00eenalt Spania-Turcia"},"content":{"rendered":"<p>Cel <strong>de-al 8-lea summit interguvernamental<\/strong> \u00eentre <strong>Turcia<\/strong> \u0219i <strong>Spania<\/strong> a avut loc la Madrid pe 13.<\/p>\n<p>Cu aceast\u0103 ocazie, 150 de companii turce\u0219ti sau companii cu prezen\u021b\u0103 \u00een \u021bar\u0103 au luat parte la \u00eent\u00e2lnirea de afaceri organizat\u0103 \u00een cadrul celei de-a 8-a reuniuni la nivel \u00eenalt Spania-Turcia, condus\u0103 de prim-ministrul Pedro S\u00e1nchez \u0219i pre\u0219edintele Turciei, Recep Tayyip Erdogan.<\/p>\n<p>Eptisa, una dintre companiile participante la reuniune, a fost reprezentat\u0103 de <strong>Luis Villarroya Alonso<\/strong>, pre\u0219edintele companiei.<\/p>\n<p>Forumul de afaceri a fost organizat \u00een comun de asocia\u021bia patronal\u0103 <strong>CEOE<\/strong>, Secretariatul de Stat pentru <strong>Comer\u021b\/ICEX<\/strong> \u0219i<strong> Camera de Comer\u021b spaniol\u0103<\/strong>, \u00een colaborare cu DE\u0130K &#8211; Consiliul pentru Rela\u021bii Economice Externe \u0219i Ambasada Turciei \u00een Spania.<\/p>\n","protected":false},"excerpt":{"rendered":"<p>Cel de-al 8-lea summit interguvernamental \u00eentre Turcia \u0219i Spania a avut loc la Madrid pe 13. Cu aceast\u0103 ocazie, 150 de companii turce\u0219ti sau companii cu prezen\u021b\u0103 \u00een \u021bar\u0103 au luat parte la \u00eent\u00e2lnirea de afaceri organizat\u0103 \u00een cadrul celei de-a 8-a reuniuni la nivel \u00eenalt Spania-Turcia, condus\u0103 de prim-ministrul Pedro S\u00e1nchez \u0219i pre\u0219edintele Turciei, [&hellip;]<\/p>\n","protected":false},"author":10,"featured_media":1301,"comment_status":"closed","ping_status":"open","sticky":false,"template":"","format":"standard","meta":{"_acf_changed":false,"footnotes":""},"categories":[989],"tags":[990,991],"class_list":["post-3605","post","type-post","status-publish","format-standard","has-post-thumbnail","hentry","category-eveniment","tag-turcia","tag-reuniune"],"acf":[],"yoast_head":"<!-- This site is optimized with the Yoast SEO plugin v27.4 - https:\/\/yoast.com\/product\/yoast-seo-wordpress\/ -->\n<title>Eptisa particip\u0103 la cea de-a VIII-a reuniune la nivel \u00eenalt Spania-Turcia<\/title>\n<meta name=\"robots\" content=\"index, follow, max-snippet:-1, max-image-preview:large, max-video-preview:-1\" \/>\n<link rel=\"canonical\" href=\"https:\/\/www.eptisa.com\/ro\/eptisa-participa-la-cea-de-a-viii-a-reuniune-la-nivel-inalt-spania-turcia\/\" \/>\n<meta property=\"og:locale\" content=\"ro_RO\" \/>\n<meta property=\"og:type\" content=\"article\" \/>\n<meta property=\"og:title\" content=\"Eptisa particip\u0103 la cea de-a VIII-a reuniune la nivel \u00eenalt Spania-Turcia\" \/>\n<meta property=\"og:description\" content=\"Cel de-al 8-lea summit interguvernamental \u00eentre Turcia \u0219i Spania a avut loc la Madrid pe 13. Cu aceast\u0103 ocazie, 150 de companii turce\u0219ti sau companii cu prezen\u021b\u0103 \u00een \u021bar\u0103 au luat parte la \u00eent\u00e2lnirea de afaceri organizat\u0103 \u00een cadrul celei de-a 8-a reuniuni la nivel \u00eenalt Spania-Turcia, condus\u0103 de prim-ministrul Pedro S\u00e1nchez \u0219i pre\u0219edintele Turciei, [&hellip;]\" \/>\n<meta property=\"og:url\" content=\"https:\/\/www.eptisa.com\/ro\/eptisa-participa-la-cea-de-a-viii-a-reuniune-la-nivel-inalt-spania-turcia\/\" \/>\n<meta property=\"og:site_name\" content=\"Eptisa\" \/>\n<meta property=\"article:published_time\" content=\"2024-06-17T11:42:10+00:00\" \/>\n<meta name=\"author\" content=\"Margarita Marticorena\" \/>\n<meta name=\"twitter:card\" content=\"summary_large_image\" \/>\n<meta name=\"twitter:label1\" content=\"Scris de\" \/>\n\t<meta name=\"twitter:data1\" content=\"Margarita Marticorena\" \/>\n\t<meta name=\"twitter:label2\" content=\"Timp estimat pentru citire\" \/>\n\t<meta name=\"twitter:data2\" content=\"1 minut\" \/>\n<script type=\"application\/ld+json\" class=\"yoast-schema-graph\">{\"@context\":\"https:\\\/\\\/schema.org\",\"@graph\":[{\"@type\":\"Article\",\"@id\":\"https:\\\/\\\/www.eptisa.com\\\/ro\\\/eptisa-participa-la-cea-de-a-viii-a-reuniune-la-nivel-inalt-spania-turcia\\\/#article\",\"isPartOf\":{\"@id\":\"https:\\\/\\\/www.eptisa.com\\\/ro\\\/eptisa-participa-la-cea-de-a-viii-a-reuniune-la-nivel-inalt-spania-turcia\\\/\"},\"author\":{\"name\":\"Margarita Marticorena\",\"@id\":\"https:\\\/\\\/www.eptisa.com\\\/ro\\\/#\\\/schema\\\/person\\\/7cf1f5d49be86d6748acfa485b6872d8\"},\"headline\":\"Eptisa particip\u0103 la cea de-a VIII-a reuniune la nivel \u00eenalt Spania-Turcia\",\"datePublished\":\"2024-06-17T11:42:10+00:00\",\"mainEntityOfPage\":{\"@id\":\"https:\\\/\\\/www.eptisa.com\\\/ro\\\/eptisa-participa-la-cea-de-a-viii-a-reuniune-la-nivel-inalt-spania-turcia\\\/\"},\"wordCount\":129,\"publisher\":{\"@id\":\"https:\\\/\\\/www.eptisa.com\\\/ro\\\/#organization\"},\"image\":{\"@id\":\"https:\\\/\\\/www.eptisa.com\\\/ro\\\/eptisa-participa-la-cea-de-a-viii-a-reuniune-la-nivel-inalt-spania-turcia\\\/#primaryimage\"},\"thumbnailUrl\":\"https:\\\/\\\/www.eptisa.com\\\/wp-content\\\/uploads\\\/2025\\\/09\\\/FCR_3310-scaled-1.avif\",\"keywords\":[\"Turcia\",\"reuniune\"],\"articleSection\":[\"Eveniment\"],\"inLanguage\":\"ro-RO\"},{\"@type\":\"WebPage\",\"@id\":\"https:\\\/\\\/www.eptisa.com\\\/ro\\\/eptisa-participa-la-cea-de-a-viii-a-reuniune-la-nivel-inalt-spania-turcia\\\/\",\"url\":\"https:\\\/\\\/www.eptisa.com\\\/ro\\\/eptisa-participa-la-cea-de-a-viii-a-reuniune-la-nivel-inalt-spania-turcia\\\/\",\"name\":\"Eptisa particip\u0103 la cea de-a VIII-a reuniune la nivel \u00eenalt Spania-Turcia\",\"isPartOf\":{\"@id\":\"https:\\\/\\\/www.eptisa.com\\\/ro\\\/#website\"},\"primaryImageOfPage\":{\"@id\":\"https:\\\/\\\/www.eptisa.com\\\/ro\\\/eptisa-participa-la-cea-de-a-viii-a-reuniune-la-nivel-inalt-spania-turcia\\\/#primaryimage\"},\"image\":{\"@id\":\"https:\\\/\\\/www.eptisa.com\\\/ro\\\/eptisa-participa-la-cea-de-a-viii-a-reuniune-la-nivel-inalt-spania-turcia\\\/#primaryimage\"},\"thumbnailUrl\":\"https:\\\/\\\/www.eptisa.com\\\/wp-content\\\/uploads\\\/2025\\\/09\\\/FCR_3310-scaled-1.avif\",\"datePublished\":\"2024-06-17T11:42:10+00:00\",\"breadcrumb\":{\"@id\":\"https:\\\/\\\/www.eptisa.com\\\/ro\\\/eptisa-participa-la-cea-de-a-viii-a-reuniune-la-nivel-inalt-spania-turcia\\\/#breadcrumb\"},\"inLanguage\":\"ro-RO\",\"potentialAction\":[{\"@type\":\"ReadAction\",\"target\":[\"https:\\\/\\\/www.eptisa.com\\\/ro\\\/eptisa-participa-la-cea-de-a-viii-a-reuniune-la-nivel-inalt-spania-turcia\\\/\"]}]},{\"@type\":\"ImageObject\",\"inLanguage\":\"ro-RO\",\"@id\":\"https:\\\/\\\/www.eptisa.com\\\/ro\\\/eptisa-participa-la-cea-de-a-viii-a-reuniune-la-nivel-inalt-spania-turcia\\\/#primaryimage\",\"url\":\"https:\\\/\\\/www.eptisa.com\\\/wp-content\\\/uploads\\\/2025\\\/09\\\/FCR_3310-scaled-1.avif\",\"contentUrl\":\"https:\\\/\\\/www.eptisa.com\\\/wp-content\\\/uploads\\\/2025\\\/09\\\/FCR_3310-scaled-1.avif\",\"width\":2560,\"height\":1707},{\"@type\":\"BreadcrumbList\",\"@id\":\"https:\\\/\\\/www.eptisa.com\\\/ro\\\/eptisa-participa-la-cea-de-a-viii-a-reuniune-la-nivel-inalt-spania-turcia\\\/#breadcrumb\",\"itemListElement\":[{\"@type\":\"ListItem\",\"position\":1,\"name\":\"Home\",\"item\":\"https:\\\/\\\/www.eptisa.com\\\/ro\\\/\"},{\"@type\":\"ListItem\",\"position\":2,\"name\":\"Eptisa particip\u0103 la cea de-a VIII-a reuniune la nivel \u00eenalt Spania-Turcia\"}]},{\"@type\":\"WebSite\",\"@id\":\"https:\\\/\\\/www.eptisa.com\\\/ro\\\/#website\",\"url\":\"https:\\\/\\\/www.eptisa.com\\\/ro\\\/\",\"name\":\"Eptisa\",\"description\":\"Empresa Multinacional de Ingenier\u00eda\",\"publisher\":{\"@id\":\"https:\\\/\\\/www.eptisa.com\\\/ro\\\/#organization\"},\"potentialAction\":[{\"@type\":\"SearchAction\",\"target\":{\"@type\":\"EntryPoint\",\"urlTemplate\":\"https:\\\/\\\/www.eptisa.com\\\/ro\\\/?s={search_term_string}\"},\"query-input\":{\"@type\":\"PropertyValueSpecification\",\"valueRequired\":true,\"valueName\":\"search_term_string\"}}],\"inLanguage\":\"ro-RO\"},{\"@type\":\"Organization\",\"@id\":\"https:\\\/\\\/www.eptisa.com\\\/ro\\\/#organization\",\"name\":\"Eptisa\",\"url\":\"https:\\\/\\\/www.eptisa.com\\\/ro\\\/\",\"logo\":{\"@type\":\"ImageObject\",\"inLanguage\":\"ro-RO\",\"@id\":\"https:\\\/\\\/www.eptisa.com\\\/ro\\\/#\\\/schema\\\/logo\\\/image\\\/\",\"url\":\"https:\\\/\\\/www.eptisa.com\\\/wp-content\\\/uploads\\\/2025\\\/06\\\/7265704d3382618649eba7d99541ab81042c2245-scaled.png\",\"contentUrl\":\"https:\\\/\\\/www.eptisa.com\\\/wp-content\\\/uploads\\\/2025\\\/06\\\/7265704d3382618649eba7d99541ab81042c2245-scaled.png\",\"width\":2560,\"height\":1067,\"caption\":\"Eptisa\"},\"image\":{\"@id\":\"https:\\\/\\\/www.eptisa.com\\\/ro\\\/#\\\/schema\\\/logo\\\/image\\\/\"}},{\"@type\":\"Person\",\"@id\":\"https:\\\/\\\/www.eptisa.com\\\/ro\\\/#\\\/schema\\\/person\\\/7cf1f5d49be86d6748acfa485b6872d8\",\"name\":\"Margarita Marticorena\",\"url\":\"https:\\\/\\\/www.eptisa.com\\\/ro\\\/author\\\/marga\\\/\"}]}<\/script>\n<!-- \/ Yoast SEO plugin. -->","yoast_head_json":{"title":"Eptisa particip\u0103 la cea de-a VIII-a reuniune la nivel \u00eenalt Spania-Turcia","robots":{"index":"index","follow":"follow","max-snippet":"max-snippet:-1","max-image-preview":"max-image-preview:large","max-video-preview":"max-video-preview:-1"},"canonical":"https:\/\/www.eptisa.com\/ro\/eptisa-participa-la-cea-de-a-viii-a-reuniune-la-nivel-inalt-spania-turcia\/","og_locale":"ro_RO","og_type":"article","og_title":"Eptisa particip\u0103 la cea de-a VIII-a reuniune la nivel \u00eenalt Spania-Turcia","og_description":"Cel de-al 8-lea summit interguvernamental \u00eentre Turcia \u0219i Spania a avut loc la Madrid pe 13. Cu aceast\u0103 ocazie, 150 de companii turce\u0219ti sau companii cu prezen\u021b\u0103 \u00een \u021bar\u0103 au luat parte la \u00eent\u00e2lnirea de afaceri organizat\u0103 \u00een cadrul celei de-a 8-a reuniuni la nivel \u00eenalt Spania-Turcia, condus\u0103 de prim-ministrul Pedro S\u00e1nchez \u0219i pre\u0219edintele Turciei, [&hellip;]","og_url":"https:\/\/www.eptisa.com\/ro\/eptisa-participa-la-cea-de-a-viii-a-reuniune-la-nivel-inalt-spania-turcia\/","og_site_name":"Eptisa","article_published_time":"2024-06-17T11:42:10+00:00","author":"Margarita Marticorena","twitter_card":"summary_large_image","twitter_misc":{"Scris de":"Margarita Marticorena","Timp estimat pentru citire":"1 minut"},"schema":{"@context":"https:\/\/schema.org","@graph":[{"@type":"Article","@id":"https:\/\/www.eptisa.com\/ro\/eptisa-participa-la-cea-de-a-viii-a-reuniune-la-nivel-inalt-spania-turcia\/#article","isPartOf":{"@id":"https:\/\/www.eptisa.com\/ro\/eptisa-participa-la-cea-de-a-viii-a-reuniune-la-nivel-inalt-spania-turcia\/"},"author":{"name":"Margarita Marticorena","@id":"https:\/\/www.eptisa.com\/ro\/#\/schema\/person\/7cf1f5d49be86d6748acfa485b6872d8"},"headline":"Eptisa particip\u0103 la cea de-a VIII-a reuniune la nivel \u00eenalt Spania-Turcia","datePublished":"2024-06-17T11:42:10+00:00","mainEntityOfPage":{"@id":"https:\/\/www.eptisa.com\/ro\/eptisa-participa-la-cea-de-a-viii-a-reuniune-la-nivel-inalt-spania-turcia\/"},"wordCount":129,"publisher":{"@id":"https:\/\/www.eptisa.com\/ro\/#organization"},"image":{"@id":"https:\/\/www.eptisa.com\/ro\/eptisa-participa-la-cea-de-a-viii-a-reuniune-la-nivel-inalt-spania-turcia\/#primaryimage"},"thumbnailUrl":"https:\/\/www.eptisa.com\/wp-content\/uploads\/2025\/09\/FCR_3310-scaled-1.avif","keywords":["Turcia","reuniune"],"articleSection":["Eveniment"],"inLanguage":"ro-RO"},{"@type":"WebPage","@id":"https:\/\/www.eptisa.com\/ro\/eptisa-participa-la-cea-de-a-viii-a-reuniune-la-nivel-inalt-spania-turcia\/","url":"https:\/\/www.eptisa.com\/ro\/eptisa-participa-la-cea-de-a-viii-a-reuniune-la-nivel-inalt-spania-turcia\/","name":"Eptisa particip\u0103 la cea de-a VIII-a reuniune la nivel \u00eenalt Spania-Turcia","isPartOf":{"@id":"https:\/\/www.eptisa.com\/ro\/#website"},"primaryImageOfPage":{"@id":"https:\/\/www.eptisa.com\/ro\/eptisa-participa-la-cea-de-a-viii-a-reuniune-la-nivel-inalt-spania-turcia\/#primaryimage"},"image":{"@id":"https:\/\/www.eptisa.com\/ro\/eptisa-participa-la-cea-de-a-viii-a-reuniune-la-nivel-inalt-spania-turcia\/#primaryimage"},"thumbnailUrl":"https:\/\/www.eptisa.com\/wp-content\/uploads\/2025\/09\/FCR_3310-scaled-1.avif","datePublished":"2024-06-17T11:42:10+00:00","breadcrumb":{"@id":"https:\/\/www.eptisa.com\/ro\/eptisa-participa-la-cea-de-a-viii-a-reuniune-la-nivel-inalt-spania-turcia\/#breadcrumb"},"inLanguage":"ro-RO","potentialAction":[{"@type":"ReadAction","target":["https:\/\/www.eptisa.com\/ro\/eptisa-participa-la-cea-de-a-viii-a-reuniune-la-nivel-inalt-spania-turcia\/"]}]},{"@type":"ImageObject","inLanguage":"ro-RO","@id":"https:\/\/www.eptisa.com\/ro\/eptisa-participa-la-cea-de-a-viii-a-reuniune-la-nivel-inalt-spania-turcia\/#primaryimage","url":"https:\/\/www.eptisa.com\/wp-content\/uploads\/2025\/09\/FCR_3310-scaled-1.avif","contentUrl":"https:\/\/www.eptisa.com\/wp-content\/uploads\/2025\/09\/FCR_3310-scaled-1.avif","width":2560,"height":1707},{"@type":"BreadcrumbList","@id":"https:\/\/www.eptisa.com\/ro\/eptisa-participa-la-cea-de-a-viii-a-reuniune-la-nivel-inalt-spania-turcia\/#breadcrumb","itemListElement":[{"@type":"ListItem","position":1,"name":"Home","item":"https:\/\/www.eptisa.com\/ro\/"},{"@type":"ListItem","position":2,"name":"Eptisa particip\u0103 la cea de-a VIII-a reuniune la nivel \u00eenalt Spania-Turcia"}]},{"@type":"WebSite","@id":"https:\/\/www.eptisa.com\/ro\/#website","url":"https:\/\/www.eptisa.com\/ro\/","name":"Eptisa","description":"Empresa Multinacional de Ingenier\u00eda","publisher":{"@id":"https:\/\/www.eptisa.com\/ro\/#organization"},"potentialAction":[{"@type":"SearchAction","target":{"@type":"EntryPoint","urlTemplate":"https:\/\/www.eptisa.com\/ro\/?s={search_term_string}"},"query-input":{"@type":"PropertyValueSpecification","valueRequired":true,"valueName":"search_term_string"}}],"inLanguage":"ro-RO"},{"@type":"Organization","@id":"https:\/\/www.eptisa.com\/ro\/#organization","name":"Eptisa","url":"https:\/\/www.eptisa.com\/ro\/","logo":{"@type":"ImageObject","inLanguage":"ro-RO","@id":"https:\/\/www.eptisa.com\/ro\/#\/schema\/logo\/image\/","url":"https:\/\/www.eptisa.com\/wp-content\/uploads\/2025\/06\/7265704d3382618649eba7d99541ab81042c2245-scaled.png","contentUrl":"https:\/\/www.eptisa.com\/wp-content\/uploads\/2025\/06\/7265704d3382618649eba7d99541ab81042c2245-scaled.png","width":2560,"height":1067,"caption":"Eptisa"},"image":{"@id":"https:\/\/www.eptisa.com\/ro\/#\/schema\/logo\/image\/"}},{"@type":"Person","@id":"https:\/\/www.eptisa.com\/ro\/#\/schema\/person\/7cf1f5d49be86d6748acfa485b6872d8","name":"Margarita Marticorena","url":"https:\/\/www.eptisa.com\/ro\/author\/marga\/"}]}},"_links":{"self":[{"href":"https:\/\/www.eptisa.com\/ro\/wp-json\/wp\/v2\/posts\/3605","targetHints":{"allow":["GET"]}}],"collection":[{"href":"https:\/\/www.eptisa.com\/ro\/wp-json\/wp\/v2\/posts"}],"about":[{"href":"https:\/\/www.eptisa.com\/ro\/wp-json\/wp\/v2\/types\/post"}],"author":[{"embeddable":true,"href":"https:\/\/www.eptisa.com\/ro\/wp-json\/wp\/v2\/users\/10"}],"replies":[{"embeddable":true,"href":"https:\/\/www.eptisa.com\/ro\/wp-json\/wp\/v2\/comments?post=3605"}],"version-history":[{"count":0,"href":"https:\/\/www.eptisa.com\/ro\/wp-json\/wp\/v2\/posts\/3605\/revisions"}],"wp:featuredmedia":[{"embeddable":true,"href":"https:\/\/www.eptisa.com\/ro\/wp-json\/wp\/v2\/media\/1301"}],"wp:attachment":[{"href":"https:\/\/www.eptisa.com\/ro\/wp-json\/wp\/v2\/media?parent=3605"}],"wp:term":[{"taxonomy":"category","embeddable":true,"href":"https:\/\/www.eptisa.com\/ro\/wp-json\/wp\/v2\/categories?post=3605"},{"taxonomy":"post_tag","embeddable":true,"href":"https:\/\/www.eptisa.com\/ro\/wp-json\/wp\/v2\/tags?post=3605"}],"curies":[{"name":"wp","href":"https:\/\/api.w.org\/{rel}","templated":true}]}}