{"id":3606,"date":"2024-10-09T06:33:14","date_gmt":"2024-10-09T04:33:14","guid":{"rendered":"https:\/\/eptisa.com\/eptisa-participa-la-conferinta-privind-provocarile-strategice-legate-de-apa\/"},"modified":"2024-10-09T06:33:14","modified_gmt":"2024-10-09T04:33:14","slug":"eptisa-participa-la-conferinta-privind-provocarile-strategice-legate-de-apa","status":"publish","type":"post","link":"https:\/\/www.eptisa.com\/ro\/eptisa-participa-la-conferinta-privind-provocarile-strategice-legate-de-apa\/","title":{"rendered":"Eptisa particip\u0103 la Conferin\u021ba privind provoc\u0103rile strategice legate de ap\u0103"},"content":{"rendered":"<p>La 4 octombrie, <strong>Eptisa<\/strong> a participat la <strong>Conferin\u021ba privind provoc\u0103rile strategice ale apei<\/strong>, organizat\u0103 de Activos, El Peri\u00f3dico de Espa\u00f1a \u0219i Prensa Ib\u00e9rica.<\/p>\n<p>Colegul nostru<strong> Jos\u00e9 Garc\u00eda Coba<\/strong>, responsabil cu resursele de ap\u0103 \u0219i gestionarea inunda\u021biilor, a luat parte la prima dezbatere &#8222;Provocarea Spaniei \u00een fa\u021ba stresului hidric&#8221;.<\/p>\n<p>Jos\u00e9 Garc\u00eda Coba a f\u0103cut o prezentare interesant\u0103 a problemei stresului hidric, a celor mai relevan\u021bi factori \u0219i consecin\u021be ale acestuia \u0219i a explicat modul \u00een care o companie de inginerie precum Eptisa este capabil\u0103 s\u0103 abordeze aceast\u0103 problem\u0103 \u00eentr-un mod global.<\/p>\n<p>Masa rotund\u0103 a fost moderat\u0103 de Jos\u00e9 Trigueros, pre\u0219edintele Asocia\u021biei Inginerilor Civili, iar Jos\u00e9 Garc\u00eda Coba a fost \u00eenso\u021bit de persoane importante precum Carlos Guillermo Ruiz del Portal, \u0219eful Planific\u0103rii Hidrologice a Confedera\u021biei Hidrografice Mi\u00f1o-Sil \u0219i Luis Antonio Mart\u00ednez, director general adjunct al Planific\u0103rii Hidrologice a Direc\u021biei Generale pentru Ap\u0103.<\/p>\n","protected":false},"excerpt":{"rendered":"<p>La 4 octombrie, Eptisa a participat la Conferin\u021ba privind provoc\u0103rile strategice ale apei, organizat\u0103 de Activos, El Peri\u00f3dico de Espa\u00f1a \u0219i Prensa Ib\u00e9rica. Colegul nostru Jos\u00e9 Garc\u00eda Coba, responsabil cu resursele de ap\u0103 \u0219i gestionarea inunda\u021biilor, a luat parte la prima dezbatere &#8222;Provocarea Spaniei \u00een fa\u021ba stresului hidric&#8221;. Jos\u00e9 Garc\u00eda Coba a f\u0103cut o prezentare [&hellip;]<\/p>\n","protected":false},"author":10,"featured_media":1332,"comment_status":"closed","ping_status":"open","sticky":false,"template":"","format":"standard","meta":{"_acf_changed":false,"footnotes":""},"categories":[646,992],"tags":[945,952,993,994,995],"class_list":["post-3606","post","type-post","status-publish","format-standard","has-post-thumbnail","hentry","category-transport-inginerie-civila-3","category-apaeveniment","tag-eveniment","tag-talent","tag-apa","tag-eveniment-2","tag-prelegere"],"acf":[],"yoast_head":"<!-- This site is optimized with the Yoast SEO plugin v27.4 - https:\/\/yoast.com\/product\/yoast-seo-wordpress\/ -->\n<title>Eptisa particip\u0103 la Conferin\u021ba privind provoc\u0103rile strategice legate de ap\u0103<\/title>\n<meta name=\"robots\" content=\"index, follow, max-snippet:-1, max-image-preview:large, max-video-preview:-1\" \/>\n<link rel=\"canonical\" href=\"https:\/\/www.eptisa.com\/ro\/eptisa-participa-la-conferinta-privind-provocarile-strategice-legate-de-apa\/\" \/>\n<meta property=\"og:locale\" content=\"ro_RO\" \/>\n<meta property=\"og:type\" content=\"article\" \/>\n<meta property=\"og:title\" content=\"Eptisa particip\u0103 la Conferin\u021ba privind provoc\u0103rile strategice legate de ap\u0103\" \/>\n<meta property=\"og:description\" content=\"La 4 octombrie, Eptisa a participat la Conferin\u021ba privind provoc\u0103rile strategice ale apei, organizat\u0103 de Activos, El Peri\u00f3dico de Espa\u00f1a \u0219i Prensa Ib\u00e9rica. Colegul nostru Jos\u00e9 Garc\u00eda Coba, responsabil cu resursele de ap\u0103 \u0219i gestionarea inunda\u021biilor, a luat parte la prima dezbatere &#8222;Provocarea Spaniei \u00een fa\u021ba stresului hidric&#8221;. Jos\u00e9 Garc\u00eda Coba a f\u0103cut o prezentare [&hellip;]\" \/>\n<meta property=\"og:url\" content=\"https:\/\/www.eptisa.com\/ro\/eptisa-participa-la-conferinta-privind-provocarile-strategice-legate-de-apa\/\" \/>\n<meta property=\"og:site_name\" content=\"Eptisa\" \/>\n<meta property=\"article:published_time\" content=\"2024-10-09T04:33:14+00:00\" \/>\n<meta name=\"author\" content=\"Margarita Marticorena\" \/>\n<meta name=\"twitter:card\" content=\"summary_large_image\" \/>\n<meta name=\"twitter:label1\" content=\"Scris de\" \/>\n\t<meta name=\"twitter:data1\" content=\"Margarita Marticorena\" \/>\n\t<meta name=\"twitter:label2\" content=\"Timp estimat pentru citire\" \/>\n\t<meta name=\"twitter:data2\" content=\"1 minut\" \/>\n<script type=\"application\/ld+json\" class=\"yoast-schema-graph\">{\"@context\":\"https:\\\/\\\/schema.org\",\"@graph\":[{\"@type\":\"Article\",\"@id\":\"https:\\\/\\\/www.eptisa.com\\\/ro\\\/eptisa-participa-la-conferinta-privind-provocarile-strategice-legate-de-apa\\\/#article\",\"isPartOf\":{\"@id\":\"https:\\\/\\\/www.eptisa.com\\\/ro\\\/eptisa-participa-la-conferinta-privind-provocarile-strategice-legate-de-apa\\\/\"},\"author\":{\"name\":\"Margarita Marticorena\",\"@id\":\"https:\\\/\\\/www.eptisa.com\\\/ro\\\/#\\\/schema\\\/person\\\/7cf1f5d49be86d6748acfa485b6872d8\"},\"headline\":\"Eptisa particip\u0103 la Conferin\u021ba privind provoc\u0103rile strategice legate de ap\u0103\",\"datePublished\":\"2024-10-09T04:33:14+00:00\",\"mainEntityOfPage\":{\"@id\":\"https:\\\/\\\/www.eptisa.com\\\/ro\\\/eptisa-participa-la-conferinta-privind-provocarile-strategice-legate-de-apa\\\/\"},\"wordCount\":173,\"publisher\":{\"@id\":\"https:\\\/\\\/www.eptisa.com\\\/ro\\\/#organization\"},\"image\":{\"@id\":\"https:\\\/\\\/www.eptisa.com\\\/ro\\\/eptisa-participa-la-conferinta-privind-provocarile-strategice-legate-de-apa\\\/#primaryimage\"},\"thumbnailUrl\":\"https:\\\/\\\/www.eptisa.com\\\/wp-content\\\/uploads\\\/2025\\\/09\\\/JornadaCYII_4oct24-jpg.avif\",\"keywords\":[\"Eveniment\",\"Talent\",\"Ap\u0103\",\"eveniment\",\"prelegere\"],\"articleSection\":[\"Transport\",\"Ap\u0103|Eveniment\"],\"inLanguage\":\"ro-RO\"},{\"@type\":\"WebPage\",\"@id\":\"https:\\\/\\\/www.eptisa.com\\\/ro\\\/eptisa-participa-la-conferinta-privind-provocarile-strategice-legate-de-apa\\\/\",\"url\":\"https:\\\/\\\/www.eptisa.com\\\/ro\\\/eptisa-participa-la-conferinta-privind-provocarile-strategice-legate-de-apa\\\/\",\"name\":\"Eptisa particip\u0103 la Conferin\u021ba privind provoc\u0103rile strategice legate de ap\u0103\",\"isPartOf\":{\"@id\":\"https:\\\/\\\/www.eptisa.com\\\/ro\\\/#website\"},\"primaryImageOfPage\":{\"@id\":\"https:\\\/\\\/www.eptisa.com\\\/ro\\\/eptisa-participa-la-conferinta-privind-provocarile-strategice-legate-de-apa\\\/#primaryimage\"},\"image\":{\"@id\":\"https:\\\/\\\/www.eptisa.com\\\/ro\\\/eptisa-participa-la-conferinta-privind-provocarile-strategice-legate-de-apa\\\/#primaryimage\"},\"thumbnailUrl\":\"https:\\\/\\\/www.eptisa.com\\\/wp-content\\\/uploads\\\/2025\\\/09\\\/JornadaCYII_4oct24-jpg.avif\",\"datePublished\":\"2024-10-09T04:33:14+00:00\",\"breadcrumb\":{\"@id\":\"https:\\\/\\\/www.eptisa.com\\\/ro\\\/eptisa-participa-la-conferinta-privind-provocarile-strategice-legate-de-apa\\\/#breadcrumb\"},\"inLanguage\":\"ro-RO\",\"potentialAction\":[{\"@type\":\"ReadAction\",\"target\":[\"https:\\\/\\\/www.eptisa.com\\\/ro\\\/eptisa-participa-la-conferinta-privind-provocarile-strategice-legate-de-apa\\\/\"]}]},{\"@type\":\"ImageObject\",\"inLanguage\":\"ro-RO\",\"@id\":\"https:\\\/\\\/www.eptisa.com\\\/ro\\\/eptisa-participa-la-conferinta-privind-provocarile-strategice-legate-de-apa\\\/#primaryimage\",\"url\":\"https:\\\/\\\/www.eptisa.com\\\/wp-content\\\/uploads\\\/2025\\\/09\\\/JornadaCYII_4oct24-jpg.avif\",\"contentUrl\":\"https:\\\/\\\/www.eptisa.com\\\/wp-content\\\/uploads\\\/2025\\\/09\\\/JornadaCYII_4oct24-jpg.avif\",\"width\":750,\"height\":639},{\"@type\":\"BreadcrumbList\",\"@id\":\"https:\\\/\\\/www.eptisa.com\\\/ro\\\/eptisa-participa-la-conferinta-privind-provocarile-strategice-legate-de-apa\\\/#breadcrumb\",\"itemListElement\":[{\"@type\":\"ListItem\",\"position\":1,\"name\":\"Home\",\"item\":\"https:\\\/\\\/www.eptisa.com\\\/ro\\\/\"},{\"@type\":\"ListItem\",\"position\":2,\"name\":\"Eptisa particip\u0103 la Conferin\u021ba privind provoc\u0103rile strategice legate de ap\u0103\"}]},{\"@type\":\"WebSite\",\"@id\":\"https:\\\/\\\/www.eptisa.com\\\/ro\\\/#website\",\"url\":\"https:\\\/\\\/www.eptisa.com\\\/ro\\\/\",\"name\":\"Eptisa\",\"description\":\"Empresa Multinacional de Ingenier\u00eda\",\"publisher\":{\"@id\":\"https:\\\/\\\/www.eptisa.com\\\/ro\\\/#organization\"},\"potentialAction\":[{\"@type\":\"SearchAction\",\"target\":{\"@type\":\"EntryPoint\",\"urlTemplate\":\"https:\\\/\\\/www.eptisa.com\\\/ro\\\/?s={search_term_string}\"},\"query-input\":{\"@type\":\"PropertyValueSpecification\",\"valueRequired\":true,\"valueName\":\"search_term_string\"}}],\"inLanguage\":\"ro-RO\"},{\"@type\":\"Organization\",\"@id\":\"https:\\\/\\\/www.eptisa.com\\\/ro\\\/#organization\",\"name\":\"Eptisa\",\"url\":\"https:\\\/\\\/www.eptisa.com\\\/ro\\\/\",\"logo\":{\"@type\":\"ImageObject\",\"inLanguage\":\"ro-RO\",\"@id\":\"https:\\\/\\\/www.eptisa.com\\\/ro\\\/#\\\/schema\\\/logo\\\/image\\\/\",\"url\":\"https:\\\/\\\/www.eptisa.com\\\/wp-content\\\/uploads\\\/2025\\\/06\\\/7265704d3382618649eba7d99541ab81042c2245-scaled.png\",\"contentUrl\":\"https:\\\/\\\/www.eptisa.com\\\/wp-content\\\/uploads\\\/2025\\\/06\\\/7265704d3382618649eba7d99541ab81042c2245-scaled.png\",\"width\":2560,\"height\":1067,\"caption\":\"Eptisa\"},\"image\":{\"@id\":\"https:\\\/\\\/www.eptisa.com\\\/ro\\\/#\\\/schema\\\/logo\\\/image\\\/\"}},{\"@type\":\"Person\",\"@id\":\"https:\\\/\\\/www.eptisa.com\\\/ro\\\/#\\\/schema\\\/person\\\/7cf1f5d49be86d6748acfa485b6872d8\",\"name\":\"Margarita Marticorena\",\"url\":\"https:\\\/\\\/www.eptisa.com\\\/ro\\\/author\\\/marga\\\/\"}]}<\/script>\n<!-- \/ Yoast SEO plugin. -->","yoast_head_json":{"title":"Eptisa particip\u0103 la Conferin\u021ba privind provoc\u0103rile strategice legate de ap\u0103","robots":{"index":"index","follow":"follow","max-snippet":"max-snippet:-1","max-image-preview":"max-image-preview:large","max-video-preview":"max-video-preview:-1"},"canonical":"https:\/\/www.eptisa.com\/ro\/eptisa-participa-la-conferinta-privind-provocarile-strategice-legate-de-apa\/","og_locale":"ro_RO","og_type":"article","og_title":"Eptisa particip\u0103 la Conferin\u021ba privind provoc\u0103rile strategice legate de ap\u0103","og_description":"La 4 octombrie, Eptisa a participat la Conferin\u021ba privind provoc\u0103rile strategice ale apei, organizat\u0103 de Activos, El Peri\u00f3dico de Espa\u00f1a \u0219i Prensa Ib\u00e9rica. Colegul nostru Jos\u00e9 Garc\u00eda Coba, responsabil cu resursele de ap\u0103 \u0219i gestionarea inunda\u021biilor, a luat parte la prima dezbatere &#8222;Provocarea Spaniei \u00een fa\u021ba stresului hidric&#8221;. Jos\u00e9 Garc\u00eda Coba a f\u0103cut o prezentare [&hellip;]","og_url":"https:\/\/www.eptisa.com\/ro\/eptisa-participa-la-conferinta-privind-provocarile-strategice-legate-de-apa\/","og_site_name":"Eptisa","article_published_time":"2024-10-09T04:33:14+00:00","author":"Margarita Marticorena","twitter_card":"summary_large_image","twitter_misc":{"Scris de":"Margarita Marticorena","Timp estimat pentru citire":"1 minut"},"schema":{"@context":"https:\/\/schema.org","@graph":[{"@type":"Article","@id":"https:\/\/www.eptisa.com\/ro\/eptisa-participa-la-conferinta-privind-provocarile-strategice-legate-de-apa\/#article","isPartOf":{"@id":"https:\/\/www.eptisa.com\/ro\/eptisa-participa-la-conferinta-privind-provocarile-strategice-legate-de-apa\/"},"author":{"name":"Margarita Marticorena","@id":"https:\/\/www.eptisa.com\/ro\/#\/schema\/person\/7cf1f5d49be86d6748acfa485b6872d8"},"headline":"Eptisa particip\u0103 la Conferin\u021ba privind provoc\u0103rile strategice legate de ap\u0103","datePublished":"2024-10-09T04:33:14+00:00","mainEntityOfPage":{"@id":"https:\/\/www.eptisa.com\/ro\/eptisa-participa-la-conferinta-privind-provocarile-strategice-legate-de-apa\/"},"wordCount":173,"publisher":{"@id":"https:\/\/www.eptisa.com\/ro\/#organization"},"image":{"@id":"https:\/\/www.eptisa.com\/ro\/eptisa-participa-la-conferinta-privind-provocarile-strategice-legate-de-apa\/#primaryimage"},"thumbnailUrl":"https:\/\/www.eptisa.com\/wp-content\/uploads\/2025\/09\/JornadaCYII_4oct24-jpg.avif","keywords":["Eveniment","Talent","Ap\u0103","eveniment","prelegere"],"articleSection":["Transport","Ap\u0103|Eveniment"],"inLanguage":"ro-RO"},{"@type":"WebPage","@id":"https:\/\/www.eptisa.com\/ro\/eptisa-participa-la-conferinta-privind-provocarile-strategice-legate-de-apa\/","url":"https:\/\/www.eptisa.com\/ro\/eptisa-participa-la-conferinta-privind-provocarile-strategice-legate-de-apa\/","name":"Eptisa particip\u0103 la Conferin\u021ba privind provoc\u0103rile strategice legate de ap\u0103","isPartOf":{"@id":"https:\/\/www.eptisa.com\/ro\/#website"},"primaryImageOfPage":{"@id":"https:\/\/www.eptisa.com\/ro\/eptisa-participa-la-conferinta-privind-provocarile-strategice-legate-de-apa\/#primaryimage"},"image":{"@id":"https:\/\/www.eptisa.com\/ro\/eptisa-participa-la-conferinta-privind-provocarile-strategice-legate-de-apa\/#primaryimage"},"thumbnailUrl":"https:\/\/www.eptisa.com\/wp-content\/uploads\/2025\/09\/JornadaCYII_4oct24-jpg.avif","datePublished":"2024-10-09T04:33:14+00:00","breadcrumb":{"@id":"https:\/\/www.eptisa.com\/ro\/eptisa-participa-la-conferinta-privind-provocarile-strategice-legate-de-apa\/#breadcrumb"},"inLanguage":"ro-RO","potentialAction":[{"@type":"ReadAction","target":["https:\/\/www.eptisa.com\/ro\/eptisa-participa-la-conferinta-privind-provocarile-strategice-legate-de-apa\/"]}]},{"@type":"ImageObject","inLanguage":"ro-RO","@id":"https:\/\/www.eptisa.com\/ro\/eptisa-participa-la-conferinta-privind-provocarile-strategice-legate-de-apa\/#primaryimage","url":"https:\/\/www.eptisa.com\/wp-content\/uploads\/2025\/09\/JornadaCYII_4oct24-jpg.avif","contentUrl":"https:\/\/www.eptisa.com\/wp-content\/uploads\/2025\/09\/JornadaCYII_4oct24-jpg.avif","width":750,"height":639},{"@type":"BreadcrumbList","@id":"https:\/\/www.eptisa.com\/ro\/eptisa-participa-la-conferinta-privind-provocarile-strategice-legate-de-apa\/#breadcrumb","itemListElement":[{"@type":"ListItem","position":1,"name":"Home","item":"https:\/\/www.eptisa.com\/ro\/"},{"@type":"ListItem","position":2,"name":"Eptisa particip\u0103 la Conferin\u021ba privind provoc\u0103rile strategice legate de ap\u0103"}]},{"@type":"WebSite","@id":"https:\/\/www.eptisa.com\/ro\/#website","url":"https:\/\/www.eptisa.com\/ro\/","name":"Eptisa","description":"Empresa Multinacional de Ingenier\u00eda","publisher":{"@id":"https:\/\/www.eptisa.com\/ro\/#organization"},"potentialAction":[{"@type":"SearchAction","target":{"@type":"EntryPoint","urlTemplate":"https:\/\/www.eptisa.com\/ro\/?s={search_term_string}"},"query-input":{"@type":"PropertyValueSpecification","valueRequired":true,"valueName":"search_term_string"}}],"inLanguage":"ro-RO"},{"@type":"Organization","@id":"https:\/\/www.eptisa.com\/ro\/#organization","name":"Eptisa","url":"https:\/\/www.eptisa.com\/ro\/","logo":{"@type":"ImageObject","inLanguage":"ro-RO","@id":"https:\/\/www.eptisa.com\/ro\/#\/schema\/logo\/image\/","url":"https:\/\/www.eptisa.com\/wp-content\/uploads\/2025\/06\/7265704d3382618649eba7d99541ab81042c2245-scaled.png","contentUrl":"https:\/\/www.eptisa.com\/wp-content\/uploads\/2025\/06\/7265704d3382618649eba7d99541ab81042c2245-scaled.png","width":2560,"height":1067,"caption":"Eptisa"},"image":{"@id":"https:\/\/www.eptisa.com\/ro\/#\/schema\/logo\/image\/"}},{"@type":"Person","@id":"https:\/\/www.eptisa.com\/ro\/#\/schema\/person\/7cf1f5d49be86d6748acfa485b6872d8","name":"Margarita Marticorena","url":"https:\/\/www.eptisa.com\/ro\/author\/marga\/"}]}},"_links":{"self":[{"href":"https:\/\/www.eptisa.com\/ro\/wp-json\/wp\/v2\/posts\/3606","targetHints":{"allow":["GET"]}}],"collection":[{"href":"https:\/\/www.eptisa.com\/ro\/wp-json\/wp\/v2\/posts"}],"about":[{"href":"https:\/\/www.eptisa.com\/ro\/wp-json\/wp\/v2\/types\/post"}],"author":[{"embeddable":true,"href":"https:\/\/www.eptisa.com\/ro\/wp-json\/wp\/v2\/users\/10"}],"replies":[{"embeddable":true,"href":"https:\/\/www.eptisa.com\/ro\/wp-json\/wp\/v2\/comments?post=3606"}],"version-history":[{"count":0,"href":"https:\/\/www.eptisa.com\/ro\/wp-json\/wp\/v2\/posts\/3606\/revisions"}],"wp:featuredmedia":[{"embeddable":true,"href":"https:\/\/www.eptisa.com\/ro\/wp-json\/wp\/v2\/media\/1332"}],"wp:attachment":[{"href":"https:\/\/www.eptisa.com\/ro\/wp-json\/wp\/v2\/media?parent=3606"}],"wp:term":[{"taxonomy":"category","embeddable":true,"href":"https:\/\/www.eptisa.com\/ro\/wp-json\/wp\/v2\/categories?post=3606"},{"taxonomy":"post_tag","embeddable":true,"href":"https:\/\/www.eptisa.com\/ro\/wp-json\/wp\/v2\/tags?post=3606"}],"curies":[{"name":"wp","href":"https:\/\/api.w.org\/{rel}","templated":true}]}}