{"id":3609,"date":"2024-10-18T07:03:56","date_gmt":"2024-10-18T05:03:56","guid":{"rendered":"https:\/\/eptisa.com\/eptisa-participa-la-sarbatorirea-a-30-de-ani-de-relatii-bilaterale-intre-macedonia-de-nord-si-spania\/"},"modified":"2025-10-17T09:41:03","modified_gmt":"2025-10-17T07:41:03","slug":"eptisa-participa-la-sarbatorirea-a-30-de-ani-de-relatii-bilaterale-intre-macedonia-de-nord-si-spania","status":"publish","type":"post","link":"https:\/\/www.eptisa.com\/ro\/eptisa-participa-la-sarbatorirea-a-30-de-ani-de-relatii-bilaterale-intre-macedonia-de-nord-si-spania\/","title":{"rendered":"Eptisa particip\u0103 la s\u0103rb\u0103torirea a 30 de ani de rela\u021bii bilaterale \u00eentre Macedonia de Nord \u0219i Spania"},"content":{"rendered":"\t\t<div data-elementor-type=\"wp-post\" data-elementor-id=\"3609\" class=\"elementor elementor-3609 elementor-2463\" data-elementor-post-type=\"post\">\n\t\t\t\t<div class=\"elementor-element elementor-element-2fab2598 e-con-full e-flex e-con e-parent\" data-id=\"2fab2598\" data-element_type=\"container\" data-e-type=\"container\">\n\t\t\t\t<div class=\"elementor-element elementor-element-a50714e elementor-widget elementor-widget-text-editor\" data-id=\"a50714e\" data-element_type=\"widget\" data-e-type=\"widget\" data-widget_type=\"text-editor.default\">\n\t\t\t\t<div class=\"elementor-widget-container\">\n\t\t\t\t\t\t\t\t\t<p>Eptisa este m\u00e2ndr\u0103 s\u0103 sponsorizeze \u0219i s\u0103 participe la s\u0103rb\u0103torirea a 30 de ani de rela\u021bii diplomatice \u00eentre Macedonia de Nord \u0219i Spania \u0219i a Zilei na\u021bionale a Spaniei. Aceast\u0103 etap\u0103 este o reflectare minunat\u0103 a prieteniei \u0219i colabor\u0103rii de lung\u0103 durat\u0103 dintre cele dou\u0103 \u021b\u0103ri. <\/p><p>Evenimentul a avut loc pe 14 octombrie 2024 la Muzeul de Art\u0103 Contemporan\u0103 din Skopje, cu o expozi\u021bie intitulat\u0103 &#8222;Hallazgos: Works from the Spanish Collection of the Museum of Contemporary Art&#8221;. A fost o \u00eent\u00e2lnire special\u0103 care a reunit demnitari, lideri de afaceri \u0219i reprezentan\u021bi ai comunit\u0103\u021bii pentru a celebra realiz\u0103rile \u0219i valorile comune care au unit Macedonia de Nord \u0219i Spania \u00een ultimele trei decenii. <\/p><p>Ca firm\u0103 global\u0103 de consultan\u021b\u0103 \u0219i inginerie, Eptisa este dedicat\u0103 construirii de parteneriate interna\u021bionale \u0219i contribu\u021biei la cre\u0219terea \u0219i dezvoltarea comunit\u0103\u021bilor pe care le deservim. Privind spre viitor, Eptisa este \u00eenc\u00e2ntat\u0103 de oportunit\u0103\u021bile de cooperare viitoare \u00eentre Macedonia de Nord \u0219i Spania. Credem c\u0103, prin promovarea unor parteneriate puternice \u0219i baz\u00e2ndu-ne pe valorile noastre comune, putem continua s\u0103 ne baz\u0103m pe succesele din ultimele trei decenii \u0219i s\u0103 explor\u0103m noi c\u0103i de colaborare.  <\/p><p>Eptisa este prezent\u0103 \u00een Macedonia de Nord de aproape 20 de ani.<\/p><p><img fetchpriority=\"high\" decoding=\"async\" class=\" wp-image-14973 alignleft\" src=\"https:\/\/eptisa.com\/wp-content\/uploads\/2025\/09\/kolaz-3-300x207.\" alt=\"\" width=\"472\" height=\"332\"><\/p><p><img decoding=\"async\" class=\" wp-image-14971 alignleft\" src=\"https:\/\/eptisa.com\/wp-content\/uploads\/2025\/09\/kolaz-1-300x282.\" alt=\"\" width=\"471\" height=\"364\"><\/p><p> <\/p>\t\t\t\t\t\t\t\t<\/div>\n\t\t\t\t<\/div>\n\t\t\t\t<\/div>\n\t\t\t\t<\/div>\n\t\t","protected":false},"excerpt":{"rendered":"<p>Eptisa este m\u00e2ndr\u0103 s\u0103 sponsorizeze \u0219i s\u0103 participe la s\u0103rb\u0103torirea a 30 de ani de rela\u021bii diplomatice \u00eentre Macedonia de Nord \u0219i Spania \u0219i a Zilei na\u021bionale a Spaniei. Aceast\u0103 etap\u0103 este o reflectare minunat\u0103 a prieteniei \u0219i colabor\u0103rii de lung\u0103 durat\u0103 dintre cele dou\u0103 \u021b\u0103ri. Evenimentul a avut loc pe 14 octombrie 2024 la [&hellip;]<\/p>\n","protected":false},"author":10,"featured_media":1863,"comment_status":"closed","ping_status":"open","sticky":false,"template":"","format":"standard","meta":{"_acf_changed":false,"footnotes":""},"categories":[989],"tags":[1013,1014],"class_list":["post-3609","post","type-post","status-publish","format-standard","has-post-thumbnail","hentry","category-eveniment","tag-sarbatoare","tag-fyrom"],"acf":[],"yoast_head":"<!-- This site is optimized with the Yoast SEO plugin v27.4 - https:\/\/yoast.com\/product\/yoast-seo-wordpress\/ -->\n<title>Eptisa particip\u0103 la s\u0103rb\u0103torirea a 30 de ani de rela\u021bii bilaterale \u00eentre Macedonia de Nord \u0219i Spania<\/title>\n<meta name=\"robots\" content=\"index, follow, max-snippet:-1, max-image-preview:large, max-video-preview:-1\" \/>\n<link rel=\"canonical\" href=\"https:\/\/www.eptisa.com\/ro\/eptisa-participa-la-sarbatorirea-a-30-de-ani-de-relatii-bilaterale-intre-macedonia-de-nord-si-spania\/\" \/>\n<meta property=\"og:locale\" content=\"ro_RO\" \/>\n<meta property=\"og:type\" content=\"article\" \/>\n<meta property=\"og:title\" content=\"Eptisa particip\u0103 la s\u0103rb\u0103torirea a 30 de ani de rela\u021bii bilaterale \u00eentre Macedonia de Nord \u0219i Spania\" \/>\n<meta property=\"og:description\" content=\"Eptisa este m\u00e2ndr\u0103 s\u0103 sponsorizeze \u0219i s\u0103 participe la s\u0103rb\u0103torirea a 30 de ani de rela\u021bii diplomatice \u00eentre Macedonia de Nord \u0219i Spania \u0219i a Zilei na\u021bionale a Spaniei. Aceast\u0103 etap\u0103 este o reflectare minunat\u0103 a prieteniei \u0219i colabor\u0103rii de lung\u0103 durat\u0103 dintre cele dou\u0103 \u021b\u0103ri. Evenimentul a avut loc pe 14 octombrie 2024 la [&hellip;]\" \/>\n<meta property=\"og:url\" content=\"https:\/\/www.eptisa.com\/ro\/eptisa-participa-la-sarbatorirea-a-30-de-ani-de-relatii-bilaterale-intre-macedonia-de-nord-si-spania\/\" \/>\n<meta property=\"og:site_name\" content=\"Eptisa\" \/>\n<meta property=\"article:published_time\" content=\"2024-10-18T05:03:56+00:00\" \/>\n<meta property=\"article:modified_time\" content=\"2025-10-17T07:41:03+00:00\" \/>\n<meta name=\"author\" content=\"Margarita Marticorena\" \/>\n<meta name=\"twitter:card\" content=\"summary_large_image\" \/>\n<meta name=\"twitter:label1\" content=\"Scris de\" \/>\n\t<meta name=\"twitter:data1\" content=\"Margarita Marticorena\" \/>\n\t<meta name=\"twitter:label2\" content=\"Timp estimat pentru citire\" \/>\n\t<meta name=\"twitter:data2\" content=\"2 minute\" \/>\n<script type=\"application\/ld+json\" class=\"yoast-schema-graph\">{\"@context\":\"https:\\\/\\\/schema.org\",\"@graph\":[{\"@type\":\"Article\",\"@id\":\"https:\\\/\\\/www.eptisa.com\\\/ro\\\/eptisa-participa-la-sarbatorirea-a-30-de-ani-de-relatii-bilaterale-intre-macedonia-de-nord-si-spania\\\/#article\",\"isPartOf\":{\"@id\":\"https:\\\/\\\/www.eptisa.com\\\/ro\\\/eptisa-participa-la-sarbatorirea-a-30-de-ani-de-relatii-bilaterale-intre-macedonia-de-nord-si-spania\\\/\"},\"author\":{\"name\":\"Margarita Marticorena\",\"@id\":\"https:\\\/\\\/www.eptisa.com\\\/ro\\\/#\\\/schema\\\/person\\\/7cf1f5d49be86d6748acfa485b6872d8\"},\"headline\":\"Eptisa particip\u0103 la s\u0103rb\u0103torirea a 30 de ani de rela\u021bii bilaterale \u00eentre Macedonia de Nord \u0219i Spania\",\"datePublished\":\"2024-10-18T05:03:56+00:00\",\"dateModified\":\"2025-10-17T07:41:03+00:00\",\"mainEntityOfPage\":{\"@id\":\"https:\\\/\\\/www.eptisa.com\\\/ro\\\/eptisa-participa-la-sarbatorirea-a-30-de-ani-de-relatii-bilaterale-intre-macedonia-de-nord-si-spania\\\/\"},\"wordCount\":233,\"publisher\":{\"@id\":\"https:\\\/\\\/www.eptisa.com\\\/ro\\\/#organization\"},\"image\":{\"@id\":\"https:\\\/\\\/www.eptisa.com\\\/ro\\\/eptisa-participa-la-sarbatorirea-a-30-de-ani-de-relatii-bilaterale-intre-macedonia-de-nord-si-spania\\\/#primaryimage\"},\"thumbnailUrl\":\"https:\\\/\\\/www.eptisa.com\\\/wp-content\\\/uploads\\\/2025\\\/09\\\/Portada-jpg.avif\",\"keywords\":[\"s\u0103rb\u0103toare\",\"Fyrom\"],\"articleSection\":[\"Eveniment\"],\"inLanguage\":\"ro-RO\"},{\"@type\":\"WebPage\",\"@id\":\"https:\\\/\\\/www.eptisa.com\\\/ro\\\/eptisa-participa-la-sarbatorirea-a-30-de-ani-de-relatii-bilaterale-intre-macedonia-de-nord-si-spania\\\/\",\"url\":\"https:\\\/\\\/www.eptisa.com\\\/ro\\\/eptisa-participa-la-sarbatorirea-a-30-de-ani-de-relatii-bilaterale-intre-macedonia-de-nord-si-spania\\\/\",\"name\":\"Eptisa particip\u0103 la s\u0103rb\u0103torirea a 30 de ani de rela\u021bii bilaterale \u00eentre Macedonia de Nord \u0219i Spania\",\"isPartOf\":{\"@id\":\"https:\\\/\\\/www.eptisa.com\\\/ro\\\/#website\"},\"primaryImageOfPage\":{\"@id\":\"https:\\\/\\\/www.eptisa.com\\\/ro\\\/eptisa-participa-la-sarbatorirea-a-30-de-ani-de-relatii-bilaterale-intre-macedonia-de-nord-si-spania\\\/#primaryimage\"},\"image\":{\"@id\":\"https:\\\/\\\/www.eptisa.com\\\/ro\\\/eptisa-participa-la-sarbatorirea-a-30-de-ani-de-relatii-bilaterale-intre-macedonia-de-nord-si-spania\\\/#primaryimage\"},\"thumbnailUrl\":\"https:\\\/\\\/www.eptisa.com\\\/wp-content\\\/uploads\\\/2025\\\/09\\\/Portada-jpg.avif\",\"datePublished\":\"2024-10-18T05:03:56+00:00\",\"dateModified\":\"2025-10-17T07:41:03+00:00\",\"breadcrumb\":{\"@id\":\"https:\\\/\\\/www.eptisa.com\\\/ro\\\/eptisa-participa-la-sarbatorirea-a-30-de-ani-de-relatii-bilaterale-intre-macedonia-de-nord-si-spania\\\/#breadcrumb\"},\"inLanguage\":\"ro-RO\",\"potentialAction\":[{\"@type\":\"ReadAction\",\"target\":[\"https:\\\/\\\/www.eptisa.com\\\/ro\\\/eptisa-participa-la-sarbatorirea-a-30-de-ani-de-relatii-bilaterale-intre-macedonia-de-nord-si-spania\\\/\"]}]},{\"@type\":\"ImageObject\",\"inLanguage\":\"ro-RO\",\"@id\":\"https:\\\/\\\/www.eptisa.com\\\/ro\\\/eptisa-participa-la-sarbatorirea-a-30-de-ani-de-relatii-bilaterale-intre-macedonia-de-nord-si-spania\\\/#primaryimage\",\"url\":\"https:\\\/\\\/www.eptisa.com\\\/wp-content\\\/uploads\\\/2025\\\/09\\\/Portada-jpg.avif\",\"contentUrl\":\"https:\\\/\\\/www.eptisa.com\\\/wp-content\\\/uploads\\\/2025\\\/09\\\/Portada-jpg.avif\",\"width\":521,\"height\":690},{\"@type\":\"BreadcrumbList\",\"@id\":\"https:\\\/\\\/www.eptisa.com\\\/ro\\\/eptisa-participa-la-sarbatorirea-a-30-de-ani-de-relatii-bilaterale-intre-macedonia-de-nord-si-spania\\\/#breadcrumb\",\"itemListElement\":[{\"@type\":\"ListItem\",\"position\":1,\"name\":\"Home\",\"item\":\"https:\\\/\\\/www.eptisa.com\\\/ro\\\/\"},{\"@type\":\"ListItem\",\"position\":2,\"name\":\"Eptisa particip\u0103 la s\u0103rb\u0103torirea a 30 de ani de rela\u021bii bilaterale \u00eentre Macedonia de Nord \u0219i Spania\"}]},{\"@type\":\"WebSite\",\"@id\":\"https:\\\/\\\/www.eptisa.com\\\/ro\\\/#website\",\"url\":\"https:\\\/\\\/www.eptisa.com\\\/ro\\\/\",\"name\":\"Eptisa\",\"description\":\"Empresa Multinacional de Ingenier\u00eda\",\"publisher\":{\"@id\":\"https:\\\/\\\/www.eptisa.com\\\/ro\\\/#organization\"},\"potentialAction\":[{\"@type\":\"SearchAction\",\"target\":{\"@type\":\"EntryPoint\",\"urlTemplate\":\"https:\\\/\\\/www.eptisa.com\\\/ro\\\/?s={search_term_string}\"},\"query-input\":{\"@type\":\"PropertyValueSpecification\",\"valueRequired\":true,\"valueName\":\"search_term_string\"}}],\"inLanguage\":\"ro-RO\"},{\"@type\":\"Organization\",\"@id\":\"https:\\\/\\\/www.eptisa.com\\\/ro\\\/#organization\",\"name\":\"Eptisa\",\"url\":\"https:\\\/\\\/www.eptisa.com\\\/ro\\\/\",\"logo\":{\"@type\":\"ImageObject\",\"inLanguage\":\"ro-RO\",\"@id\":\"https:\\\/\\\/www.eptisa.com\\\/ro\\\/#\\\/schema\\\/logo\\\/image\\\/\",\"url\":\"https:\\\/\\\/www.eptisa.com\\\/wp-content\\\/uploads\\\/2025\\\/06\\\/7265704d3382618649eba7d99541ab81042c2245-scaled.png\",\"contentUrl\":\"https:\\\/\\\/www.eptisa.com\\\/wp-content\\\/uploads\\\/2025\\\/06\\\/7265704d3382618649eba7d99541ab81042c2245-scaled.png\",\"width\":2560,\"height\":1067,\"caption\":\"Eptisa\"},\"image\":{\"@id\":\"https:\\\/\\\/www.eptisa.com\\\/ro\\\/#\\\/schema\\\/logo\\\/image\\\/\"}},{\"@type\":\"Person\",\"@id\":\"https:\\\/\\\/www.eptisa.com\\\/ro\\\/#\\\/schema\\\/person\\\/7cf1f5d49be86d6748acfa485b6872d8\",\"name\":\"Margarita Marticorena\",\"url\":\"https:\\\/\\\/www.eptisa.com\\\/ro\\\/author\\\/marga\\\/\"}]}<\/script>\n<!-- \/ Yoast SEO plugin. -->","yoast_head_json":{"title":"Eptisa particip\u0103 la s\u0103rb\u0103torirea a 30 de ani de rela\u021bii bilaterale \u00eentre Macedonia de Nord \u0219i Spania","robots":{"index":"index","follow":"follow","max-snippet":"max-snippet:-1","max-image-preview":"max-image-preview:large","max-video-preview":"max-video-preview:-1"},"canonical":"https:\/\/www.eptisa.com\/ro\/eptisa-participa-la-sarbatorirea-a-30-de-ani-de-relatii-bilaterale-intre-macedonia-de-nord-si-spania\/","og_locale":"ro_RO","og_type":"article","og_title":"Eptisa particip\u0103 la s\u0103rb\u0103torirea a 30 de ani de rela\u021bii bilaterale \u00eentre Macedonia de Nord \u0219i Spania","og_description":"Eptisa este m\u00e2ndr\u0103 s\u0103 sponsorizeze \u0219i s\u0103 participe la s\u0103rb\u0103torirea a 30 de ani de rela\u021bii diplomatice \u00eentre Macedonia de Nord \u0219i Spania \u0219i a Zilei na\u021bionale a Spaniei. Aceast\u0103 etap\u0103 este o reflectare minunat\u0103 a prieteniei \u0219i colabor\u0103rii de lung\u0103 durat\u0103 dintre cele dou\u0103 \u021b\u0103ri. Evenimentul a avut loc pe 14 octombrie 2024 la [&hellip;]","og_url":"https:\/\/www.eptisa.com\/ro\/eptisa-participa-la-sarbatorirea-a-30-de-ani-de-relatii-bilaterale-intre-macedonia-de-nord-si-spania\/","og_site_name":"Eptisa","article_published_time":"2024-10-18T05:03:56+00:00","article_modified_time":"2025-10-17T07:41:03+00:00","author":"Margarita Marticorena","twitter_card":"summary_large_image","twitter_misc":{"Scris de":"Margarita Marticorena","Timp estimat pentru citire":"2 minute"},"schema":{"@context":"https:\/\/schema.org","@graph":[{"@type":"Article","@id":"https:\/\/www.eptisa.com\/ro\/eptisa-participa-la-sarbatorirea-a-30-de-ani-de-relatii-bilaterale-intre-macedonia-de-nord-si-spania\/#article","isPartOf":{"@id":"https:\/\/www.eptisa.com\/ro\/eptisa-participa-la-sarbatorirea-a-30-de-ani-de-relatii-bilaterale-intre-macedonia-de-nord-si-spania\/"},"author":{"name":"Margarita Marticorena","@id":"https:\/\/www.eptisa.com\/ro\/#\/schema\/person\/7cf1f5d49be86d6748acfa485b6872d8"},"headline":"Eptisa particip\u0103 la s\u0103rb\u0103torirea a 30 de ani de rela\u021bii bilaterale \u00eentre Macedonia de Nord \u0219i Spania","datePublished":"2024-10-18T05:03:56+00:00","dateModified":"2025-10-17T07:41:03+00:00","mainEntityOfPage":{"@id":"https:\/\/www.eptisa.com\/ro\/eptisa-participa-la-sarbatorirea-a-30-de-ani-de-relatii-bilaterale-intre-macedonia-de-nord-si-spania\/"},"wordCount":233,"publisher":{"@id":"https:\/\/www.eptisa.com\/ro\/#organization"},"image":{"@id":"https:\/\/www.eptisa.com\/ro\/eptisa-participa-la-sarbatorirea-a-30-de-ani-de-relatii-bilaterale-intre-macedonia-de-nord-si-spania\/#primaryimage"},"thumbnailUrl":"https:\/\/www.eptisa.com\/wp-content\/uploads\/2025\/09\/Portada-jpg.avif","keywords":["s\u0103rb\u0103toare","Fyrom"],"articleSection":["Eveniment"],"inLanguage":"ro-RO"},{"@type":"WebPage","@id":"https:\/\/www.eptisa.com\/ro\/eptisa-participa-la-sarbatorirea-a-30-de-ani-de-relatii-bilaterale-intre-macedonia-de-nord-si-spania\/","url":"https:\/\/www.eptisa.com\/ro\/eptisa-participa-la-sarbatorirea-a-30-de-ani-de-relatii-bilaterale-intre-macedonia-de-nord-si-spania\/","name":"Eptisa particip\u0103 la s\u0103rb\u0103torirea a 30 de ani de rela\u021bii bilaterale \u00eentre Macedonia de Nord \u0219i Spania","isPartOf":{"@id":"https:\/\/www.eptisa.com\/ro\/#website"},"primaryImageOfPage":{"@id":"https:\/\/www.eptisa.com\/ro\/eptisa-participa-la-sarbatorirea-a-30-de-ani-de-relatii-bilaterale-intre-macedonia-de-nord-si-spania\/#primaryimage"},"image":{"@id":"https:\/\/www.eptisa.com\/ro\/eptisa-participa-la-sarbatorirea-a-30-de-ani-de-relatii-bilaterale-intre-macedonia-de-nord-si-spania\/#primaryimage"},"thumbnailUrl":"https:\/\/www.eptisa.com\/wp-content\/uploads\/2025\/09\/Portada-jpg.avif","datePublished":"2024-10-18T05:03:56+00:00","dateModified":"2025-10-17T07:41:03+00:00","breadcrumb":{"@id":"https:\/\/www.eptisa.com\/ro\/eptisa-participa-la-sarbatorirea-a-30-de-ani-de-relatii-bilaterale-intre-macedonia-de-nord-si-spania\/#breadcrumb"},"inLanguage":"ro-RO","potentialAction":[{"@type":"ReadAction","target":["https:\/\/www.eptisa.com\/ro\/eptisa-participa-la-sarbatorirea-a-30-de-ani-de-relatii-bilaterale-intre-macedonia-de-nord-si-spania\/"]}]},{"@type":"ImageObject","inLanguage":"ro-RO","@id":"https:\/\/www.eptisa.com\/ro\/eptisa-participa-la-sarbatorirea-a-30-de-ani-de-relatii-bilaterale-intre-macedonia-de-nord-si-spania\/#primaryimage","url":"https:\/\/www.eptisa.com\/wp-content\/uploads\/2025\/09\/Portada-jpg.avif","contentUrl":"https:\/\/www.eptisa.com\/wp-content\/uploads\/2025\/09\/Portada-jpg.avif","width":521,"height":690},{"@type":"BreadcrumbList","@id":"https:\/\/www.eptisa.com\/ro\/eptisa-participa-la-sarbatorirea-a-30-de-ani-de-relatii-bilaterale-intre-macedonia-de-nord-si-spania\/#breadcrumb","itemListElement":[{"@type":"ListItem","position":1,"name":"Home","item":"https:\/\/www.eptisa.com\/ro\/"},{"@type":"ListItem","position":2,"name":"Eptisa particip\u0103 la s\u0103rb\u0103torirea a 30 de ani de rela\u021bii bilaterale \u00eentre Macedonia de Nord \u0219i Spania"}]},{"@type":"WebSite","@id":"https:\/\/www.eptisa.com\/ro\/#website","url":"https:\/\/www.eptisa.com\/ro\/","name":"Eptisa","description":"Empresa Multinacional de Ingenier\u00eda","publisher":{"@id":"https:\/\/www.eptisa.com\/ro\/#organization"},"potentialAction":[{"@type":"SearchAction","target":{"@type":"EntryPoint","urlTemplate":"https:\/\/www.eptisa.com\/ro\/?s={search_term_string}"},"query-input":{"@type":"PropertyValueSpecification","valueRequired":true,"valueName":"search_term_string"}}],"inLanguage":"ro-RO"},{"@type":"Organization","@id":"https:\/\/www.eptisa.com\/ro\/#organization","name":"Eptisa","url":"https:\/\/www.eptisa.com\/ro\/","logo":{"@type":"ImageObject","inLanguage":"ro-RO","@id":"https:\/\/www.eptisa.com\/ro\/#\/schema\/logo\/image\/","url":"https:\/\/www.eptisa.com\/wp-content\/uploads\/2025\/06\/7265704d3382618649eba7d99541ab81042c2245-scaled.png","contentUrl":"https:\/\/www.eptisa.com\/wp-content\/uploads\/2025\/06\/7265704d3382618649eba7d99541ab81042c2245-scaled.png","width":2560,"height":1067,"caption":"Eptisa"},"image":{"@id":"https:\/\/www.eptisa.com\/ro\/#\/schema\/logo\/image\/"}},{"@type":"Person","@id":"https:\/\/www.eptisa.com\/ro\/#\/schema\/person\/7cf1f5d49be86d6748acfa485b6872d8","name":"Margarita Marticorena","url":"https:\/\/www.eptisa.com\/ro\/author\/marga\/"}]}},"_links":{"self":[{"href":"https:\/\/www.eptisa.com\/ro\/wp-json\/wp\/v2\/posts\/3609","targetHints":{"allow":["GET"]}}],"collection":[{"href":"https:\/\/www.eptisa.com\/ro\/wp-json\/wp\/v2\/posts"}],"about":[{"href":"https:\/\/www.eptisa.com\/ro\/wp-json\/wp\/v2\/types\/post"}],"author":[{"embeddable":true,"href":"https:\/\/www.eptisa.com\/ro\/wp-json\/wp\/v2\/users\/10"}],"replies":[{"embeddable":true,"href":"https:\/\/www.eptisa.com\/ro\/wp-json\/wp\/v2\/comments?post=3609"}],"version-history":[{"count":0,"href":"https:\/\/www.eptisa.com\/ro\/wp-json\/wp\/v2\/posts\/3609\/revisions"}],"wp:featuredmedia":[{"embeddable":true,"href":"https:\/\/www.eptisa.com\/ro\/wp-json\/wp\/v2\/media\/1863"}],"wp:attachment":[{"href":"https:\/\/www.eptisa.com\/ro\/wp-json\/wp\/v2\/media?parent=3609"}],"wp:term":[{"taxonomy":"category","embeddable":true,"href":"https:\/\/www.eptisa.com\/ro\/wp-json\/wp\/v2\/categories?post=3609"},{"taxonomy":"post_tag","embeddable":true,"href":"https:\/\/www.eptisa.com\/ro\/wp-json\/wp\/v2\/tags?post=3609"}],"curies":[{"name":"wp","href":"https:\/\/api.w.org\/{rel}","templated":true}]}}