{"id":3610,"date":"2024-09-17T09:12:30","date_gmt":"2024-09-17T07:12:30","guid":{"rendered":"https:\/\/eptisa.com\/eptisa-joaca-un-rol-decisiv-in-crearea-casei-europei-in-serbia\/"},"modified":"2025-10-17T09:44:18","modified_gmt":"2025-10-17T07:44:18","slug":"eptisa-joaca-un-rol-decisiv-in-crearea-casei-europei-in-serbia","status":"publish","type":"post","link":"https:\/\/www.eptisa.com\/ro\/eptisa-joaca-un-rol-decisiv-in-crearea-casei-europei-in-serbia\/","title":{"rendered":"EPTISA joac\u0103 un rol decisiv \u00een crearea Casei Europei \u00een Serbia"},"content":{"rendered":"\t\t<div data-elementor-type=\"wp-post\" data-elementor-id=\"3610\" class=\"elementor elementor-3610 elementor-2457\" data-elementor-post-type=\"post\">\n\t\t\t\t<div class=\"elementor-element elementor-element-6d048dbf e-con-full e-flex e-con e-parent\" data-id=\"6d048dbf\" data-element_type=\"container\" data-e-type=\"container\">\n\t\t\t\t<div class=\"elementor-element elementor-element-7117b5ba elementor-widget elementor-widget-text-editor\" data-id=\"7117b5ba\" data-element_type=\"widget\" data-e-type=\"widget\" data-widget_type=\"text-editor.default\">\n\t\t\t\t<div class=\"elementor-widget-container\">\n\t\t\t\t\t\t\t\t\t<p>Eptisa implementeaz\u0103 cu succes proiectul &#8222;Re\u021beaua de comunicare a UE \u00een Serbia (EUINFONET)&#8221; de aproape 10 ani. Av\u00e2nd ca scop cre\u0219terea gradului de con\u0219tientizare \u0219i \u00een\u021belegere a publicului cu privire la UE, inclusiv valorile, func\u021biile, institu\u021biile, politicile \u0219i asisten\u021ba acordat\u0103 Serbiei, precum \u0219i impactul acesteia asupra cet\u0103\u021benilor \u0219i \u00eentreprinderilor s\u00e2rbe, acest proiect serve\u0219te drept punct focal pentru comunicarea \u0219i diseminarea informa\u021biilor despre UE c\u0103tre publicul s\u00e2rb. <\/p><p>De-a lungul anilor, am gestionat eficient Centrul de informare al UE din Belgrad \u0219i punctele de informare ale UE din Nis \u0219i Novi Sad \u0219i am facilitat accesul cet\u0103\u021benilor s\u00e2rbi \u0219i al mass-mediei la informa\u021bii privind UE. La 4 septembrie 2024, Delega\u021bia UE a deschis oficial noul s\u0103u centru de reuniuni, dialog \u0219i parteneriat pentru cooperare din Belgrad: Casa Europei. <\/p><p>Casa Europei Belgrad se deschide \u00een centrul ora\u0219ului, \u00een prezen\u021ba oficialilor de stat, a reprezentan\u021bilor corpului diplomatic \u0219i a numero\u0219i parteneri, cu scopul de a consolida leg\u0103turile dintre Serbia \u0219i Uniunea European\u0103.<\/p><p>Casa Europei func\u021bioneaz\u0103 ca un centru de comunicare \u00een conformitate cu principiul: conectare &#8211; implicare &#8211; responsabilizare. Re\u021beaua EH ar trebui s\u0103 r\u0103m\u00e2n\u0103 principalul centru de informare, principalul generator de re\u021bele de comunicare \u0219i punctul focal pentru evenimentele legate de UE din \u021bar\u0103. <\/p><p>Echipa noastr\u0103 de peste 25 de exper\u021bi a jucat un rol esen\u021bial \u00een inaugurarea Casei Europei, oferind asisten\u021b\u0103 \u00een materie de achizi\u021bii publice, monitorizare, supraveghere \u0219i sprijin mediatic pe tot parcursul procesului.<\/p><p>Echipa dedicat\u0103 \u0219i experimentat\u0103 care deruleaz\u0103 acest proiect \u00een numele EPTISA continu\u0103 s\u0103 implementeze activit\u0103\u021bile \u0219i \u00eei invit\u0103 pe to\u021bi s\u0103 vin\u0103 \u0219i s\u0103 ia cu ei o parte din valorile UE.<\/p><p>Pentru mai multe informa\u021bii, v\u0103 rug\u0103m s\u0103 vizita\u021bi urm\u0103torul site https:\/\/evropskakuca.rs.<\/p><p><img fetchpriority=\"high\" decoding=\"async\" class=\" wp-image-14915 alignleft\" src=\"https:\/\/eptisa.com\/wp-content\/uploads\/2025\/09\/Europe-house-4-300x200.\" alt=\"\" width=\"302\" height=\"264\"><\/p><p><img decoding=\"async\" class=\" wp-image-14917 alignleft\" src=\"https:\/\/eptisa.com\/wp-content\/uploads\/2025\/09\/Europe-house-2-300x200.\" alt=\"\" width=\"302\" height=\"275\"><\/p>\t\t\t\t\t\t\t\t<\/div>\n\t\t\t\t<\/div>\n\t\t\t\t<\/div>\n\t\t\t\t<\/div>\n\t\t","protected":false},"excerpt":{"rendered":"<p>Eptisa implementeaz\u0103 cu succes proiectul &#8222;Re\u021beaua de comunicare a UE \u00een Serbia (EUINFONET)&#8221; de aproape 10 ani. Av\u00e2nd ca scop cre\u0219terea gradului de con\u0219tientizare \u0219i \u00een\u021belegere a publicului cu privire la UE, inclusiv valorile, func\u021biile, institu\u021biile, politicile \u0219i asisten\u021ba acordat\u0103 Serbiei, precum \u0219i impactul acesteia asupra cet\u0103\u021benilor \u0219i \u00eentreprinderilor s\u00e2rbe, acest proiect serve\u0219te drept punct [&hellip;]<\/p>\n","protected":false},"author":10,"featured_media":1328,"comment_status":"closed","ping_status":"open","sticky":false,"template":"","format":"standard","meta":{"_acf_changed":false,"footnotes":""},"categories":[989],"tags":[945,1015,1016],"class_list":["post-3610","post","type-post","status-publish","format-standard","has-post-thumbnail","hentry","category-eveniment","tag-eveniment","tag-europa","tag-ue"],"acf":[],"yoast_head":"<!-- This site is optimized with the Yoast SEO plugin v27.4 - https:\/\/yoast.com\/product\/yoast-seo-wordpress\/ -->\n<title>EPTISA joac\u0103 un rol decisiv \u00een crearea Casei Europei \u00een Serbia<\/title>\n<meta name=\"robots\" content=\"index, follow, max-snippet:-1, max-image-preview:large, max-video-preview:-1\" \/>\n<link rel=\"canonical\" href=\"https:\/\/www.eptisa.com\/ro\/eptisa-joaca-un-rol-decisiv-in-crearea-casei-europei-in-serbia\/\" \/>\n<meta property=\"og:locale\" content=\"ro_RO\" \/>\n<meta property=\"og:type\" content=\"article\" \/>\n<meta property=\"og:title\" content=\"EPTISA joac\u0103 un rol decisiv \u00een crearea Casei Europei \u00een Serbia\" \/>\n<meta property=\"og:description\" content=\"Eptisa implementeaz\u0103 cu succes proiectul &#8222;Re\u021beaua de comunicare a UE \u00een Serbia (EUINFONET)&#8221; de aproape 10 ani. Av\u00e2nd ca scop cre\u0219terea gradului de con\u0219tientizare \u0219i \u00een\u021belegere a publicului cu privire la UE, inclusiv valorile, func\u021biile, institu\u021biile, politicile \u0219i asisten\u021ba acordat\u0103 Serbiei, precum \u0219i impactul acesteia asupra cet\u0103\u021benilor \u0219i \u00eentreprinderilor s\u00e2rbe, acest proiect serve\u0219te drept punct [&hellip;]\" \/>\n<meta property=\"og:url\" content=\"https:\/\/www.eptisa.com\/ro\/eptisa-joaca-un-rol-decisiv-in-crearea-casei-europei-in-serbia\/\" \/>\n<meta property=\"og:site_name\" content=\"Eptisa\" \/>\n<meta property=\"article:published_time\" content=\"2024-09-17T07:12:30+00:00\" \/>\n<meta property=\"article:modified_time\" content=\"2025-10-17T07:44:18+00:00\" \/>\n<meta property=\"og:image\" content=\"https:\/\/www.eptisa.com\/wp-content\/uploads\/2025\/09\/Europe-house-1.jpg\" \/>\n\t<meta property=\"og:image:width\" content=\"1600\" \/>\n\t<meta property=\"og:image:height\" content=\"1069\" \/>\n\t<meta property=\"og:image:type\" content=\"image\/jpeg\" \/>\n<meta name=\"author\" content=\"Margarita Marticorena\" \/>\n<meta name=\"twitter:card\" content=\"summary_large_image\" \/>\n<meta name=\"twitter:label1\" content=\"Scris de\" \/>\n\t<meta name=\"twitter:data1\" content=\"Margarita Marticorena\" \/>\n\t<meta name=\"twitter:label2\" content=\"Timp estimat pentru citire\" \/>\n\t<meta name=\"twitter:data2\" content=\"2 minute\" \/>\n<script type=\"application\/ld+json\" class=\"yoast-schema-graph\">{\"@context\":\"https:\\\/\\\/schema.org\",\"@graph\":[{\"@type\":\"Article\",\"@id\":\"https:\\\/\\\/www.eptisa.com\\\/ro\\\/eptisa-joaca-un-rol-decisiv-in-crearea-casei-europei-in-serbia\\\/#article\",\"isPartOf\":{\"@id\":\"https:\\\/\\\/www.eptisa.com\\\/ro\\\/eptisa-joaca-un-rol-decisiv-in-crearea-casei-europei-in-serbia\\\/\"},\"author\":{\"name\":\"Margarita Marticorena\",\"@id\":\"https:\\\/\\\/www.eptisa.com\\\/ro\\\/#\\\/schema\\\/person\\\/7cf1f5d49be86d6748acfa485b6872d8\"},\"headline\":\"EPTISA joac\u0103 un rol decisiv \u00een crearea Casei Europei \u00een Serbia\",\"datePublished\":\"2024-09-17T07:12:30+00:00\",\"dateModified\":\"2025-10-17T07:44:18+00:00\",\"mainEntityOfPage\":{\"@id\":\"https:\\\/\\\/www.eptisa.com\\\/ro\\\/eptisa-joaca-un-rol-decisiv-in-crearea-casei-europei-in-serbia\\\/\"},\"wordCount\":323,\"publisher\":{\"@id\":\"https:\\\/\\\/www.eptisa.com\\\/ro\\\/#organization\"},\"image\":{\"@id\":\"https:\\\/\\\/www.eptisa.com\\\/ro\\\/eptisa-joaca-un-rol-decisiv-in-crearea-casei-europei-in-serbia\\\/#primaryimage\"},\"thumbnailUrl\":\"https:\\\/\\\/www.eptisa.com\\\/wp-content\\\/uploads\\\/2025\\\/09\\\/Europe-house-1.jpg\",\"keywords\":[\"Eveniment\",\"Europa\",\"UE\"],\"articleSection\":[\"Eveniment\"],\"inLanguage\":\"ro-RO\"},{\"@type\":\"WebPage\",\"@id\":\"https:\\\/\\\/www.eptisa.com\\\/ro\\\/eptisa-joaca-un-rol-decisiv-in-crearea-casei-europei-in-serbia\\\/\",\"url\":\"https:\\\/\\\/www.eptisa.com\\\/ro\\\/eptisa-joaca-un-rol-decisiv-in-crearea-casei-europei-in-serbia\\\/\",\"name\":\"EPTISA joac\u0103 un rol decisiv \u00een crearea Casei Europei \u00een Serbia\",\"isPartOf\":{\"@id\":\"https:\\\/\\\/www.eptisa.com\\\/ro\\\/#website\"},\"primaryImageOfPage\":{\"@id\":\"https:\\\/\\\/www.eptisa.com\\\/ro\\\/eptisa-joaca-un-rol-decisiv-in-crearea-casei-europei-in-serbia\\\/#primaryimage\"},\"image\":{\"@id\":\"https:\\\/\\\/www.eptisa.com\\\/ro\\\/eptisa-joaca-un-rol-decisiv-in-crearea-casei-europei-in-serbia\\\/#primaryimage\"},\"thumbnailUrl\":\"https:\\\/\\\/www.eptisa.com\\\/wp-content\\\/uploads\\\/2025\\\/09\\\/Europe-house-1.jpg\",\"datePublished\":\"2024-09-17T07:12:30+00:00\",\"dateModified\":\"2025-10-17T07:44:18+00:00\",\"breadcrumb\":{\"@id\":\"https:\\\/\\\/www.eptisa.com\\\/ro\\\/eptisa-joaca-un-rol-decisiv-in-crearea-casei-europei-in-serbia\\\/#breadcrumb\"},\"inLanguage\":\"ro-RO\",\"potentialAction\":[{\"@type\":\"ReadAction\",\"target\":[\"https:\\\/\\\/www.eptisa.com\\\/ro\\\/eptisa-joaca-un-rol-decisiv-in-crearea-casei-europei-in-serbia\\\/\"]}]},{\"@type\":\"ImageObject\",\"inLanguage\":\"ro-RO\",\"@id\":\"https:\\\/\\\/www.eptisa.com\\\/ro\\\/eptisa-joaca-un-rol-decisiv-in-crearea-casei-europei-in-serbia\\\/#primaryimage\",\"url\":\"https:\\\/\\\/www.eptisa.com\\\/wp-content\\\/uploads\\\/2025\\\/09\\\/Europe-house-1.jpg\",\"contentUrl\":\"https:\\\/\\\/www.eptisa.com\\\/wp-content\\\/uploads\\\/2025\\\/09\\\/Europe-house-1.jpg\",\"width\":1600,\"height\":1069},{\"@type\":\"BreadcrumbList\",\"@id\":\"https:\\\/\\\/www.eptisa.com\\\/ro\\\/eptisa-joaca-un-rol-decisiv-in-crearea-casei-europei-in-serbia\\\/#breadcrumb\",\"itemListElement\":[{\"@type\":\"ListItem\",\"position\":1,\"name\":\"Home\",\"item\":\"https:\\\/\\\/www.eptisa.com\\\/ro\\\/\"},{\"@type\":\"ListItem\",\"position\":2,\"name\":\"EPTISA joac\u0103 un rol decisiv \u00een crearea Casei Europei \u00een Serbia\"}]},{\"@type\":\"WebSite\",\"@id\":\"https:\\\/\\\/www.eptisa.com\\\/ro\\\/#website\",\"url\":\"https:\\\/\\\/www.eptisa.com\\\/ro\\\/\",\"name\":\"Eptisa\",\"description\":\"Empresa Multinacional de Ingenier\u00eda\",\"publisher\":{\"@id\":\"https:\\\/\\\/www.eptisa.com\\\/ro\\\/#organization\"},\"potentialAction\":[{\"@type\":\"SearchAction\",\"target\":{\"@type\":\"EntryPoint\",\"urlTemplate\":\"https:\\\/\\\/www.eptisa.com\\\/ro\\\/?s={search_term_string}\"},\"query-input\":{\"@type\":\"PropertyValueSpecification\",\"valueRequired\":true,\"valueName\":\"search_term_string\"}}],\"inLanguage\":\"ro-RO\"},{\"@type\":\"Organization\",\"@id\":\"https:\\\/\\\/www.eptisa.com\\\/ro\\\/#organization\",\"name\":\"Eptisa\",\"url\":\"https:\\\/\\\/www.eptisa.com\\\/ro\\\/\",\"logo\":{\"@type\":\"ImageObject\",\"inLanguage\":\"ro-RO\",\"@id\":\"https:\\\/\\\/www.eptisa.com\\\/ro\\\/#\\\/schema\\\/logo\\\/image\\\/\",\"url\":\"https:\\\/\\\/www.eptisa.com\\\/wp-content\\\/uploads\\\/2025\\\/06\\\/7265704d3382618649eba7d99541ab81042c2245-scaled.png\",\"contentUrl\":\"https:\\\/\\\/www.eptisa.com\\\/wp-content\\\/uploads\\\/2025\\\/06\\\/7265704d3382618649eba7d99541ab81042c2245-scaled.png\",\"width\":2560,\"height\":1067,\"caption\":\"Eptisa\"},\"image\":{\"@id\":\"https:\\\/\\\/www.eptisa.com\\\/ro\\\/#\\\/schema\\\/logo\\\/image\\\/\"}},{\"@type\":\"Person\",\"@id\":\"https:\\\/\\\/www.eptisa.com\\\/ro\\\/#\\\/schema\\\/person\\\/7cf1f5d49be86d6748acfa485b6872d8\",\"name\":\"Margarita Marticorena\",\"url\":\"https:\\\/\\\/www.eptisa.com\\\/ro\\\/author\\\/marga\\\/\"}]}<\/script>\n<!-- \/ Yoast SEO plugin. -->","yoast_head_json":{"title":"EPTISA joac\u0103 un rol decisiv \u00een crearea Casei Europei \u00een Serbia","robots":{"index":"index","follow":"follow","max-snippet":"max-snippet:-1","max-image-preview":"max-image-preview:large","max-video-preview":"max-video-preview:-1"},"canonical":"https:\/\/www.eptisa.com\/ro\/eptisa-joaca-un-rol-decisiv-in-crearea-casei-europei-in-serbia\/","og_locale":"ro_RO","og_type":"article","og_title":"EPTISA joac\u0103 un rol decisiv \u00een crearea Casei Europei \u00een Serbia","og_description":"Eptisa implementeaz\u0103 cu succes proiectul &#8222;Re\u021beaua de comunicare a UE \u00een Serbia (EUINFONET)&#8221; de aproape 10 ani. Av\u00e2nd ca scop cre\u0219terea gradului de con\u0219tientizare \u0219i \u00een\u021belegere a publicului cu privire la UE, inclusiv valorile, func\u021biile, institu\u021biile, politicile \u0219i asisten\u021ba acordat\u0103 Serbiei, precum \u0219i impactul acesteia asupra cet\u0103\u021benilor \u0219i \u00eentreprinderilor s\u00e2rbe, acest proiect serve\u0219te drept punct [&hellip;]","og_url":"https:\/\/www.eptisa.com\/ro\/eptisa-joaca-un-rol-decisiv-in-crearea-casei-europei-in-serbia\/","og_site_name":"Eptisa","article_published_time":"2024-09-17T07:12:30+00:00","article_modified_time":"2025-10-17T07:44:18+00:00","og_image":[{"width":1600,"height":1069,"url":"https:\/\/www.eptisa.com\/wp-content\/uploads\/2025\/09\/Europe-house-1.jpg","type":"image\/jpeg"}],"author":"Margarita Marticorena","twitter_card":"summary_large_image","twitter_misc":{"Scris de":"Margarita Marticorena","Timp estimat pentru citire":"2 minute"},"schema":{"@context":"https:\/\/schema.org","@graph":[{"@type":"Article","@id":"https:\/\/www.eptisa.com\/ro\/eptisa-joaca-un-rol-decisiv-in-crearea-casei-europei-in-serbia\/#article","isPartOf":{"@id":"https:\/\/www.eptisa.com\/ro\/eptisa-joaca-un-rol-decisiv-in-crearea-casei-europei-in-serbia\/"},"author":{"name":"Margarita Marticorena","@id":"https:\/\/www.eptisa.com\/ro\/#\/schema\/person\/7cf1f5d49be86d6748acfa485b6872d8"},"headline":"EPTISA joac\u0103 un rol decisiv \u00een crearea Casei Europei \u00een Serbia","datePublished":"2024-09-17T07:12:30+00:00","dateModified":"2025-10-17T07:44:18+00:00","mainEntityOfPage":{"@id":"https:\/\/www.eptisa.com\/ro\/eptisa-joaca-un-rol-decisiv-in-crearea-casei-europei-in-serbia\/"},"wordCount":323,"publisher":{"@id":"https:\/\/www.eptisa.com\/ro\/#organization"},"image":{"@id":"https:\/\/www.eptisa.com\/ro\/eptisa-joaca-un-rol-decisiv-in-crearea-casei-europei-in-serbia\/#primaryimage"},"thumbnailUrl":"https:\/\/www.eptisa.com\/wp-content\/uploads\/2025\/09\/Europe-house-1.jpg","keywords":["Eveniment","Europa","UE"],"articleSection":["Eveniment"],"inLanguage":"ro-RO"},{"@type":"WebPage","@id":"https:\/\/www.eptisa.com\/ro\/eptisa-joaca-un-rol-decisiv-in-crearea-casei-europei-in-serbia\/","url":"https:\/\/www.eptisa.com\/ro\/eptisa-joaca-un-rol-decisiv-in-crearea-casei-europei-in-serbia\/","name":"EPTISA joac\u0103 un rol decisiv \u00een crearea Casei Europei \u00een Serbia","isPartOf":{"@id":"https:\/\/www.eptisa.com\/ro\/#website"},"primaryImageOfPage":{"@id":"https:\/\/www.eptisa.com\/ro\/eptisa-joaca-un-rol-decisiv-in-crearea-casei-europei-in-serbia\/#primaryimage"},"image":{"@id":"https:\/\/www.eptisa.com\/ro\/eptisa-joaca-un-rol-decisiv-in-crearea-casei-europei-in-serbia\/#primaryimage"},"thumbnailUrl":"https:\/\/www.eptisa.com\/wp-content\/uploads\/2025\/09\/Europe-house-1.jpg","datePublished":"2024-09-17T07:12:30+00:00","dateModified":"2025-10-17T07:44:18+00:00","breadcrumb":{"@id":"https:\/\/www.eptisa.com\/ro\/eptisa-joaca-un-rol-decisiv-in-crearea-casei-europei-in-serbia\/#breadcrumb"},"inLanguage":"ro-RO","potentialAction":[{"@type":"ReadAction","target":["https:\/\/www.eptisa.com\/ro\/eptisa-joaca-un-rol-decisiv-in-crearea-casei-europei-in-serbia\/"]}]},{"@type":"ImageObject","inLanguage":"ro-RO","@id":"https:\/\/www.eptisa.com\/ro\/eptisa-joaca-un-rol-decisiv-in-crearea-casei-europei-in-serbia\/#primaryimage","url":"https:\/\/www.eptisa.com\/wp-content\/uploads\/2025\/09\/Europe-house-1.jpg","contentUrl":"https:\/\/www.eptisa.com\/wp-content\/uploads\/2025\/09\/Europe-house-1.jpg","width":1600,"height":1069},{"@type":"BreadcrumbList","@id":"https:\/\/www.eptisa.com\/ro\/eptisa-joaca-un-rol-decisiv-in-crearea-casei-europei-in-serbia\/#breadcrumb","itemListElement":[{"@type":"ListItem","position":1,"name":"Home","item":"https:\/\/www.eptisa.com\/ro\/"},{"@type":"ListItem","position":2,"name":"EPTISA joac\u0103 un rol decisiv \u00een crearea Casei Europei \u00een Serbia"}]},{"@type":"WebSite","@id":"https:\/\/www.eptisa.com\/ro\/#website","url":"https:\/\/www.eptisa.com\/ro\/","name":"Eptisa","description":"Empresa Multinacional de Ingenier\u00eda","publisher":{"@id":"https:\/\/www.eptisa.com\/ro\/#organization"},"potentialAction":[{"@type":"SearchAction","target":{"@type":"EntryPoint","urlTemplate":"https:\/\/www.eptisa.com\/ro\/?s={search_term_string}"},"query-input":{"@type":"PropertyValueSpecification","valueRequired":true,"valueName":"search_term_string"}}],"inLanguage":"ro-RO"},{"@type":"Organization","@id":"https:\/\/www.eptisa.com\/ro\/#organization","name":"Eptisa","url":"https:\/\/www.eptisa.com\/ro\/","logo":{"@type":"ImageObject","inLanguage":"ro-RO","@id":"https:\/\/www.eptisa.com\/ro\/#\/schema\/logo\/image\/","url":"https:\/\/www.eptisa.com\/wp-content\/uploads\/2025\/06\/7265704d3382618649eba7d99541ab81042c2245-scaled.png","contentUrl":"https:\/\/www.eptisa.com\/wp-content\/uploads\/2025\/06\/7265704d3382618649eba7d99541ab81042c2245-scaled.png","width":2560,"height":1067,"caption":"Eptisa"},"image":{"@id":"https:\/\/www.eptisa.com\/ro\/#\/schema\/logo\/image\/"}},{"@type":"Person","@id":"https:\/\/www.eptisa.com\/ro\/#\/schema\/person\/7cf1f5d49be86d6748acfa485b6872d8","name":"Margarita Marticorena","url":"https:\/\/www.eptisa.com\/ro\/author\/marga\/"}]}},"_links":{"self":[{"href":"https:\/\/www.eptisa.com\/ro\/wp-json\/wp\/v2\/posts\/3610","targetHints":{"allow":["GET"]}}],"collection":[{"href":"https:\/\/www.eptisa.com\/ro\/wp-json\/wp\/v2\/posts"}],"about":[{"href":"https:\/\/www.eptisa.com\/ro\/wp-json\/wp\/v2\/types\/post"}],"author":[{"embeddable":true,"href":"https:\/\/www.eptisa.com\/ro\/wp-json\/wp\/v2\/users\/10"}],"replies":[{"embeddable":true,"href":"https:\/\/www.eptisa.com\/ro\/wp-json\/wp\/v2\/comments?post=3610"}],"version-history":[{"count":0,"href":"https:\/\/www.eptisa.com\/ro\/wp-json\/wp\/v2\/posts\/3610\/revisions"}],"wp:featuredmedia":[{"embeddable":true,"href":"https:\/\/www.eptisa.com\/ro\/wp-json\/wp\/v2\/media\/1328"}],"wp:attachment":[{"href":"https:\/\/www.eptisa.com\/ro\/wp-json\/wp\/v2\/media?parent=3610"}],"wp:term":[{"taxonomy":"category","embeddable":true,"href":"https:\/\/www.eptisa.com\/ro\/wp-json\/wp\/v2\/categories?post=3610"},{"taxonomy":"post_tag","embeddable":true,"href":"https:\/\/www.eptisa.com\/ro\/wp-json\/wp\/v2\/tags?post=3610"}],"curies":[{"name":"wp","href":"https:\/\/api.w.org\/{rel}","templated":true}]}}