{"id":3612,"date":"2024-10-16T14:50:32","date_gmt":"2024-10-16T12:50:32","guid":{"rendered":"https:\/\/eptisa.com\/eptisa-serbia-semneaza-doua-noi-proiecte-finantate-de-ico\/"},"modified":"2025-10-17T09:43:01","modified_gmt":"2025-10-17T07:43:01","slug":"eptisa-serbia-semneaza-doua-noi-proiecte-finantate-de-ico","status":"publish","type":"post","link":"https:\/\/www.eptisa.com\/ro\/eptisa-serbia-semneaza-doua-noi-proiecte-finantate-de-ico\/","title":{"rendered":"Eptisa Serbia semneaz\u0103 dou\u0103 noi proiecte finan\u021bate de ICO"},"content":{"rendered":"\t\t<div data-elementor-type=\"wp-post\" data-elementor-id=\"3612\" class=\"elementor elementor-3612 elementor-2461\" data-elementor-post-type=\"post\">\n\t\t\t\t<div class=\"elementor-element elementor-element-5b7917a5 e-con-full e-flex e-con e-parent\" data-id=\"5b7917a5\" data-element_type=\"container\" data-e-type=\"container\">\n\t\t\t\t<div class=\"elementor-element elementor-element-6a937695 elementor-widget elementor-widget-text-editor\" data-id=\"6a937695\" data-element_type=\"widget\" data-e-type=\"widget\" data-widget_type=\"text-editor.default\">\n\t\t\t\t<div class=\"elementor-widget-container\">\n\t\t\t\t\t\t\t\t\t<p>Suntem \u00eenc\u00e2nta\u021bi s\u0103 anun\u021b\u0103m c\u0103 Eptisa a semnat dou\u0103 acorduri de finan\u021bare importante \u00eentre Institutul Oficial de Credit al Guvernului spaniol \u0219i Ministerul Protec\u021biei Mediului din Republica Serbia, pentru dou\u0103 proiecte importante care urmeaz\u0103 s\u0103 fie implementate de EPTISA, \u00een prezen\u021ba:<\/p><ul><li>Dna Irena Vujovic, Ministrul Protec\u021biei Mediului<\/li><li>E.S. Ambasadorul Juan Jos\u00e9 Sanz Aparicio  <\/li><li>D. Luis Villarroya Alonso, pre\u0219edinte al EPTISA<\/li><\/ul><p>Aceste proiecte vor oferi sprijin tehnic pentru eforturile Serbiei de a respecta reglement\u0103rile na\u021bionale \u0219i cerin\u021bele standardelor \u0219i directivelor de mediu ale Uniunii Europene (UE).<\/p><ol><li>Preg\u0103tirea documenta\u021biei tehnice \u0219i de licita\u021bie pentru infrastructura municipal\u0103 de tratare a n\u0103molului de epurare \u00een Serbia (4 sta\u021bii de epurare).<\/li><\/ol><p style=\"padding-left: 40px;\">Obiectivul acestui proiect este de a contribui la instituirea unui sistem de gestionare a n\u0103molurilor de epurare \u00een Republica Serbia. Acest sistem va fi \u00een conformitate cu reglement\u0103rile na\u021bionale \u0219i cu cerin\u021bele UE. \u00cen mod specific, EPTISA va oferi asisten\u021b\u0103 tehnic\u0103 pentru preg\u0103tirea documenta\u021biei tehnice \u0219i a documenta\u021biei de licita\u021bie pentru construirea infrastructurilor de tratare a n\u0103molurilor de epurare la patru sta\u021bii de tratare a apelor uzate (WWTP) situate \u00een: Leskovac, Vrbas-Kula, Raska \u0219i Subotica.  <\/p><p style=\"padding-left: 40px;\">\u00cen plus fa\u021b\u0103 de infrastructur\u0103, proiectul se va concentra, de asemenea, pe planificarea gestion\u0103rii n\u0103molului \u0219i pe activit\u0103\u021bile de formare.<\/p><ol start=\"2\"><li>Introducerea gestion\u0103rii de\u0219eurilor din construc\u021bii \u0219i demol\u0103ri (CDW) \u00een patru regiuni de gestionare a de\u0219eurilor din Serbia<\/li><\/ol><p style=\"padding-left: 40px;\">Acest proiect \u00ee\u0219i propune s\u0103 contribuie la instituirea unui sistem solid de gestionare a de\u0219eurilor din construc\u021bii \u0219i demol\u0103ri \u00een patru regiuni de gestionare a de\u0219eurilor din Serbia, \u0219i anume: Subotica, Uzice (Duboko), Srem-Macva \u0219i Pancevo.<\/p><p>EPTISA va oferi sprijin tehnic pentru preg\u0103tirea documenta\u021biei tehnice \u0219i de licita\u021bie necesare pentru aceste regiuni, concentr\u00e2ndu-se pe dezvoltarea infrastructurii durabile \u0219i pe consolidarea capacit\u0103\u021bilor.<\/p><p>Aceste proiecte sunt finan\u021bate de Guvernul Spaniei, ceea ce subliniaz\u0103 eforturile de colaborare pentru \u00eembun\u0103t\u0103\u021birea durabilit\u0103\u021bii mediului \u00een Serbia.<\/p><p><img fetchpriority=\"high\" decoding=\"async\" class=\" wp-image-14952 alignleft\" src=\"https:\/\/eptisa.com\/wp-content\/uploads\/2025\/09\/image00002-300x200.\" alt=\"\" width=\"472\" height=\"318\"><\/p>\t\t\t\t\t\t\t\t<\/div>\n\t\t\t\t<\/div>\n\t\t\t\t<\/div>\n\t\t\t\t<\/div>\n\t\t","protected":false},"excerpt":{"rendered":"<p>Suntem \u00eenc\u00e2nta\u021bi s\u0103 anun\u021b\u0103m c\u0103 Eptisa a semnat dou\u0103 acorduri de finan\u021bare importante \u00eentre Institutul Oficial de Credit al Guvernului spaniol \u0219i Ministerul Protec\u021biei Mediului din Republica Serbia, pentru dou\u0103 proiecte importante care urmeaz\u0103 s\u0103 fie implementate de EPTISA, \u00een prezen\u021ba: Dna Irena Vujovic, Ministrul Protec\u021biei Mediului E.S. Ambasadorul Juan Jos\u00e9 Sanz Aparicio D. Luis [&hellip;]<\/p>\n","protected":false},"author":10,"featured_media":1800,"comment_status":"closed","ping_status":"open","sticky":false,"template":"","format":"standard","meta":{"_acf_changed":false,"footnotes":""},"categories":[646,1019,1020],"tags":[977,1021],"class_list":["post-3612","post","type-post","status-publish","format-standard","has-post-thumbnail","hentry","category-transport-inginerie-civila-3","category-ingineria-mediuluicontrolul-calitatii","category-mediul-inconjurator","tag-adjudecare","tag-ico"],"acf":[],"yoast_head":"<!-- This site is optimized with the Yoast SEO plugin v27.4 - https:\/\/yoast.com\/product\/yoast-seo-wordpress\/ -->\n<title>Eptisa Serbia semneaz\u0103 dou\u0103 noi proiecte finan\u021bate de ICO<\/title>\n<meta name=\"robots\" content=\"index, follow, max-snippet:-1, max-image-preview:large, max-video-preview:-1\" \/>\n<link rel=\"canonical\" href=\"https:\/\/www.eptisa.com\/ro\/eptisa-serbia-semneaza-doua-noi-proiecte-finantate-de-ico\/\" \/>\n<meta property=\"og:locale\" content=\"ro_RO\" \/>\n<meta property=\"og:type\" content=\"article\" \/>\n<meta property=\"og:title\" content=\"Eptisa Serbia semneaz\u0103 dou\u0103 noi proiecte finan\u021bate de ICO\" \/>\n<meta property=\"og:description\" content=\"Suntem \u00eenc\u00e2nta\u021bi s\u0103 anun\u021b\u0103m c\u0103 Eptisa a semnat dou\u0103 acorduri de finan\u021bare importante \u00eentre Institutul Oficial de Credit al Guvernului spaniol \u0219i Ministerul Protec\u021biei Mediului din Republica Serbia, pentru dou\u0103 proiecte importante care urmeaz\u0103 s\u0103 fie implementate de EPTISA, \u00een prezen\u021ba: Dna Irena Vujovic, Ministrul Protec\u021biei Mediului E.S. Ambasadorul Juan Jos\u00e9 Sanz Aparicio D. Luis [&hellip;]\" \/>\n<meta property=\"og:url\" content=\"https:\/\/www.eptisa.com\/ro\/eptisa-serbia-semneaza-doua-noi-proiecte-finantate-de-ico\/\" \/>\n<meta property=\"og:site_name\" content=\"Eptisa\" \/>\n<meta property=\"article:published_time\" content=\"2024-10-16T12:50:32+00:00\" \/>\n<meta property=\"article:modified_time\" content=\"2025-10-17T07:43:01+00:00\" \/>\n<meta name=\"author\" content=\"Margarita Marticorena\" \/>\n<meta name=\"twitter:card\" content=\"summary_large_image\" \/>\n<meta name=\"twitter:label1\" content=\"Scris de\" \/>\n\t<meta name=\"twitter:data1\" content=\"Margarita Marticorena\" \/>\n\t<meta name=\"twitter:label2\" content=\"Timp estimat pentru citire\" \/>\n\t<meta name=\"twitter:data2\" content=\"2 minute\" \/>\n<script type=\"application\/ld+json\" class=\"yoast-schema-graph\">{\"@context\":\"https:\\\/\\\/schema.org\",\"@graph\":[{\"@type\":\"Article\",\"@id\":\"https:\\\/\\\/www.eptisa.com\\\/ro\\\/eptisa-serbia-semneaza-doua-noi-proiecte-finantate-de-ico\\\/#article\",\"isPartOf\":{\"@id\":\"https:\\\/\\\/www.eptisa.com\\\/ro\\\/eptisa-serbia-semneaza-doua-noi-proiecte-finantate-de-ico\\\/\"},\"author\":{\"name\":\"Margarita Marticorena\",\"@id\":\"https:\\\/\\\/www.eptisa.com\\\/ro\\\/#\\\/schema\\\/person\\\/7cf1f5d49be86d6748acfa485b6872d8\"},\"headline\":\"Eptisa Serbia semneaz\u0103 dou\u0103 noi proiecte finan\u021bate de ICO\",\"datePublished\":\"2024-10-16T12:50:32+00:00\",\"dateModified\":\"2025-10-17T07:43:01+00:00\",\"mainEntityOfPage\":{\"@id\":\"https:\\\/\\\/www.eptisa.com\\\/ro\\\/eptisa-serbia-semneaza-doua-noi-proiecte-finantate-de-ico\\\/\"},\"wordCount\":355,\"publisher\":{\"@id\":\"https:\\\/\\\/www.eptisa.com\\\/ro\\\/#organization\"},\"image\":{\"@id\":\"https:\\\/\\\/www.eptisa.com\\\/ro\\\/eptisa-serbia-semneaza-doua-noi-proiecte-finantate-de-ico\\\/#primaryimage\"},\"thumbnailUrl\":\"https:\\\/\\\/www.eptisa.com\\\/wp-content\\\/uploads\\\/2025\\\/09\\\/image00001-jpeg.avif\",\"keywords\":[\"Adjudecare\",\"ICO\"],\"articleSection\":[\"Transport\",\"Ingineria mediului|Controlul calit\u0103\u021bii\",\"Mediul \u00eenconjur\u0103tor\"],\"inLanguage\":\"ro-RO\"},{\"@type\":\"WebPage\",\"@id\":\"https:\\\/\\\/www.eptisa.com\\\/ro\\\/eptisa-serbia-semneaza-doua-noi-proiecte-finantate-de-ico\\\/\",\"url\":\"https:\\\/\\\/www.eptisa.com\\\/ro\\\/eptisa-serbia-semneaza-doua-noi-proiecte-finantate-de-ico\\\/\",\"name\":\"Eptisa Serbia semneaz\u0103 dou\u0103 noi proiecte finan\u021bate de ICO\",\"isPartOf\":{\"@id\":\"https:\\\/\\\/www.eptisa.com\\\/ro\\\/#website\"},\"primaryImageOfPage\":{\"@id\":\"https:\\\/\\\/www.eptisa.com\\\/ro\\\/eptisa-serbia-semneaza-doua-noi-proiecte-finantate-de-ico\\\/#primaryimage\"},\"image\":{\"@id\":\"https:\\\/\\\/www.eptisa.com\\\/ro\\\/eptisa-serbia-semneaza-doua-noi-proiecte-finantate-de-ico\\\/#primaryimage\"},\"thumbnailUrl\":\"https:\\\/\\\/www.eptisa.com\\\/wp-content\\\/uploads\\\/2025\\\/09\\\/image00001-jpeg.avif\",\"datePublished\":\"2024-10-16T12:50:32+00:00\",\"dateModified\":\"2025-10-17T07:43:01+00:00\",\"breadcrumb\":{\"@id\":\"https:\\\/\\\/www.eptisa.com\\\/ro\\\/eptisa-serbia-semneaza-doua-noi-proiecte-finantate-de-ico\\\/#breadcrumb\"},\"inLanguage\":\"ro-RO\",\"potentialAction\":[{\"@type\":\"ReadAction\",\"target\":[\"https:\\\/\\\/www.eptisa.com\\\/ro\\\/eptisa-serbia-semneaza-doua-noi-proiecte-finantate-de-ico\\\/\"]}]},{\"@type\":\"ImageObject\",\"inLanguage\":\"ro-RO\",\"@id\":\"https:\\\/\\\/www.eptisa.com\\\/ro\\\/eptisa-serbia-semneaza-doua-noi-proiecte-finantate-de-ico\\\/#primaryimage\",\"url\":\"https:\\\/\\\/www.eptisa.com\\\/wp-content\\\/uploads\\\/2025\\\/09\\\/image00001-jpeg.avif\",\"contentUrl\":\"https:\\\/\\\/www.eptisa.com\\\/wp-content\\\/uploads\\\/2025\\\/09\\\/image00001-jpeg.avif\",\"width\":1589,\"height\":890},{\"@type\":\"BreadcrumbList\",\"@id\":\"https:\\\/\\\/www.eptisa.com\\\/ro\\\/eptisa-serbia-semneaza-doua-noi-proiecte-finantate-de-ico\\\/#breadcrumb\",\"itemListElement\":[{\"@type\":\"ListItem\",\"position\":1,\"name\":\"Home\",\"item\":\"https:\\\/\\\/www.eptisa.com\\\/ro\\\/\"},{\"@type\":\"ListItem\",\"position\":2,\"name\":\"Eptisa Serbia semneaz\u0103 dou\u0103 noi proiecte finan\u021bate de ICO\"}]},{\"@type\":\"WebSite\",\"@id\":\"https:\\\/\\\/www.eptisa.com\\\/ro\\\/#website\",\"url\":\"https:\\\/\\\/www.eptisa.com\\\/ro\\\/\",\"name\":\"Eptisa\",\"description\":\"Empresa Multinacional de Ingenier\u00eda\",\"publisher\":{\"@id\":\"https:\\\/\\\/www.eptisa.com\\\/ro\\\/#organization\"},\"potentialAction\":[{\"@type\":\"SearchAction\",\"target\":{\"@type\":\"EntryPoint\",\"urlTemplate\":\"https:\\\/\\\/www.eptisa.com\\\/ro\\\/?s={search_term_string}\"},\"query-input\":{\"@type\":\"PropertyValueSpecification\",\"valueRequired\":true,\"valueName\":\"search_term_string\"}}],\"inLanguage\":\"ro-RO\"},{\"@type\":\"Organization\",\"@id\":\"https:\\\/\\\/www.eptisa.com\\\/ro\\\/#organization\",\"name\":\"Eptisa\",\"url\":\"https:\\\/\\\/www.eptisa.com\\\/ro\\\/\",\"logo\":{\"@type\":\"ImageObject\",\"inLanguage\":\"ro-RO\",\"@id\":\"https:\\\/\\\/www.eptisa.com\\\/ro\\\/#\\\/schema\\\/logo\\\/image\\\/\",\"url\":\"https:\\\/\\\/www.eptisa.com\\\/wp-content\\\/uploads\\\/2025\\\/06\\\/7265704d3382618649eba7d99541ab81042c2245-scaled.png\",\"contentUrl\":\"https:\\\/\\\/www.eptisa.com\\\/wp-content\\\/uploads\\\/2025\\\/06\\\/7265704d3382618649eba7d99541ab81042c2245-scaled.png\",\"width\":2560,\"height\":1067,\"caption\":\"Eptisa\"},\"image\":{\"@id\":\"https:\\\/\\\/www.eptisa.com\\\/ro\\\/#\\\/schema\\\/logo\\\/image\\\/\"}},{\"@type\":\"Person\",\"@id\":\"https:\\\/\\\/www.eptisa.com\\\/ro\\\/#\\\/schema\\\/person\\\/7cf1f5d49be86d6748acfa485b6872d8\",\"name\":\"Margarita Marticorena\",\"url\":\"https:\\\/\\\/www.eptisa.com\\\/ro\\\/author\\\/marga\\\/\"}]}<\/script>\n<!-- \/ Yoast SEO plugin. -->","yoast_head_json":{"title":"Eptisa Serbia semneaz\u0103 dou\u0103 noi proiecte finan\u021bate de ICO","robots":{"index":"index","follow":"follow","max-snippet":"max-snippet:-1","max-image-preview":"max-image-preview:large","max-video-preview":"max-video-preview:-1"},"canonical":"https:\/\/www.eptisa.com\/ro\/eptisa-serbia-semneaza-doua-noi-proiecte-finantate-de-ico\/","og_locale":"ro_RO","og_type":"article","og_title":"Eptisa Serbia semneaz\u0103 dou\u0103 noi proiecte finan\u021bate de ICO","og_description":"Suntem \u00eenc\u00e2nta\u021bi s\u0103 anun\u021b\u0103m c\u0103 Eptisa a semnat dou\u0103 acorduri de finan\u021bare importante \u00eentre Institutul Oficial de Credit al Guvernului spaniol \u0219i Ministerul Protec\u021biei Mediului din Republica Serbia, pentru dou\u0103 proiecte importante care urmeaz\u0103 s\u0103 fie implementate de EPTISA, \u00een prezen\u021ba: Dna Irena Vujovic, Ministrul Protec\u021biei Mediului E.S. Ambasadorul Juan Jos\u00e9 Sanz Aparicio D. Luis [&hellip;]","og_url":"https:\/\/www.eptisa.com\/ro\/eptisa-serbia-semneaza-doua-noi-proiecte-finantate-de-ico\/","og_site_name":"Eptisa","article_published_time":"2024-10-16T12:50:32+00:00","article_modified_time":"2025-10-17T07:43:01+00:00","author":"Margarita Marticorena","twitter_card":"summary_large_image","twitter_misc":{"Scris de":"Margarita Marticorena","Timp estimat pentru citire":"2 minute"},"schema":{"@context":"https:\/\/schema.org","@graph":[{"@type":"Article","@id":"https:\/\/www.eptisa.com\/ro\/eptisa-serbia-semneaza-doua-noi-proiecte-finantate-de-ico\/#article","isPartOf":{"@id":"https:\/\/www.eptisa.com\/ro\/eptisa-serbia-semneaza-doua-noi-proiecte-finantate-de-ico\/"},"author":{"name":"Margarita Marticorena","@id":"https:\/\/www.eptisa.com\/ro\/#\/schema\/person\/7cf1f5d49be86d6748acfa485b6872d8"},"headline":"Eptisa Serbia semneaz\u0103 dou\u0103 noi proiecte finan\u021bate de ICO","datePublished":"2024-10-16T12:50:32+00:00","dateModified":"2025-10-17T07:43:01+00:00","mainEntityOfPage":{"@id":"https:\/\/www.eptisa.com\/ro\/eptisa-serbia-semneaza-doua-noi-proiecte-finantate-de-ico\/"},"wordCount":355,"publisher":{"@id":"https:\/\/www.eptisa.com\/ro\/#organization"},"image":{"@id":"https:\/\/www.eptisa.com\/ro\/eptisa-serbia-semneaza-doua-noi-proiecte-finantate-de-ico\/#primaryimage"},"thumbnailUrl":"https:\/\/www.eptisa.com\/wp-content\/uploads\/2025\/09\/image00001-jpeg.avif","keywords":["Adjudecare","ICO"],"articleSection":["Transport","Ingineria mediului|Controlul calit\u0103\u021bii","Mediul \u00eenconjur\u0103tor"],"inLanguage":"ro-RO"},{"@type":"WebPage","@id":"https:\/\/www.eptisa.com\/ro\/eptisa-serbia-semneaza-doua-noi-proiecte-finantate-de-ico\/","url":"https:\/\/www.eptisa.com\/ro\/eptisa-serbia-semneaza-doua-noi-proiecte-finantate-de-ico\/","name":"Eptisa Serbia semneaz\u0103 dou\u0103 noi proiecte finan\u021bate de ICO","isPartOf":{"@id":"https:\/\/www.eptisa.com\/ro\/#website"},"primaryImageOfPage":{"@id":"https:\/\/www.eptisa.com\/ro\/eptisa-serbia-semneaza-doua-noi-proiecte-finantate-de-ico\/#primaryimage"},"image":{"@id":"https:\/\/www.eptisa.com\/ro\/eptisa-serbia-semneaza-doua-noi-proiecte-finantate-de-ico\/#primaryimage"},"thumbnailUrl":"https:\/\/www.eptisa.com\/wp-content\/uploads\/2025\/09\/image00001-jpeg.avif","datePublished":"2024-10-16T12:50:32+00:00","dateModified":"2025-10-17T07:43:01+00:00","breadcrumb":{"@id":"https:\/\/www.eptisa.com\/ro\/eptisa-serbia-semneaza-doua-noi-proiecte-finantate-de-ico\/#breadcrumb"},"inLanguage":"ro-RO","potentialAction":[{"@type":"ReadAction","target":["https:\/\/www.eptisa.com\/ro\/eptisa-serbia-semneaza-doua-noi-proiecte-finantate-de-ico\/"]}]},{"@type":"ImageObject","inLanguage":"ro-RO","@id":"https:\/\/www.eptisa.com\/ro\/eptisa-serbia-semneaza-doua-noi-proiecte-finantate-de-ico\/#primaryimage","url":"https:\/\/www.eptisa.com\/wp-content\/uploads\/2025\/09\/image00001-jpeg.avif","contentUrl":"https:\/\/www.eptisa.com\/wp-content\/uploads\/2025\/09\/image00001-jpeg.avif","width":1589,"height":890},{"@type":"BreadcrumbList","@id":"https:\/\/www.eptisa.com\/ro\/eptisa-serbia-semneaza-doua-noi-proiecte-finantate-de-ico\/#breadcrumb","itemListElement":[{"@type":"ListItem","position":1,"name":"Home","item":"https:\/\/www.eptisa.com\/ro\/"},{"@type":"ListItem","position":2,"name":"Eptisa Serbia semneaz\u0103 dou\u0103 noi proiecte finan\u021bate de ICO"}]},{"@type":"WebSite","@id":"https:\/\/www.eptisa.com\/ro\/#website","url":"https:\/\/www.eptisa.com\/ro\/","name":"Eptisa","description":"Empresa Multinacional de Ingenier\u00eda","publisher":{"@id":"https:\/\/www.eptisa.com\/ro\/#organization"},"potentialAction":[{"@type":"SearchAction","target":{"@type":"EntryPoint","urlTemplate":"https:\/\/www.eptisa.com\/ro\/?s={search_term_string}"},"query-input":{"@type":"PropertyValueSpecification","valueRequired":true,"valueName":"search_term_string"}}],"inLanguage":"ro-RO"},{"@type":"Organization","@id":"https:\/\/www.eptisa.com\/ro\/#organization","name":"Eptisa","url":"https:\/\/www.eptisa.com\/ro\/","logo":{"@type":"ImageObject","inLanguage":"ro-RO","@id":"https:\/\/www.eptisa.com\/ro\/#\/schema\/logo\/image\/","url":"https:\/\/www.eptisa.com\/wp-content\/uploads\/2025\/06\/7265704d3382618649eba7d99541ab81042c2245-scaled.png","contentUrl":"https:\/\/www.eptisa.com\/wp-content\/uploads\/2025\/06\/7265704d3382618649eba7d99541ab81042c2245-scaled.png","width":2560,"height":1067,"caption":"Eptisa"},"image":{"@id":"https:\/\/www.eptisa.com\/ro\/#\/schema\/logo\/image\/"}},{"@type":"Person","@id":"https:\/\/www.eptisa.com\/ro\/#\/schema\/person\/7cf1f5d49be86d6748acfa485b6872d8","name":"Margarita Marticorena","url":"https:\/\/www.eptisa.com\/ro\/author\/marga\/"}]}},"_links":{"self":[{"href":"https:\/\/www.eptisa.com\/ro\/wp-json\/wp\/v2\/posts\/3612","targetHints":{"allow":["GET"]}}],"collection":[{"href":"https:\/\/www.eptisa.com\/ro\/wp-json\/wp\/v2\/posts"}],"about":[{"href":"https:\/\/www.eptisa.com\/ro\/wp-json\/wp\/v2\/types\/post"}],"author":[{"embeddable":true,"href":"https:\/\/www.eptisa.com\/ro\/wp-json\/wp\/v2\/users\/10"}],"replies":[{"embeddable":true,"href":"https:\/\/www.eptisa.com\/ro\/wp-json\/wp\/v2\/comments?post=3612"}],"version-history":[{"count":0,"href":"https:\/\/www.eptisa.com\/ro\/wp-json\/wp\/v2\/posts\/3612\/revisions"}],"wp:featuredmedia":[{"embeddable":true,"href":"https:\/\/www.eptisa.com\/ro\/wp-json\/wp\/v2\/media\/1800"}],"wp:attachment":[{"href":"https:\/\/www.eptisa.com\/ro\/wp-json\/wp\/v2\/media?parent=3612"}],"wp:term":[{"taxonomy":"category","embeddable":true,"href":"https:\/\/www.eptisa.com\/ro\/wp-json\/wp\/v2\/categories?post=3612"},{"taxonomy":"post_tag","embeddable":true,"href":"https:\/\/www.eptisa.com\/ro\/wp-json\/wp\/v2\/tags?post=3612"}],"curies":[{"name":"wp","href":"https:\/\/api.w.org\/{rel}","templated":true}]}}