{"id":3633,"date":"2024-03-08T10:26:03","date_gmt":"2024-03-08T09:26:03","guid":{"rendered":"https:\/\/eptisa.com\/micul-nostru-omagiu-adus-femeilor\/"},"modified":"2024-03-08T10:26:03","modified_gmt":"2024-03-08T09:26:03","slug":"micul-nostru-omagiu-adus-femeilor","status":"publish","type":"post","link":"https:\/\/www.eptisa.com\/ro\/micul-nostru-omagiu-adus-femeilor\/","title":{"rendered":"Micul nostru omagiu adus femeilor"},"content":{"rendered":"<p> <em>   <img fetchpriority=\"high\" decoding=\"async\" class=\"size-medium wp-image-13926 alignleft\" src=\"https:\/\/eptisa.com\/wp-content\/uploads\/2025\/09\/F92F1F15-84CE-4209-9B16-32F4FE945EB4-225x300.jpg\" alt=\"\" width=\"225\" height=\"300\"> &#8222;C\u00e2nd femeile de pe toate continentele, adesea separate de frontiere na\u021bionale \u0219i de diferen\u021be etnice, lingvistice, culturale, economice \u0219i politice, se reunesc \u00een aceast\u0103 zi<\/em><em>Atunci c\u00e2nd femeile de pe toate continentele, adesea separate de grani\u021be na\u021bionale \u0219i de diferen\u021be etnice, lingvistice, culturale, economice \u0219i politice, se reunesc \u00een aceast\u0103 zi, ele pot privi \u00eenapoi la o tradi\u021bie de nu mai pu\u021bin de nou\u0103zeci de ani de lupt\u0103 pentru egalitate, justi\u021bie, pace \u0219i dezvoltare&#8221;.<\/em><\/p>\n<p>Organiza\u021bia Na\u021biunilor Unite<\/p>\n<p>La Eptisa suntem dedica\u021bi talentului \u0219i o mare parte a talentului nostru se afl\u0103 \u00een m\u00e2inile femeilor. La Eptisa, \u00eentr-o zi ca aceasta, am vrut s\u0103 aducem un mic omagiu tuturor acelor femei pe care le admir\u0103m prin crearea unui zid al faimei special pentru ele. <\/p>\n<p>&nbsp;<\/p>\n<p>&nbsp;<\/p>\n<p>&nbsp;<\/p>\n<div style=\"width: 540px;\" class=\"wp-video\"><video class=\"wp-video-shortcode\" id=\"video-3633-1\" width=\"540\" height=\"960\" preload=\"metadata\" controls=\"controls\"><source type=\"video\/mp4\" src=\"https:\/\/www.eptisa.com\/wp-content\/uploads\/2024\/03\/original-3CB610A5-7512-476C-905A-F77FFCC6C177.mp4?_=1\" \/><a href=\"https:\/\/www.eptisa.com\/wp-content\/uploads\/2024\/03\/original-3CB610A5-7512-476C-905A-F77FFCC6C177.mp4\">https:\/\/www.eptisa.com\/wp-content\/uploads\/2024\/03\/original-3CB610A5-7512-476C-905A-F77FFCC6C177.mp4<\/a><\/video><\/div>\n","protected":false},"excerpt":{"rendered":"<p>&#8222;C\u00e2nd femeile de pe toate continentele, adesea separate de frontiere na\u021bionale \u0219i de diferen\u021be etnice, lingvistice, culturale, economice \u0219i politice, se reunesc \u00een aceast\u0103 ziAtunci c\u00e2nd femeile de pe toate continentele, adesea separate de grani\u021be na\u021bionale \u0219i de diferen\u021be etnice, lingvistice, culturale, economice \u0219i politice, se reunesc \u00een aceast\u0103 zi, ele pot privi \u00eenapoi la [&hellip;]<\/p>\n","protected":false},"author":10,"featured_media":1722,"comment_status":"closed","ping_status":"open","sticky":false,"template":"","format":"standard","meta":{"_acf_changed":false,"footnotes":""},"categories":[989],"tags":[952,1059],"class_list":["post-3633","post","type-post","status-publish","format-standard","has-post-thumbnail","hentry","category-eveniment","tag-talent","tag-ziua-femeii"],"acf":[],"yoast_head":"<!-- This site is optimized with the Yoast SEO plugin v27.4 - https:\/\/yoast.com\/product\/yoast-seo-wordpress\/ -->\n<title>Micul nostru omagiu adus femeilor<\/title>\n<meta name=\"robots\" content=\"index, follow, max-snippet:-1, max-image-preview:large, max-video-preview:-1\" \/>\n<link rel=\"canonical\" href=\"https:\/\/www.eptisa.com\/ro\/micul-nostru-omagiu-adus-femeilor\/\" \/>\n<meta property=\"og:locale\" content=\"ro_RO\" \/>\n<meta property=\"og:type\" content=\"article\" \/>\n<meta property=\"og:title\" content=\"Micul nostru omagiu adus femeilor\" \/>\n<meta property=\"og:description\" content=\"&#8222;C\u00e2nd femeile de pe toate continentele, adesea separate de frontiere na\u021bionale \u0219i de diferen\u021be etnice, lingvistice, culturale, economice \u0219i politice, se reunesc \u00een aceast\u0103 ziAtunci c\u00e2nd femeile de pe toate continentele, adesea separate de grani\u021be na\u021bionale \u0219i de diferen\u021be etnice, lingvistice, culturale, economice \u0219i politice, se reunesc \u00een aceast\u0103 zi, ele pot privi \u00eenapoi la [&hellip;]\" \/>\n<meta property=\"og:url\" content=\"https:\/\/www.eptisa.com\/ro\/micul-nostru-omagiu-adus-femeilor\/\" \/>\n<meta property=\"og:site_name\" content=\"Eptisa\" \/>\n<meta property=\"article:published_time\" content=\"2024-03-08T09:26:03+00:00\" \/>\n<meta property=\"og:image\" content=\"https:\/\/www.eptisa.com\/wp-content\/uploads\/2025\/09\/muro-scaled-1.jpg\" \/>\n\t<meta property=\"og:image:width\" content=\"1920\" \/>\n\t<meta property=\"og:image:height\" content=\"1440\" \/>\n\t<meta property=\"og:image:type\" content=\"image\/jpeg\" \/>\n<meta name=\"author\" content=\"Margarita Marticorena\" \/>\n<meta name=\"twitter:card\" content=\"summary_large_image\" \/>\n<meta name=\"twitter:label1\" content=\"Scris de\" \/>\n\t<meta name=\"twitter:data1\" content=\"Margarita Marticorena\" \/>\n\t<meta name=\"twitter:label2\" content=\"Timp estimat pentru citire\" \/>\n\t<meta name=\"twitter:data2\" content=\"1 minut\" \/>\n<script type=\"application\/ld+json\" class=\"yoast-schema-graph\">{\"@context\":\"https:\\\/\\\/schema.org\",\"@graph\":[{\"@type\":\"Article\",\"@id\":\"https:\\\/\\\/www.eptisa.com\\\/ro\\\/micul-nostru-omagiu-adus-femeilor\\\/#article\",\"isPartOf\":{\"@id\":\"https:\\\/\\\/www.eptisa.com\\\/ro\\\/micul-nostru-omagiu-adus-femeilor\\\/\"},\"author\":{\"name\":\"Margarita Marticorena\",\"@id\":\"https:\\\/\\\/www.eptisa.com\\\/ro\\\/#\\\/schema\\\/person\\\/7cf1f5d49be86d6748acfa485b6872d8\"},\"headline\":\"Micul nostru omagiu adus femeilor\",\"datePublished\":\"2024-03-08T09:26:03+00:00\",\"mainEntityOfPage\":{\"@id\":\"https:\\\/\\\/www.eptisa.com\\\/ro\\\/micul-nostru-omagiu-adus-femeilor\\\/\"},\"wordCount\":168,\"publisher\":{\"@id\":\"https:\\\/\\\/www.eptisa.com\\\/ro\\\/#organization\"},\"image\":{\"@id\":\"https:\\\/\\\/www.eptisa.com\\\/ro\\\/micul-nostru-omagiu-adus-femeilor\\\/#primaryimage\"},\"thumbnailUrl\":\"https:\\\/\\\/www.eptisa.com\\\/wp-content\\\/uploads\\\/2025\\\/09\\\/muro-scaled-1.jpg\",\"keywords\":[\"Talent\",\"Ziua femeii\"],\"articleSection\":[\"Eveniment\"],\"inLanguage\":\"ro-RO\"},{\"@type\":\"WebPage\",\"@id\":\"https:\\\/\\\/www.eptisa.com\\\/ro\\\/micul-nostru-omagiu-adus-femeilor\\\/\",\"url\":\"https:\\\/\\\/www.eptisa.com\\\/ro\\\/micul-nostru-omagiu-adus-femeilor\\\/\",\"name\":\"Micul nostru omagiu adus femeilor\",\"isPartOf\":{\"@id\":\"https:\\\/\\\/www.eptisa.com\\\/ro\\\/#website\"},\"primaryImageOfPage\":{\"@id\":\"https:\\\/\\\/www.eptisa.com\\\/ro\\\/micul-nostru-omagiu-adus-femeilor\\\/#primaryimage\"},\"image\":{\"@id\":\"https:\\\/\\\/www.eptisa.com\\\/ro\\\/micul-nostru-omagiu-adus-femeilor\\\/#primaryimage\"},\"thumbnailUrl\":\"https:\\\/\\\/www.eptisa.com\\\/wp-content\\\/uploads\\\/2025\\\/09\\\/muro-scaled-1.jpg\",\"datePublished\":\"2024-03-08T09:26:03+00:00\",\"breadcrumb\":{\"@id\":\"https:\\\/\\\/www.eptisa.com\\\/ro\\\/micul-nostru-omagiu-adus-femeilor\\\/#breadcrumb\"},\"inLanguage\":\"ro-RO\",\"potentialAction\":[{\"@type\":\"ReadAction\",\"target\":[\"https:\\\/\\\/www.eptisa.com\\\/ro\\\/micul-nostru-omagiu-adus-femeilor\\\/\"]}]},{\"@type\":\"ImageObject\",\"inLanguage\":\"ro-RO\",\"@id\":\"https:\\\/\\\/www.eptisa.com\\\/ro\\\/micul-nostru-omagiu-adus-femeilor\\\/#primaryimage\",\"url\":\"https:\\\/\\\/www.eptisa.com\\\/wp-content\\\/uploads\\\/2025\\\/09\\\/muro-scaled-1.jpg\",\"contentUrl\":\"https:\\\/\\\/www.eptisa.com\\\/wp-content\\\/uploads\\\/2025\\\/09\\\/muro-scaled-1.jpg\",\"width\":1920,\"height\":1440},{\"@type\":\"BreadcrumbList\",\"@id\":\"https:\\\/\\\/www.eptisa.com\\\/ro\\\/micul-nostru-omagiu-adus-femeilor\\\/#breadcrumb\",\"itemListElement\":[{\"@type\":\"ListItem\",\"position\":1,\"name\":\"Home\",\"item\":\"https:\\\/\\\/www.eptisa.com\\\/ro\\\/\"},{\"@type\":\"ListItem\",\"position\":2,\"name\":\"Micul nostru omagiu adus femeilor\"}]},{\"@type\":\"WebSite\",\"@id\":\"https:\\\/\\\/www.eptisa.com\\\/ro\\\/#website\",\"url\":\"https:\\\/\\\/www.eptisa.com\\\/ro\\\/\",\"name\":\"Eptisa\",\"description\":\"Empresa Multinacional de Ingenier\u00eda\",\"publisher\":{\"@id\":\"https:\\\/\\\/www.eptisa.com\\\/ro\\\/#organization\"},\"potentialAction\":[{\"@type\":\"SearchAction\",\"target\":{\"@type\":\"EntryPoint\",\"urlTemplate\":\"https:\\\/\\\/www.eptisa.com\\\/ro\\\/?s={search_term_string}\"},\"query-input\":{\"@type\":\"PropertyValueSpecification\",\"valueRequired\":true,\"valueName\":\"search_term_string\"}}],\"inLanguage\":\"ro-RO\"},{\"@type\":\"Organization\",\"@id\":\"https:\\\/\\\/www.eptisa.com\\\/ro\\\/#organization\",\"name\":\"Eptisa\",\"url\":\"https:\\\/\\\/www.eptisa.com\\\/ro\\\/\",\"logo\":{\"@type\":\"ImageObject\",\"inLanguage\":\"ro-RO\",\"@id\":\"https:\\\/\\\/www.eptisa.com\\\/ro\\\/#\\\/schema\\\/logo\\\/image\\\/\",\"url\":\"https:\\\/\\\/www.eptisa.com\\\/wp-content\\\/uploads\\\/2025\\\/06\\\/7265704d3382618649eba7d99541ab81042c2245-scaled.png\",\"contentUrl\":\"https:\\\/\\\/www.eptisa.com\\\/wp-content\\\/uploads\\\/2025\\\/06\\\/7265704d3382618649eba7d99541ab81042c2245-scaled.png\",\"width\":2560,\"height\":1067,\"caption\":\"Eptisa\"},\"image\":{\"@id\":\"https:\\\/\\\/www.eptisa.com\\\/ro\\\/#\\\/schema\\\/logo\\\/image\\\/\"}},{\"@type\":\"Person\",\"@id\":\"https:\\\/\\\/www.eptisa.com\\\/ro\\\/#\\\/schema\\\/person\\\/7cf1f5d49be86d6748acfa485b6872d8\",\"name\":\"Margarita Marticorena\",\"url\":\"https:\\\/\\\/www.eptisa.com\\\/ro\\\/author\\\/marga\\\/\"}]}<\/script>\n<!-- \/ Yoast SEO plugin. -->","yoast_head_json":{"title":"Micul nostru omagiu adus femeilor","robots":{"index":"index","follow":"follow","max-snippet":"max-snippet:-1","max-image-preview":"max-image-preview:large","max-video-preview":"max-video-preview:-1"},"canonical":"https:\/\/www.eptisa.com\/ro\/micul-nostru-omagiu-adus-femeilor\/","og_locale":"ro_RO","og_type":"article","og_title":"Micul nostru omagiu adus femeilor","og_description":"&#8222;C\u00e2nd femeile de pe toate continentele, adesea separate de frontiere na\u021bionale \u0219i de diferen\u021be etnice, lingvistice, culturale, economice \u0219i politice, se reunesc \u00een aceast\u0103 ziAtunci c\u00e2nd femeile de pe toate continentele, adesea separate de grani\u021be na\u021bionale \u0219i de diferen\u021be etnice, lingvistice, culturale, economice \u0219i politice, se reunesc \u00een aceast\u0103 zi, ele pot privi \u00eenapoi la [&hellip;]","og_url":"https:\/\/www.eptisa.com\/ro\/micul-nostru-omagiu-adus-femeilor\/","og_site_name":"Eptisa","article_published_time":"2024-03-08T09:26:03+00:00","og_image":[{"width":1920,"height":1440,"url":"https:\/\/www.eptisa.com\/wp-content\/uploads\/2025\/09\/muro-scaled-1.jpg","type":"image\/jpeg"}],"author":"Margarita Marticorena","twitter_card":"summary_large_image","twitter_misc":{"Scris de":"Margarita Marticorena","Timp estimat pentru citire":"1 minut"},"schema":{"@context":"https:\/\/schema.org","@graph":[{"@type":"Article","@id":"https:\/\/www.eptisa.com\/ro\/micul-nostru-omagiu-adus-femeilor\/#article","isPartOf":{"@id":"https:\/\/www.eptisa.com\/ro\/micul-nostru-omagiu-adus-femeilor\/"},"author":{"name":"Margarita Marticorena","@id":"https:\/\/www.eptisa.com\/ro\/#\/schema\/person\/7cf1f5d49be86d6748acfa485b6872d8"},"headline":"Micul nostru omagiu adus femeilor","datePublished":"2024-03-08T09:26:03+00:00","mainEntityOfPage":{"@id":"https:\/\/www.eptisa.com\/ro\/micul-nostru-omagiu-adus-femeilor\/"},"wordCount":168,"publisher":{"@id":"https:\/\/www.eptisa.com\/ro\/#organization"},"image":{"@id":"https:\/\/www.eptisa.com\/ro\/micul-nostru-omagiu-adus-femeilor\/#primaryimage"},"thumbnailUrl":"https:\/\/www.eptisa.com\/wp-content\/uploads\/2025\/09\/muro-scaled-1.jpg","keywords":["Talent","Ziua femeii"],"articleSection":["Eveniment"],"inLanguage":"ro-RO"},{"@type":"WebPage","@id":"https:\/\/www.eptisa.com\/ro\/micul-nostru-omagiu-adus-femeilor\/","url":"https:\/\/www.eptisa.com\/ro\/micul-nostru-omagiu-adus-femeilor\/","name":"Micul nostru omagiu adus femeilor","isPartOf":{"@id":"https:\/\/www.eptisa.com\/ro\/#website"},"primaryImageOfPage":{"@id":"https:\/\/www.eptisa.com\/ro\/micul-nostru-omagiu-adus-femeilor\/#primaryimage"},"image":{"@id":"https:\/\/www.eptisa.com\/ro\/micul-nostru-omagiu-adus-femeilor\/#primaryimage"},"thumbnailUrl":"https:\/\/www.eptisa.com\/wp-content\/uploads\/2025\/09\/muro-scaled-1.jpg","datePublished":"2024-03-08T09:26:03+00:00","breadcrumb":{"@id":"https:\/\/www.eptisa.com\/ro\/micul-nostru-omagiu-adus-femeilor\/#breadcrumb"},"inLanguage":"ro-RO","potentialAction":[{"@type":"ReadAction","target":["https:\/\/www.eptisa.com\/ro\/micul-nostru-omagiu-adus-femeilor\/"]}]},{"@type":"ImageObject","inLanguage":"ro-RO","@id":"https:\/\/www.eptisa.com\/ro\/micul-nostru-omagiu-adus-femeilor\/#primaryimage","url":"https:\/\/www.eptisa.com\/wp-content\/uploads\/2025\/09\/muro-scaled-1.jpg","contentUrl":"https:\/\/www.eptisa.com\/wp-content\/uploads\/2025\/09\/muro-scaled-1.jpg","width":1920,"height":1440},{"@type":"BreadcrumbList","@id":"https:\/\/www.eptisa.com\/ro\/micul-nostru-omagiu-adus-femeilor\/#breadcrumb","itemListElement":[{"@type":"ListItem","position":1,"name":"Home","item":"https:\/\/www.eptisa.com\/ro\/"},{"@type":"ListItem","position":2,"name":"Micul nostru omagiu adus femeilor"}]},{"@type":"WebSite","@id":"https:\/\/www.eptisa.com\/ro\/#website","url":"https:\/\/www.eptisa.com\/ro\/","name":"Eptisa","description":"Empresa Multinacional de Ingenier\u00eda","publisher":{"@id":"https:\/\/www.eptisa.com\/ro\/#organization"},"potentialAction":[{"@type":"SearchAction","target":{"@type":"EntryPoint","urlTemplate":"https:\/\/www.eptisa.com\/ro\/?s={search_term_string}"},"query-input":{"@type":"PropertyValueSpecification","valueRequired":true,"valueName":"search_term_string"}}],"inLanguage":"ro-RO"},{"@type":"Organization","@id":"https:\/\/www.eptisa.com\/ro\/#organization","name":"Eptisa","url":"https:\/\/www.eptisa.com\/ro\/","logo":{"@type":"ImageObject","inLanguage":"ro-RO","@id":"https:\/\/www.eptisa.com\/ro\/#\/schema\/logo\/image\/","url":"https:\/\/www.eptisa.com\/wp-content\/uploads\/2025\/06\/7265704d3382618649eba7d99541ab81042c2245-scaled.png","contentUrl":"https:\/\/www.eptisa.com\/wp-content\/uploads\/2025\/06\/7265704d3382618649eba7d99541ab81042c2245-scaled.png","width":2560,"height":1067,"caption":"Eptisa"},"image":{"@id":"https:\/\/www.eptisa.com\/ro\/#\/schema\/logo\/image\/"}},{"@type":"Person","@id":"https:\/\/www.eptisa.com\/ro\/#\/schema\/person\/7cf1f5d49be86d6748acfa485b6872d8","name":"Margarita Marticorena","url":"https:\/\/www.eptisa.com\/ro\/author\/marga\/"}]}},"_links":{"self":[{"href":"https:\/\/www.eptisa.com\/ro\/wp-json\/wp\/v2\/posts\/3633","targetHints":{"allow":["GET"]}}],"collection":[{"href":"https:\/\/www.eptisa.com\/ro\/wp-json\/wp\/v2\/posts"}],"about":[{"href":"https:\/\/www.eptisa.com\/ro\/wp-json\/wp\/v2\/types\/post"}],"author":[{"embeddable":true,"href":"https:\/\/www.eptisa.com\/ro\/wp-json\/wp\/v2\/users\/10"}],"replies":[{"embeddable":true,"href":"https:\/\/www.eptisa.com\/ro\/wp-json\/wp\/v2\/comments?post=3633"}],"version-history":[{"count":0,"href":"https:\/\/www.eptisa.com\/ro\/wp-json\/wp\/v2\/posts\/3633\/revisions"}],"wp:featuredmedia":[{"embeddable":true,"href":"https:\/\/www.eptisa.com\/ro\/wp-json\/wp\/v2\/media\/1722"}],"wp:attachment":[{"href":"https:\/\/www.eptisa.com\/ro\/wp-json\/wp\/v2\/media?parent=3633"}],"wp:term":[{"taxonomy":"category","embeddable":true,"href":"https:\/\/www.eptisa.com\/ro\/wp-json\/wp\/v2\/categories?post=3633"},{"taxonomy":"post_tag","embeddable":true,"href":"https:\/\/www.eptisa.com\/ro\/wp-json\/wp\/v2\/tags?post=3633"}],"curies":[{"name":"wp","href":"https:\/\/api.w.org\/{rel}","templated":true}]}}