{"id":3635,"date":"2024-03-15T09:12:13","date_gmt":"2024-03-15T08:12:13","guid":{"rendered":"https:\/\/eptisa.com\/eptisa-participa-la-doua-ateliere-pentru-reintegrarea-sociala-si-economica-a-fostilor-membri-farc\/"},"modified":"2024-03-15T09:12:13","modified_gmt":"2024-03-15T08:12:13","slug":"eptisa-participa-la-doua-ateliere-pentru-reintegrarea-sociala-si-economica-a-fostilor-membri-farc","status":"publish","type":"post","link":"https:\/\/www.eptisa.com\/ro\/eptisa-participa-la-doua-ateliere-pentru-reintegrarea-sociala-si-economica-a-fostilor-membri-farc\/","title":{"rendered":"Eptisa particip\u0103 la dou\u0103 ateliere pentru reintegrarea social\u0103 \u0219i economic\u0103 a fo\u0219tilor membri FARC"},"content":{"rendered":"<p>\u00cen cadrul proiectului <strong>&#8222;Asisten\u021b\u0103 tehnic\u0103 pentru reforma sectorial\u0103 a politicii na\u021bionale de reintegrare social\u0103 \u0219i economic\u0103 a fo\u0219tilor membri ai For\u021belor Armate Revolu\u021bionare din Columbia &#8211; Armata Poporului (FARC-EP)&#8221;,<\/strong> Eptisa a participat la dou\u0103 ateliere interesante:<\/p>\n<p>&nbsp;<\/p>\n<p><strong>Ziua certific\u0103rii procesului de formare \u00een materie de gen<\/strong><\/p>\n<p>Cu participarea a 102 profesioni\u0219ti din cadrul Agen\u021biei pentru Reincorporare \u0219i Normalizare (ARN) \u0219i a reprezentan\u021bilor entit\u0103\u021bilor aliate din cinci departamente ale \u021b\u0103rii, Antioquia, Urab\u00e1, Caquet\u00e1, Guaviare \u0219i Cauca, ciclurile de \u00eent\u00e2lniri de formare au culminat cu consolidarea competen\u021belor \u0219i generarea de capacit\u0103\u021bi pentru a stimula integrarea abord\u0103rii privind femeile \u0219i genul \u00een procesul de reincorporare \u00een teritoriu, cu articularea ARN \u0219i a Uniunii Europene \u00een Columbia, prin Fondul European pentru Pace. Acest lucru va permite o \u00eenso\u021bire mai eficient\u0103 cu drepturi garantate.<\/p>\n<p><a href=\"https:\/\/www.reincorporacion.gov.co\/es\/sala-de-prensa\/noticias\/Paginas\/2024\/ARN-garantiza-mejor-atencion-firmantes-paz-enfoque-mujeres-genero.aspx\">ARN garanteaz\u0103 o mai bun\u0103 aten\u021bie pentru semnatarii p\u0103cii, cu accent pe femei \u0219i gen (reincorporacion.gov.co)<\/a><\/p>\n<p>&nbsp;<\/p>\n<p><strong>Bilan\u021bul procesului de consolidare a colectivului MEDEPAZ<\/strong><\/p>\n<p>Cu satisfac\u021bie, femeile \u0219i b\u0103rba\u021bii semnatari ai Acordului final de pace au fost instrui\u021bi pentru a dob\u00e2ndi instrumente care le vor permite s\u0103-\u0219i consolideze abilit\u0103\u021bile administrative, contabile \u0219i de comunicare, dup\u0103 13 luni, \u00een care persoanele din procesul de reincorporare a organiza\u021biei <em><strong>Medell\u00edn es Paz (Medepaz),<\/strong><\/em> au dob\u00e2ndit cuno\u0219tin\u021be datorit\u0103 articul\u0103rii dintre Agen\u021bia pentru Reincorporare \u0219i Normalizare (ARN) \u0219i Uniunea European\u0103 \u00een Columbia, prin intermediul Fondului European pentru Pace, \u00een vederea consolid\u0103rii capacit\u0103\u021bilor de consolidare a colectivului \u0219i a durabilit\u0103\u021bii asocia\u021biei lor.<\/p>\n<p><a href=\"https:\/\/www.reincorporacion.gov.co\/es\/sala-de-prensa\/noticias\/Paginas\/2024\/Medellin-firmantes-paz-formaron-habilidades-administrativas-contables-otras-areas-fortalecer-proyectos-productivos.aspx\">\u00cen Medell\u00edn, semnatarii p\u0103cii au fost instrui\u021bi \u00een domeniul administrativ, contabil \u0219i al altor competen\u021be pentru a-\u0219i consolida proiectele productive (reincorporacion.gov.co).<\/a><\/p>\n","protected":false},"excerpt":{"rendered":"<p>\u00cen cadrul proiectului &#8222;Asisten\u021b\u0103 tehnic\u0103 pentru reforma sectorial\u0103 a politicii na\u021bionale de reintegrare social\u0103 \u0219i economic\u0103 a fo\u0219tilor membri ai For\u021belor Armate Revolu\u021bionare din Columbia &#8211; Armata Poporului (FARC-EP)&#8221;, Eptisa a participat la dou\u0103 ateliere interesante: &nbsp; Ziua certific\u0103rii procesului de formare \u00een materie de gen Cu participarea a 102 profesioni\u0219ti din cadrul Agen\u021biei pentru [&hellip;]<\/p>\n","protected":false},"author":10,"featured_media":1251,"comment_status":"closed","ping_status":"open","sticky":false,"template":"","format":"standard","meta":{"_acf_changed":false,"footnotes":""},"categories":[1061],"tags":[1062,1063,1064],"class_list":["post-3635","post","type-post","status-publish","format-standard","has-post-thumbnail","hentry","category-dezvoltarea-politicilor-publiceeveniment","tag-columbia","tag-educatie","tag-ziua"],"acf":[],"yoast_head":"<!-- This site is optimized with the Yoast SEO plugin v27.4 - https:\/\/yoast.com\/product\/yoast-seo-wordpress\/ -->\n<title>Eptisa particip\u0103 la dou\u0103 ateliere pentru reintegrarea social\u0103 \u0219i economic\u0103 a fo\u0219tilor membri FARC<\/title>\n<meta name=\"robots\" content=\"index, follow, max-snippet:-1, max-image-preview:large, max-video-preview:-1\" \/>\n<link rel=\"canonical\" href=\"https:\/\/www.eptisa.com\/ro\/eptisa-participa-la-doua-ateliere-pentru-reintegrarea-sociala-si-economica-a-fostilor-membri-farc\/\" \/>\n<meta property=\"og:locale\" content=\"ro_RO\" \/>\n<meta property=\"og:type\" content=\"article\" \/>\n<meta property=\"og:title\" content=\"Eptisa particip\u0103 la dou\u0103 ateliere pentru reintegrarea social\u0103 \u0219i economic\u0103 a fo\u0219tilor membri FARC\" \/>\n<meta property=\"og:description\" content=\"\u00cen cadrul proiectului &#8222;Asisten\u021b\u0103 tehnic\u0103 pentru reforma sectorial\u0103 a politicii na\u021bionale de reintegrare social\u0103 \u0219i economic\u0103 a fo\u0219tilor membri ai For\u021belor Armate Revolu\u021bionare din Columbia &#8211; Armata Poporului (FARC-EP)&#8221;, Eptisa a participat la dou\u0103 ateliere interesante: &nbsp; Ziua certific\u0103rii procesului de formare \u00een materie de gen Cu participarea a 102 profesioni\u0219ti din cadrul Agen\u021biei pentru [&hellip;]\" \/>\n<meta property=\"og:url\" content=\"https:\/\/www.eptisa.com\/ro\/eptisa-participa-la-doua-ateliere-pentru-reintegrarea-sociala-si-economica-a-fostilor-membri-farc\/\" \/>\n<meta property=\"og:site_name\" content=\"Eptisa\" \/>\n<meta property=\"article:published_time\" content=\"2024-03-15T08:12:13+00:00\" \/>\n<meta property=\"og:image\" content=\"https:\/\/www.eptisa.com\/wp-content\/uploads\/2025\/09\/GGyTyUJXAAAn0zn-scaled-1.jpg\" \/>\n\t<meta property=\"og:image:width\" content=\"1920\" \/>\n\t<meta property=\"og:image:height\" content=\"1080\" \/>\n\t<meta property=\"og:image:type\" content=\"image\/jpeg\" \/>\n<meta name=\"author\" content=\"Margarita Marticorena\" \/>\n<meta name=\"twitter:card\" content=\"summary_large_image\" \/>\n<meta name=\"twitter:label1\" content=\"Scris de\" \/>\n\t<meta name=\"twitter:data1\" content=\"Margarita Marticorena\" \/>\n\t<meta name=\"twitter:label2\" content=\"Timp estimat pentru citire\" \/>\n\t<meta name=\"twitter:data2\" content=\"1 minut\" \/>\n<script type=\"application\/ld+json\" class=\"yoast-schema-graph\">{\"@context\":\"https:\\\/\\\/schema.org\",\"@graph\":[{\"@type\":\"Article\",\"@id\":\"https:\\\/\\\/www.eptisa.com\\\/ro\\\/eptisa-participa-la-doua-ateliere-pentru-reintegrarea-sociala-si-economica-a-fostilor-membri-farc\\\/#article\",\"isPartOf\":{\"@id\":\"https:\\\/\\\/www.eptisa.com\\\/ro\\\/eptisa-participa-la-doua-ateliere-pentru-reintegrarea-sociala-si-economica-a-fostilor-membri-farc\\\/\"},\"author\":{\"name\":\"Margarita Marticorena\",\"@id\":\"https:\\\/\\\/www.eptisa.com\\\/ro\\\/#\\\/schema\\\/person\\\/7cf1f5d49be86d6748acfa485b6872d8\"},\"headline\":\"Eptisa particip\u0103 la dou\u0103 ateliere pentru reintegrarea social\u0103 \u0219i economic\u0103 a fo\u0219tilor membri FARC\",\"datePublished\":\"2024-03-15T08:12:13+00:00\",\"mainEntityOfPage\":{\"@id\":\"https:\\\/\\\/www.eptisa.com\\\/ro\\\/eptisa-participa-la-doua-ateliere-pentru-reintegrarea-sociala-si-economica-a-fostilor-membri-farc\\\/\"},\"wordCount\":314,\"publisher\":{\"@id\":\"https:\\\/\\\/www.eptisa.com\\\/ro\\\/#organization\"},\"image\":{\"@id\":\"https:\\\/\\\/www.eptisa.com\\\/ro\\\/eptisa-participa-la-doua-ateliere-pentru-reintegrarea-sociala-si-economica-a-fostilor-membri-farc\\\/#primaryimage\"},\"thumbnailUrl\":\"https:\\\/\\\/www.eptisa.com\\\/wp-content\\\/uploads\\\/2025\\\/09\\\/GGyTyUJXAAAn0zn-scaled-1.jpg\",\"keywords\":[\"Columbia\",\"Educa\u021bie\",\"Ziua\"],\"articleSection\":[\"Dezvoltarea politicilor publice|Eveniment\"],\"inLanguage\":\"ro-RO\"},{\"@type\":\"WebPage\",\"@id\":\"https:\\\/\\\/www.eptisa.com\\\/ro\\\/eptisa-participa-la-doua-ateliere-pentru-reintegrarea-sociala-si-economica-a-fostilor-membri-farc\\\/\",\"url\":\"https:\\\/\\\/www.eptisa.com\\\/ro\\\/eptisa-participa-la-doua-ateliere-pentru-reintegrarea-sociala-si-economica-a-fostilor-membri-farc\\\/\",\"name\":\"Eptisa particip\u0103 la dou\u0103 ateliere pentru reintegrarea social\u0103 \u0219i economic\u0103 a fo\u0219tilor membri FARC\",\"isPartOf\":{\"@id\":\"https:\\\/\\\/www.eptisa.com\\\/ro\\\/#website\"},\"primaryImageOfPage\":{\"@id\":\"https:\\\/\\\/www.eptisa.com\\\/ro\\\/eptisa-participa-la-doua-ateliere-pentru-reintegrarea-sociala-si-economica-a-fostilor-membri-farc\\\/#primaryimage\"},\"image\":{\"@id\":\"https:\\\/\\\/www.eptisa.com\\\/ro\\\/eptisa-participa-la-doua-ateliere-pentru-reintegrarea-sociala-si-economica-a-fostilor-membri-farc\\\/#primaryimage\"},\"thumbnailUrl\":\"https:\\\/\\\/www.eptisa.com\\\/wp-content\\\/uploads\\\/2025\\\/09\\\/GGyTyUJXAAAn0zn-scaled-1.jpg\",\"datePublished\":\"2024-03-15T08:12:13+00:00\",\"breadcrumb\":{\"@id\":\"https:\\\/\\\/www.eptisa.com\\\/ro\\\/eptisa-participa-la-doua-ateliere-pentru-reintegrarea-sociala-si-economica-a-fostilor-membri-farc\\\/#breadcrumb\"},\"inLanguage\":\"ro-RO\",\"potentialAction\":[{\"@type\":\"ReadAction\",\"target\":[\"https:\\\/\\\/www.eptisa.com\\\/ro\\\/eptisa-participa-la-doua-ateliere-pentru-reintegrarea-sociala-si-economica-a-fostilor-membri-farc\\\/\"]}]},{\"@type\":\"ImageObject\",\"inLanguage\":\"ro-RO\",\"@id\":\"https:\\\/\\\/www.eptisa.com\\\/ro\\\/eptisa-participa-la-doua-ateliere-pentru-reintegrarea-sociala-si-economica-a-fostilor-membri-farc\\\/#primaryimage\",\"url\":\"https:\\\/\\\/www.eptisa.com\\\/wp-content\\\/uploads\\\/2025\\\/09\\\/GGyTyUJXAAAn0zn-scaled-1.jpg\",\"contentUrl\":\"https:\\\/\\\/www.eptisa.com\\\/wp-content\\\/uploads\\\/2025\\\/09\\\/GGyTyUJXAAAn0zn-scaled-1.jpg\",\"width\":1920,\"height\":1080},{\"@type\":\"BreadcrumbList\",\"@id\":\"https:\\\/\\\/www.eptisa.com\\\/ro\\\/eptisa-participa-la-doua-ateliere-pentru-reintegrarea-sociala-si-economica-a-fostilor-membri-farc\\\/#breadcrumb\",\"itemListElement\":[{\"@type\":\"ListItem\",\"position\":1,\"name\":\"Home\",\"item\":\"https:\\\/\\\/www.eptisa.com\\\/ro\\\/\"},{\"@type\":\"ListItem\",\"position\":2,\"name\":\"Eptisa particip\u0103 la dou\u0103 ateliere pentru reintegrarea social\u0103 \u0219i economic\u0103 a fo\u0219tilor membri FARC\"}]},{\"@type\":\"WebSite\",\"@id\":\"https:\\\/\\\/www.eptisa.com\\\/ro\\\/#website\",\"url\":\"https:\\\/\\\/www.eptisa.com\\\/ro\\\/\",\"name\":\"Eptisa\",\"description\":\"Empresa Multinacional de Ingenier\u00eda\",\"publisher\":{\"@id\":\"https:\\\/\\\/www.eptisa.com\\\/ro\\\/#organization\"},\"potentialAction\":[{\"@type\":\"SearchAction\",\"target\":{\"@type\":\"EntryPoint\",\"urlTemplate\":\"https:\\\/\\\/www.eptisa.com\\\/ro\\\/?s={search_term_string}\"},\"query-input\":{\"@type\":\"PropertyValueSpecification\",\"valueRequired\":true,\"valueName\":\"search_term_string\"}}],\"inLanguage\":\"ro-RO\"},{\"@type\":\"Organization\",\"@id\":\"https:\\\/\\\/www.eptisa.com\\\/ro\\\/#organization\",\"name\":\"Eptisa\",\"url\":\"https:\\\/\\\/www.eptisa.com\\\/ro\\\/\",\"logo\":{\"@type\":\"ImageObject\",\"inLanguage\":\"ro-RO\",\"@id\":\"https:\\\/\\\/www.eptisa.com\\\/ro\\\/#\\\/schema\\\/logo\\\/image\\\/\",\"url\":\"https:\\\/\\\/www.eptisa.com\\\/wp-content\\\/uploads\\\/2025\\\/06\\\/7265704d3382618649eba7d99541ab81042c2245-scaled.png\",\"contentUrl\":\"https:\\\/\\\/www.eptisa.com\\\/wp-content\\\/uploads\\\/2025\\\/06\\\/7265704d3382618649eba7d99541ab81042c2245-scaled.png\",\"width\":2560,\"height\":1067,\"caption\":\"Eptisa\"},\"image\":{\"@id\":\"https:\\\/\\\/www.eptisa.com\\\/ro\\\/#\\\/schema\\\/logo\\\/image\\\/\"}},{\"@type\":\"Person\",\"@id\":\"https:\\\/\\\/www.eptisa.com\\\/ro\\\/#\\\/schema\\\/person\\\/7cf1f5d49be86d6748acfa485b6872d8\",\"name\":\"Margarita Marticorena\",\"url\":\"https:\\\/\\\/www.eptisa.com\\\/ro\\\/author\\\/marga\\\/\"}]}<\/script>\n<!-- \/ Yoast SEO plugin. -->","yoast_head_json":{"title":"Eptisa particip\u0103 la dou\u0103 ateliere pentru reintegrarea social\u0103 \u0219i economic\u0103 a fo\u0219tilor membri FARC","robots":{"index":"index","follow":"follow","max-snippet":"max-snippet:-1","max-image-preview":"max-image-preview:large","max-video-preview":"max-video-preview:-1"},"canonical":"https:\/\/www.eptisa.com\/ro\/eptisa-participa-la-doua-ateliere-pentru-reintegrarea-sociala-si-economica-a-fostilor-membri-farc\/","og_locale":"ro_RO","og_type":"article","og_title":"Eptisa particip\u0103 la dou\u0103 ateliere pentru reintegrarea social\u0103 \u0219i economic\u0103 a fo\u0219tilor membri FARC","og_description":"\u00cen cadrul proiectului &#8222;Asisten\u021b\u0103 tehnic\u0103 pentru reforma sectorial\u0103 a politicii na\u021bionale de reintegrare social\u0103 \u0219i economic\u0103 a fo\u0219tilor membri ai For\u021belor Armate Revolu\u021bionare din Columbia &#8211; Armata Poporului (FARC-EP)&#8221;, Eptisa a participat la dou\u0103 ateliere interesante: &nbsp; Ziua certific\u0103rii procesului de formare \u00een materie de gen Cu participarea a 102 profesioni\u0219ti din cadrul Agen\u021biei pentru [&hellip;]","og_url":"https:\/\/www.eptisa.com\/ro\/eptisa-participa-la-doua-ateliere-pentru-reintegrarea-sociala-si-economica-a-fostilor-membri-farc\/","og_site_name":"Eptisa","article_published_time":"2024-03-15T08:12:13+00:00","og_image":[{"width":1920,"height":1080,"url":"https:\/\/www.eptisa.com\/wp-content\/uploads\/2025\/09\/GGyTyUJXAAAn0zn-scaled-1.jpg","type":"image\/jpeg"}],"author":"Margarita Marticorena","twitter_card":"summary_large_image","twitter_misc":{"Scris de":"Margarita Marticorena","Timp estimat pentru citire":"1 minut"},"schema":{"@context":"https:\/\/schema.org","@graph":[{"@type":"Article","@id":"https:\/\/www.eptisa.com\/ro\/eptisa-participa-la-doua-ateliere-pentru-reintegrarea-sociala-si-economica-a-fostilor-membri-farc\/#article","isPartOf":{"@id":"https:\/\/www.eptisa.com\/ro\/eptisa-participa-la-doua-ateliere-pentru-reintegrarea-sociala-si-economica-a-fostilor-membri-farc\/"},"author":{"name":"Margarita Marticorena","@id":"https:\/\/www.eptisa.com\/ro\/#\/schema\/person\/7cf1f5d49be86d6748acfa485b6872d8"},"headline":"Eptisa particip\u0103 la dou\u0103 ateliere pentru reintegrarea social\u0103 \u0219i economic\u0103 a fo\u0219tilor membri FARC","datePublished":"2024-03-15T08:12:13+00:00","mainEntityOfPage":{"@id":"https:\/\/www.eptisa.com\/ro\/eptisa-participa-la-doua-ateliere-pentru-reintegrarea-sociala-si-economica-a-fostilor-membri-farc\/"},"wordCount":314,"publisher":{"@id":"https:\/\/www.eptisa.com\/ro\/#organization"},"image":{"@id":"https:\/\/www.eptisa.com\/ro\/eptisa-participa-la-doua-ateliere-pentru-reintegrarea-sociala-si-economica-a-fostilor-membri-farc\/#primaryimage"},"thumbnailUrl":"https:\/\/www.eptisa.com\/wp-content\/uploads\/2025\/09\/GGyTyUJXAAAn0zn-scaled-1.jpg","keywords":["Columbia","Educa\u021bie","Ziua"],"articleSection":["Dezvoltarea politicilor publice|Eveniment"],"inLanguage":"ro-RO"},{"@type":"WebPage","@id":"https:\/\/www.eptisa.com\/ro\/eptisa-participa-la-doua-ateliere-pentru-reintegrarea-sociala-si-economica-a-fostilor-membri-farc\/","url":"https:\/\/www.eptisa.com\/ro\/eptisa-participa-la-doua-ateliere-pentru-reintegrarea-sociala-si-economica-a-fostilor-membri-farc\/","name":"Eptisa particip\u0103 la dou\u0103 ateliere pentru reintegrarea social\u0103 \u0219i economic\u0103 a fo\u0219tilor membri FARC","isPartOf":{"@id":"https:\/\/www.eptisa.com\/ro\/#website"},"primaryImageOfPage":{"@id":"https:\/\/www.eptisa.com\/ro\/eptisa-participa-la-doua-ateliere-pentru-reintegrarea-sociala-si-economica-a-fostilor-membri-farc\/#primaryimage"},"image":{"@id":"https:\/\/www.eptisa.com\/ro\/eptisa-participa-la-doua-ateliere-pentru-reintegrarea-sociala-si-economica-a-fostilor-membri-farc\/#primaryimage"},"thumbnailUrl":"https:\/\/www.eptisa.com\/wp-content\/uploads\/2025\/09\/GGyTyUJXAAAn0zn-scaled-1.jpg","datePublished":"2024-03-15T08:12:13+00:00","breadcrumb":{"@id":"https:\/\/www.eptisa.com\/ro\/eptisa-participa-la-doua-ateliere-pentru-reintegrarea-sociala-si-economica-a-fostilor-membri-farc\/#breadcrumb"},"inLanguage":"ro-RO","potentialAction":[{"@type":"ReadAction","target":["https:\/\/www.eptisa.com\/ro\/eptisa-participa-la-doua-ateliere-pentru-reintegrarea-sociala-si-economica-a-fostilor-membri-farc\/"]}]},{"@type":"ImageObject","inLanguage":"ro-RO","@id":"https:\/\/www.eptisa.com\/ro\/eptisa-participa-la-doua-ateliere-pentru-reintegrarea-sociala-si-economica-a-fostilor-membri-farc\/#primaryimage","url":"https:\/\/www.eptisa.com\/wp-content\/uploads\/2025\/09\/GGyTyUJXAAAn0zn-scaled-1.jpg","contentUrl":"https:\/\/www.eptisa.com\/wp-content\/uploads\/2025\/09\/GGyTyUJXAAAn0zn-scaled-1.jpg","width":1920,"height":1080},{"@type":"BreadcrumbList","@id":"https:\/\/www.eptisa.com\/ro\/eptisa-participa-la-doua-ateliere-pentru-reintegrarea-sociala-si-economica-a-fostilor-membri-farc\/#breadcrumb","itemListElement":[{"@type":"ListItem","position":1,"name":"Home","item":"https:\/\/www.eptisa.com\/ro\/"},{"@type":"ListItem","position":2,"name":"Eptisa particip\u0103 la dou\u0103 ateliere pentru reintegrarea social\u0103 \u0219i economic\u0103 a fo\u0219tilor membri FARC"}]},{"@type":"WebSite","@id":"https:\/\/www.eptisa.com\/ro\/#website","url":"https:\/\/www.eptisa.com\/ro\/","name":"Eptisa","description":"Empresa Multinacional de Ingenier\u00eda","publisher":{"@id":"https:\/\/www.eptisa.com\/ro\/#organization"},"potentialAction":[{"@type":"SearchAction","target":{"@type":"EntryPoint","urlTemplate":"https:\/\/www.eptisa.com\/ro\/?s={search_term_string}"},"query-input":{"@type":"PropertyValueSpecification","valueRequired":true,"valueName":"search_term_string"}}],"inLanguage":"ro-RO"},{"@type":"Organization","@id":"https:\/\/www.eptisa.com\/ro\/#organization","name":"Eptisa","url":"https:\/\/www.eptisa.com\/ro\/","logo":{"@type":"ImageObject","inLanguage":"ro-RO","@id":"https:\/\/www.eptisa.com\/ro\/#\/schema\/logo\/image\/","url":"https:\/\/www.eptisa.com\/wp-content\/uploads\/2025\/06\/7265704d3382618649eba7d99541ab81042c2245-scaled.png","contentUrl":"https:\/\/www.eptisa.com\/wp-content\/uploads\/2025\/06\/7265704d3382618649eba7d99541ab81042c2245-scaled.png","width":2560,"height":1067,"caption":"Eptisa"},"image":{"@id":"https:\/\/www.eptisa.com\/ro\/#\/schema\/logo\/image\/"}},{"@type":"Person","@id":"https:\/\/www.eptisa.com\/ro\/#\/schema\/person\/7cf1f5d49be86d6748acfa485b6872d8","name":"Margarita Marticorena","url":"https:\/\/www.eptisa.com\/ro\/author\/marga\/"}]}},"_links":{"self":[{"href":"https:\/\/www.eptisa.com\/ro\/wp-json\/wp\/v2\/posts\/3635","targetHints":{"allow":["GET"]}}],"collection":[{"href":"https:\/\/www.eptisa.com\/ro\/wp-json\/wp\/v2\/posts"}],"about":[{"href":"https:\/\/www.eptisa.com\/ro\/wp-json\/wp\/v2\/types\/post"}],"author":[{"embeddable":true,"href":"https:\/\/www.eptisa.com\/ro\/wp-json\/wp\/v2\/users\/10"}],"replies":[{"embeddable":true,"href":"https:\/\/www.eptisa.com\/ro\/wp-json\/wp\/v2\/comments?post=3635"}],"version-history":[{"count":0,"href":"https:\/\/www.eptisa.com\/ro\/wp-json\/wp\/v2\/posts\/3635\/revisions"}],"wp:featuredmedia":[{"embeddable":true,"href":"https:\/\/www.eptisa.com\/ro\/wp-json\/wp\/v2\/media\/1251"}],"wp:attachment":[{"href":"https:\/\/www.eptisa.com\/ro\/wp-json\/wp\/v2\/media?parent=3635"}],"wp:term":[{"taxonomy":"category","embeddable":true,"href":"https:\/\/www.eptisa.com\/ro\/wp-json\/wp\/v2\/categories?post=3635"},{"taxonomy":"post_tag","embeddable":true,"href":"https:\/\/www.eptisa.com\/ro\/wp-json\/wp\/v2\/tags?post=3635"}],"curies":[{"name":"wp","href":"https:\/\/api.w.org\/{rel}","templated":true}]}}