{"id":3657,"date":"2023-10-10T09:54:42","date_gmt":"2023-10-10T07:54:42","guid":{"rendered":"https:\/\/eptisa.com\/eptisa-a-participat-la-zilele-mobilitatii-urbane\/"},"modified":"2023-10-10T09:54:42","modified_gmt":"2023-10-10T07:54:42","slug":"eptisa-a-participat-la-zilele-mobilitatii-urbane","status":"publish","type":"post","link":"https:\/\/www.eptisa.com\/ro\/eptisa-a-participat-la-zilele-mobilitatii-urbane\/","title":{"rendered":"Eptisa a participat la Zilele mobilit\u0103\u021bii urbane"},"content":{"rendered":"<p>Eptisa a participat la Zilele mobilit\u0103\u021bii urbane, care au avut loc \u00eentre 4 \u0219i 6 octombrie \u00een Sevilla. Este un punct de \u00eent\u00e2lnire de neratat, care reune\u0219te politicieni, autorit\u0103\u021bi locale, profesioni\u0219ti din industrie \u0219i din domeniul transportului urban cu Comisia European\u0103 pentru a se conecta, a \u00eemp\u0103rt\u0103\u0219i \u0219i a discuta despre calea de urmat pentru un viitor durabil, inovator \u0219i echitabil pentru mobilitatea urban\u0103 \u00een Europa.<\/p>\n","protected":false},"excerpt":{"rendered":"<p>Eptisa a participat la Zilele mobilit\u0103\u021bii urbane, care au avut loc \u00eentre 4 \u0219i 6 octombrie \u00een Sevilla. Este un punct de \u00eent\u00e2lnire de neratat, care reune\u0219te politicieni, autorit\u0103\u021bi locale, profesioni\u0219ti din industrie \u0219i din domeniul transportului urban cu Comisia European\u0103 pentru a se conecta, a \u00eemp\u0103rt\u0103\u0219i \u0219i a discuta despre calea de urmat pentru [&hellip;]<\/p>\n","protected":false},"author":10,"featured_media":1196,"comment_status":"closed","ping_status":"open","sticky":false,"template":"","format":"standard","meta":{"_acf_changed":false,"footnotes":""},"categories":[944,1124],"tags":[1084,1125],"class_list":["post-3657","post","type-post","status-publish","format-standard","has-post-thumbnail","hentry","category-evenimentinginerie-civila","category-transport-3","tag-mobilitate-2","tag-urban"],"acf":[],"yoast_head":"<!-- This site is optimized with the Yoast SEO plugin v27.4 - https:\/\/yoast.com\/product\/yoast-seo-wordpress\/ -->\n<title>Eptisa a participat la Zilele mobilit\u0103\u021bii urbane<\/title>\n<meta name=\"robots\" content=\"index, follow, max-snippet:-1, max-image-preview:large, max-video-preview:-1\" \/>\n<link rel=\"canonical\" href=\"https:\/\/www.eptisa.com\/ro\/eptisa-a-participat-la-zilele-mobilitatii-urbane\/\" \/>\n<meta property=\"og:locale\" content=\"ro_RO\" \/>\n<meta property=\"og:type\" content=\"article\" \/>\n<meta property=\"og:title\" content=\"Eptisa a participat la Zilele mobilit\u0103\u021bii urbane\" \/>\n<meta property=\"og:description\" content=\"Eptisa a participat la Zilele mobilit\u0103\u021bii urbane, care au avut loc \u00eentre 4 \u0219i 6 octombrie \u00een Sevilla. Este un punct de \u00eent\u00e2lnire de neratat, care reune\u0219te politicieni, autorit\u0103\u021bi locale, profesioni\u0219ti din industrie \u0219i din domeniul transportului urban cu Comisia European\u0103 pentru a se conecta, a \u00eemp\u0103rt\u0103\u0219i \u0219i a discuta despre calea de urmat pentru [&hellip;]\" \/>\n<meta property=\"og:url\" content=\"https:\/\/www.eptisa.com\/ro\/eptisa-a-participat-la-zilele-mobilitatii-urbane\/\" \/>\n<meta property=\"og:site_name\" content=\"Eptisa\" \/>\n<meta property=\"article:published_time\" content=\"2023-10-10T07:54:42+00:00\" \/>\n<meta property=\"og:image\" content=\"https:\/\/www.eptisa.com\/wp-content\/uploads\/2025\/09\/Foto-para-redes-1024x706.png\" \/>\n\t<meta property=\"og:image:width\" content=\"1024\" \/>\n\t<meta property=\"og:image:height\" content=\"706\" \/>\n\t<meta property=\"og:image:type\" content=\"image\/png\" \/>\n<meta name=\"author\" content=\"Margarita Marticorena\" \/>\n<meta name=\"twitter:card\" content=\"summary_large_image\" \/>\n<meta name=\"twitter:label1\" content=\"Scris de\" \/>\n\t<meta name=\"twitter:data1\" content=\"Margarita Marticorena\" \/>\n<script type=\"application\/ld+json\" class=\"yoast-schema-graph\">{\"@context\":\"https:\\\/\\\/schema.org\",\"@graph\":[{\"@type\":\"Article\",\"@id\":\"https:\\\/\\\/www.eptisa.com\\\/ro\\\/eptisa-a-participat-la-zilele-mobilitatii-urbane\\\/#article\",\"isPartOf\":{\"@id\":\"https:\\\/\\\/www.eptisa.com\\\/ro\\\/eptisa-a-participat-la-zilele-mobilitatii-urbane\\\/\"},\"author\":{\"name\":\"Margarita Marticorena\",\"@id\":\"https:\\\/\\\/www.eptisa.com\\\/ro\\\/#\\\/schema\\\/person\\\/7cf1f5d49be86d6748acfa485b6872d8\"},\"headline\":\"Eptisa a participat la Zilele mobilit\u0103\u021bii urbane\",\"datePublished\":\"2023-10-10T07:54:42+00:00\",\"mainEntityOfPage\":{\"@id\":\"https:\\\/\\\/www.eptisa.com\\\/ro\\\/eptisa-a-participat-la-zilele-mobilitatii-urbane\\\/\"},\"wordCount\":79,\"publisher\":{\"@id\":\"https:\\\/\\\/www.eptisa.com\\\/ro\\\/#organization\"},\"image\":{\"@id\":\"https:\\\/\\\/www.eptisa.com\\\/ro\\\/eptisa-a-participat-la-zilele-mobilitatii-urbane\\\/#primaryimage\"},\"thumbnailUrl\":\"https:\\\/\\\/www.eptisa.com\\\/wp-content\\\/uploads\\\/2025\\\/09\\\/Foto-para-redes.png\",\"keywords\":[\"mobilitate\",\"Urban\"],\"articleSection\":[\"Eveniment|Inginerie civil\u0103\",\"Transport\"],\"inLanguage\":\"ro-RO\"},{\"@type\":\"WebPage\",\"@id\":\"https:\\\/\\\/www.eptisa.com\\\/ro\\\/eptisa-a-participat-la-zilele-mobilitatii-urbane\\\/\",\"url\":\"https:\\\/\\\/www.eptisa.com\\\/ro\\\/eptisa-a-participat-la-zilele-mobilitatii-urbane\\\/\",\"name\":\"Eptisa a participat la Zilele mobilit\u0103\u021bii urbane\",\"isPartOf\":{\"@id\":\"https:\\\/\\\/www.eptisa.com\\\/ro\\\/#website\"},\"primaryImageOfPage\":{\"@id\":\"https:\\\/\\\/www.eptisa.com\\\/ro\\\/eptisa-a-participat-la-zilele-mobilitatii-urbane\\\/#primaryimage\"},\"image\":{\"@id\":\"https:\\\/\\\/www.eptisa.com\\\/ro\\\/eptisa-a-participat-la-zilele-mobilitatii-urbane\\\/#primaryimage\"},\"thumbnailUrl\":\"https:\\\/\\\/www.eptisa.com\\\/wp-content\\\/uploads\\\/2025\\\/09\\\/Foto-para-redes.png\",\"datePublished\":\"2023-10-10T07:54:42+00:00\",\"breadcrumb\":{\"@id\":\"https:\\\/\\\/www.eptisa.com\\\/ro\\\/eptisa-a-participat-la-zilele-mobilitatii-urbane\\\/#breadcrumb\"},\"inLanguage\":\"ro-RO\",\"potentialAction\":[{\"@type\":\"ReadAction\",\"target\":[\"https:\\\/\\\/www.eptisa.com\\\/ro\\\/eptisa-a-participat-la-zilele-mobilitatii-urbane\\\/\"]}]},{\"@type\":\"ImageObject\",\"inLanguage\":\"ro-RO\",\"@id\":\"https:\\\/\\\/www.eptisa.com\\\/ro\\\/eptisa-a-participat-la-zilele-mobilitatii-urbane\\\/#primaryimage\",\"url\":\"https:\\\/\\\/www.eptisa.com\\\/wp-content\\\/uploads\\\/2025\\\/09\\\/Foto-para-redes.png\",\"contentUrl\":\"https:\\\/\\\/www.eptisa.com\\\/wp-content\\\/uploads\\\/2025\\\/09\\\/Foto-para-redes.png\",\"width\":1199,\"height\":827},{\"@type\":\"BreadcrumbList\",\"@id\":\"https:\\\/\\\/www.eptisa.com\\\/ro\\\/eptisa-a-participat-la-zilele-mobilitatii-urbane\\\/#breadcrumb\",\"itemListElement\":[{\"@type\":\"ListItem\",\"position\":1,\"name\":\"Home\",\"item\":\"https:\\\/\\\/www.eptisa.com\\\/ro\\\/\"},{\"@type\":\"ListItem\",\"position\":2,\"name\":\"Eptisa a participat la Zilele mobilit\u0103\u021bii urbane\"}]},{\"@type\":\"WebSite\",\"@id\":\"https:\\\/\\\/www.eptisa.com\\\/ro\\\/#website\",\"url\":\"https:\\\/\\\/www.eptisa.com\\\/ro\\\/\",\"name\":\"Eptisa\",\"description\":\"Empresa Multinacional de Ingenier\u00eda\",\"publisher\":{\"@id\":\"https:\\\/\\\/www.eptisa.com\\\/ro\\\/#organization\"},\"potentialAction\":[{\"@type\":\"SearchAction\",\"target\":{\"@type\":\"EntryPoint\",\"urlTemplate\":\"https:\\\/\\\/www.eptisa.com\\\/ro\\\/?s={search_term_string}\"},\"query-input\":{\"@type\":\"PropertyValueSpecification\",\"valueRequired\":true,\"valueName\":\"search_term_string\"}}],\"inLanguage\":\"ro-RO\"},{\"@type\":\"Organization\",\"@id\":\"https:\\\/\\\/www.eptisa.com\\\/ro\\\/#organization\",\"name\":\"Eptisa\",\"url\":\"https:\\\/\\\/www.eptisa.com\\\/ro\\\/\",\"logo\":{\"@type\":\"ImageObject\",\"inLanguage\":\"ro-RO\",\"@id\":\"https:\\\/\\\/www.eptisa.com\\\/ro\\\/#\\\/schema\\\/logo\\\/image\\\/\",\"url\":\"https:\\\/\\\/www.eptisa.com\\\/wp-content\\\/uploads\\\/2025\\\/06\\\/7265704d3382618649eba7d99541ab81042c2245-scaled.png\",\"contentUrl\":\"https:\\\/\\\/www.eptisa.com\\\/wp-content\\\/uploads\\\/2025\\\/06\\\/7265704d3382618649eba7d99541ab81042c2245-scaled.png\",\"width\":2560,\"height\":1067,\"caption\":\"Eptisa\"},\"image\":{\"@id\":\"https:\\\/\\\/www.eptisa.com\\\/ro\\\/#\\\/schema\\\/logo\\\/image\\\/\"}},{\"@type\":\"Person\",\"@id\":\"https:\\\/\\\/www.eptisa.com\\\/ro\\\/#\\\/schema\\\/person\\\/7cf1f5d49be86d6748acfa485b6872d8\",\"name\":\"Margarita Marticorena\",\"url\":\"https:\\\/\\\/www.eptisa.com\\\/ro\\\/author\\\/marga\\\/\"}]}<\/script>\n<!-- \/ Yoast SEO plugin. -->","yoast_head_json":{"title":"Eptisa a participat la Zilele mobilit\u0103\u021bii urbane","robots":{"index":"index","follow":"follow","max-snippet":"max-snippet:-1","max-image-preview":"max-image-preview:large","max-video-preview":"max-video-preview:-1"},"canonical":"https:\/\/www.eptisa.com\/ro\/eptisa-a-participat-la-zilele-mobilitatii-urbane\/","og_locale":"ro_RO","og_type":"article","og_title":"Eptisa a participat la Zilele mobilit\u0103\u021bii urbane","og_description":"Eptisa a participat la Zilele mobilit\u0103\u021bii urbane, care au avut loc \u00eentre 4 \u0219i 6 octombrie \u00een Sevilla. Este un punct de \u00eent\u00e2lnire de neratat, care reune\u0219te politicieni, autorit\u0103\u021bi locale, profesioni\u0219ti din industrie \u0219i din domeniul transportului urban cu Comisia European\u0103 pentru a se conecta, a \u00eemp\u0103rt\u0103\u0219i \u0219i a discuta despre calea de urmat pentru [&hellip;]","og_url":"https:\/\/www.eptisa.com\/ro\/eptisa-a-participat-la-zilele-mobilitatii-urbane\/","og_site_name":"Eptisa","article_published_time":"2023-10-10T07:54:42+00:00","og_image":[{"width":1024,"height":706,"url":"https:\/\/www.eptisa.com\/wp-content\/uploads\/2025\/09\/Foto-para-redes-1024x706.png","type":"image\/png"}],"author":"Margarita Marticorena","twitter_card":"summary_large_image","twitter_misc":{"Scris de":"Margarita Marticorena"},"schema":{"@context":"https:\/\/schema.org","@graph":[{"@type":"Article","@id":"https:\/\/www.eptisa.com\/ro\/eptisa-a-participat-la-zilele-mobilitatii-urbane\/#article","isPartOf":{"@id":"https:\/\/www.eptisa.com\/ro\/eptisa-a-participat-la-zilele-mobilitatii-urbane\/"},"author":{"name":"Margarita Marticorena","@id":"https:\/\/www.eptisa.com\/ro\/#\/schema\/person\/7cf1f5d49be86d6748acfa485b6872d8"},"headline":"Eptisa a participat la Zilele mobilit\u0103\u021bii urbane","datePublished":"2023-10-10T07:54:42+00:00","mainEntityOfPage":{"@id":"https:\/\/www.eptisa.com\/ro\/eptisa-a-participat-la-zilele-mobilitatii-urbane\/"},"wordCount":79,"publisher":{"@id":"https:\/\/www.eptisa.com\/ro\/#organization"},"image":{"@id":"https:\/\/www.eptisa.com\/ro\/eptisa-a-participat-la-zilele-mobilitatii-urbane\/#primaryimage"},"thumbnailUrl":"https:\/\/www.eptisa.com\/wp-content\/uploads\/2025\/09\/Foto-para-redes.png","keywords":["mobilitate","Urban"],"articleSection":["Eveniment|Inginerie civil\u0103","Transport"],"inLanguage":"ro-RO"},{"@type":"WebPage","@id":"https:\/\/www.eptisa.com\/ro\/eptisa-a-participat-la-zilele-mobilitatii-urbane\/","url":"https:\/\/www.eptisa.com\/ro\/eptisa-a-participat-la-zilele-mobilitatii-urbane\/","name":"Eptisa a participat la Zilele mobilit\u0103\u021bii urbane","isPartOf":{"@id":"https:\/\/www.eptisa.com\/ro\/#website"},"primaryImageOfPage":{"@id":"https:\/\/www.eptisa.com\/ro\/eptisa-a-participat-la-zilele-mobilitatii-urbane\/#primaryimage"},"image":{"@id":"https:\/\/www.eptisa.com\/ro\/eptisa-a-participat-la-zilele-mobilitatii-urbane\/#primaryimage"},"thumbnailUrl":"https:\/\/www.eptisa.com\/wp-content\/uploads\/2025\/09\/Foto-para-redes.png","datePublished":"2023-10-10T07:54:42+00:00","breadcrumb":{"@id":"https:\/\/www.eptisa.com\/ro\/eptisa-a-participat-la-zilele-mobilitatii-urbane\/#breadcrumb"},"inLanguage":"ro-RO","potentialAction":[{"@type":"ReadAction","target":["https:\/\/www.eptisa.com\/ro\/eptisa-a-participat-la-zilele-mobilitatii-urbane\/"]}]},{"@type":"ImageObject","inLanguage":"ro-RO","@id":"https:\/\/www.eptisa.com\/ro\/eptisa-a-participat-la-zilele-mobilitatii-urbane\/#primaryimage","url":"https:\/\/www.eptisa.com\/wp-content\/uploads\/2025\/09\/Foto-para-redes.png","contentUrl":"https:\/\/www.eptisa.com\/wp-content\/uploads\/2025\/09\/Foto-para-redes.png","width":1199,"height":827},{"@type":"BreadcrumbList","@id":"https:\/\/www.eptisa.com\/ro\/eptisa-a-participat-la-zilele-mobilitatii-urbane\/#breadcrumb","itemListElement":[{"@type":"ListItem","position":1,"name":"Home","item":"https:\/\/www.eptisa.com\/ro\/"},{"@type":"ListItem","position":2,"name":"Eptisa a participat la Zilele mobilit\u0103\u021bii urbane"}]},{"@type":"WebSite","@id":"https:\/\/www.eptisa.com\/ro\/#website","url":"https:\/\/www.eptisa.com\/ro\/","name":"Eptisa","description":"Empresa Multinacional de Ingenier\u00eda","publisher":{"@id":"https:\/\/www.eptisa.com\/ro\/#organization"},"potentialAction":[{"@type":"SearchAction","target":{"@type":"EntryPoint","urlTemplate":"https:\/\/www.eptisa.com\/ro\/?s={search_term_string}"},"query-input":{"@type":"PropertyValueSpecification","valueRequired":true,"valueName":"search_term_string"}}],"inLanguage":"ro-RO"},{"@type":"Organization","@id":"https:\/\/www.eptisa.com\/ro\/#organization","name":"Eptisa","url":"https:\/\/www.eptisa.com\/ro\/","logo":{"@type":"ImageObject","inLanguage":"ro-RO","@id":"https:\/\/www.eptisa.com\/ro\/#\/schema\/logo\/image\/","url":"https:\/\/www.eptisa.com\/wp-content\/uploads\/2025\/06\/7265704d3382618649eba7d99541ab81042c2245-scaled.png","contentUrl":"https:\/\/www.eptisa.com\/wp-content\/uploads\/2025\/06\/7265704d3382618649eba7d99541ab81042c2245-scaled.png","width":2560,"height":1067,"caption":"Eptisa"},"image":{"@id":"https:\/\/www.eptisa.com\/ro\/#\/schema\/logo\/image\/"}},{"@type":"Person","@id":"https:\/\/www.eptisa.com\/ro\/#\/schema\/person\/7cf1f5d49be86d6748acfa485b6872d8","name":"Margarita Marticorena","url":"https:\/\/www.eptisa.com\/ro\/author\/marga\/"}]}},"_links":{"self":[{"href":"https:\/\/www.eptisa.com\/ro\/wp-json\/wp\/v2\/posts\/3657","targetHints":{"allow":["GET"]}}],"collection":[{"href":"https:\/\/www.eptisa.com\/ro\/wp-json\/wp\/v2\/posts"}],"about":[{"href":"https:\/\/www.eptisa.com\/ro\/wp-json\/wp\/v2\/types\/post"}],"author":[{"embeddable":true,"href":"https:\/\/www.eptisa.com\/ro\/wp-json\/wp\/v2\/users\/10"}],"replies":[{"embeddable":true,"href":"https:\/\/www.eptisa.com\/ro\/wp-json\/wp\/v2\/comments?post=3657"}],"version-history":[{"count":0,"href":"https:\/\/www.eptisa.com\/ro\/wp-json\/wp\/v2\/posts\/3657\/revisions"}],"wp:featuredmedia":[{"embeddable":true,"href":"https:\/\/www.eptisa.com\/ro\/wp-json\/wp\/v2\/media\/1196"}],"wp:attachment":[{"href":"https:\/\/www.eptisa.com\/ro\/wp-json\/wp\/v2\/media?parent=3657"}],"wp:term":[{"taxonomy":"category","embeddable":true,"href":"https:\/\/www.eptisa.com\/ro\/wp-json\/wp\/v2\/categories?post=3657"},{"taxonomy":"post_tag","embeddable":true,"href":"https:\/\/www.eptisa.com\/ro\/wp-json\/wp\/v2\/tags?post=3657"}],"curies":[{"name":"wp","href":"https:\/\/api.w.org\/{rel}","templated":true}]}}