{"id":3658,"date":"2024-02-07T12:06:28","date_gmt":"2024-02-07T11:06:28","guid":{"rendered":"https:\/\/eptisa.com\/reuniunea-anuala-a-grupului-jsti-2023\/"},"modified":"2024-02-07T12:06:28","modified_gmt":"2024-02-07T11:06:28","slug":"reuniunea-anuala-a-grupului-jsti-2023","status":"publish","type":"post","link":"https:\/\/www.eptisa.com\/ro\/reuniunea-anuala-a-grupului-jsti-2023\/","title":{"rendered":"Reuniunea anual\u0103 a Grupului JSTI 2023"},"content":{"rendered":"<p><img fetchpriority=\"high\" decoding=\"async\" class=\"size-medium wp-image-13759 alignright\" src=\"https:\/\/eptisa.com\/wp-content\/uploads\/2025\/09\/mmexport4a7e7e729bb665b0540d3837a7eff972_1706843684608-300x225.jpg\" alt=\"\" width=\"300\" height=\"225\"> <strong>Reuniunea anual\u0103 2023 a Grupului JSTI<\/strong> din care face parte Eptisa, intitulat\u0103 <strong>&#8222;G\u00e2ndirea schimb\u0103rii &#8211; Ac\u021bion\u00e2nd spre nou&#8221;<\/strong>, a avut loc la Nanjing la 2 februarie.<\/p>\n<p>Echipa de conducere a grupului a raportat cu privire la punerea \u00een aplicare a strategiilor \u0219i la \u00eendeplinirea obiectivelor \u00een 2023 \u0219i cu privire la sarcinile-cheie \u0219i ini\u021biativele strategice \u00een 2024. <strong>Mauricio G\u00f3mez Villarino<\/strong> a preluat un rol principal \u00een calitate de CEO al <strong>Eptisa<\/strong>.<\/p>\n<p><img decoding=\"async\" class=\"size-medium wp-image-13756 alignleft\" src=\"https:\/\/eptisa.com\/wp-content\/uploads\/2025\/09\/20328618-300x200.jpg\" alt=\"\" width=\"300\" height=\"200\">Reuniunea s-a axat pe modul \u00een care organiza\u021bia poate ob\u021bine puterea \u0219i impulsul de a naviga pe noi direc\u021bii; s\u0103 se concentreze asupra clien\u021bilor \u0219i s\u0103 le ofere servicii de \u00eencredere; s\u0103 insiste asupra ob\u021binerii calit\u0103\u021bii \u0219i eficien\u021bei \u00een diferite domenii de activitate \u0219i de gestionare; s\u0103 fac\u0103 progrese \u00een materie de rezilien\u021b\u0103 \u0219i s\u0103 \u00eemp\u0103rt\u0103\u0219easc\u0103 o viziune pentru viitor, pentru a deveni o companie tehnologic\u0103 de top la nivel mondial \u00een domeniul infrastructurii.<\/p>\n<p>\u00cen cuvintele pre\u0219edintelui JSTI:<\/p>\n<p><em>&#8222;\u00cen acest scop, Grupul JSTI \u00ee\u0219i va moderniza activit\u0103\u021bile tradi\u021bionale.<\/em><img decoding=\"async\" class=\"size-medium wp-image-13760 alignright\" src=\"https:\/\/eptisa.com\/wp-content\/uploads\/2025\/09\/mmexport1706843515167-300x200.jpg\" alt=\"\" width=\"300\" height=\"200\"><em>ional\u0103, \u00ee\u0219i va extinde afacerile emergente, \u00ee\u0219i va cultiva afacerile viitoare, va \u00eembun\u0103t\u0103\u021bi rezisten\u021ba \u0219i competitivitatea procesului s\u0103u de afaceri \u0219i va continua s\u0103 creeze valoare pentru clien\u021bii s\u0103i; va adera la punerea \u00een aplicare a noii strategii, \u00ee\u0219i va dep\u0103\u0219i limita superioar\u0103 a capacit\u0103\u021bilor \u0219i va construi cea mai influent\u0103 platform\u0103 tehnologic\u0103 think-tank din industrie. De asemenea, va construi o structur\u0103 organiza\u021bional\u0103, un mecanism \u0219i un mediu care s\u0103 atrag\u0103 \u0219i s\u0103 angajeze talente, s\u0103 aprind\u0103 &#8222;motorul puternic&#8221; al inov\u0103rii \u0219i s\u0103 accelereze dezvoltarea noii productivit\u0103\u021bi. Pe scurt, ne vom men\u021bine \u00eentotdeauna puterea strategic\u0103, ne vom consolida rezisten\u021ba organiza\u021bional\u0103 \u0219i vom merge spre un viitor f\u0103r\u0103 limite.&#8221;  <\/em><\/p>\n","protected":false},"excerpt":{"rendered":"<p>Reuniunea anual\u0103 2023 a Grupului JSTI din care face parte Eptisa, intitulat\u0103 &#8222;G\u00e2ndirea schimb\u0103rii &#8211; Ac\u021bion\u00e2nd spre nou&#8221;, a avut loc la Nanjing la 2 februarie. Echipa de conducere a grupului a raportat cu privire la punerea \u00een aplicare a strategiilor \u0219i la \u00eendeplinirea obiectivelor \u00een 2023 \u0219i cu privire la sarcinile-cheie \u0219i ini\u021biativele strategice [&hellip;]<\/p>\n","protected":false},"author":10,"featured_media":0,"comment_status":"closed","ping_status":"open","sticky":false,"template":"","format":"standard","meta":{"_acf_changed":false,"footnotes":""},"categories":[989],"tags":[952,1093,1126,1127],"class_list":["post-3658","post","type-post","status-publish","format-standard","hentry","category-eveniment","tag-talent","tag-echipa","tag-strategie","tag-conducere"],"acf":[],"yoast_head":"<!-- This site is optimized with the Yoast SEO plugin v27.4 - https:\/\/yoast.com\/product\/yoast-seo-wordpress\/ -->\n<title>Reuniunea anual\u0103 a Grupului JSTI 2023<\/title>\n<meta name=\"robots\" content=\"index, follow, max-snippet:-1, max-image-preview:large, max-video-preview:-1\" \/>\n<link rel=\"canonical\" href=\"https:\/\/www.eptisa.com\/ro\/reuniunea-anuala-a-grupului-jsti-2023\/\" \/>\n<meta property=\"og:locale\" content=\"ro_RO\" \/>\n<meta property=\"og:type\" content=\"article\" \/>\n<meta property=\"og:title\" content=\"Reuniunea anual\u0103 a Grupului JSTI 2023\" \/>\n<meta property=\"og:description\" content=\"Reuniunea anual\u0103 2023 a Grupului JSTI din care face parte Eptisa, intitulat\u0103 &#8222;G\u00e2ndirea schimb\u0103rii &#8211; Ac\u021bion\u00e2nd spre nou&#8221;, a avut loc la Nanjing la 2 februarie. Echipa de conducere a grupului a raportat cu privire la punerea \u00een aplicare a strategiilor \u0219i la \u00eendeplinirea obiectivelor \u00een 2023 \u0219i cu privire la sarcinile-cheie \u0219i ini\u021biativele strategice [&hellip;]\" \/>\n<meta property=\"og:url\" content=\"https:\/\/www.eptisa.com\/ro\/reuniunea-anuala-a-grupului-jsti-2023\/\" \/>\n<meta property=\"og:site_name\" content=\"Eptisa\" \/>\n<meta property=\"article:published_time\" content=\"2024-02-07T11:06:28+00:00\" \/>\n<meta property=\"og:image\" content=\"https:\/\/eptisa.com\/wp-content\/uploads\/2025\/09\/mmexport4a7e7e729bb665b0540d3837a7eff972_1706843684608-300x225.jpg\" \/>\n<meta name=\"author\" content=\"Margarita Marticorena\" \/>\n<meta name=\"twitter:card\" content=\"summary_large_image\" \/>\n<meta name=\"twitter:label1\" content=\"Scris de\" \/>\n\t<meta name=\"twitter:data1\" content=\"Margarita Marticorena\" \/>\n\t<meta name=\"twitter:label2\" content=\"Timp estimat pentru citire\" \/>\n\t<meta name=\"twitter:data2\" content=\"1 minut\" \/>\n<script type=\"application\/ld+json\" class=\"yoast-schema-graph\">{\"@context\":\"https:\\\/\\\/schema.org\",\"@graph\":[{\"@type\":\"Article\",\"@id\":\"https:\\\/\\\/www.eptisa.com\\\/ro\\\/reuniunea-anuala-a-grupului-jsti-2023\\\/#article\",\"isPartOf\":{\"@id\":\"https:\\\/\\\/www.eptisa.com\\\/ro\\\/reuniunea-anuala-a-grupului-jsti-2023\\\/\"},\"author\":{\"name\":\"Margarita Marticorena\",\"@id\":\"https:\\\/\\\/www.eptisa.com\\\/ro\\\/#\\\/schema\\\/person\\\/7cf1f5d49be86d6748acfa485b6872d8\"},\"headline\":\"Reuniunea anual\u0103 a Grupului JSTI 2023\",\"datePublished\":\"2024-02-07T11:06:28+00:00\",\"mainEntityOfPage\":{\"@id\":\"https:\\\/\\\/www.eptisa.com\\\/ro\\\/reuniunea-anuala-a-grupului-jsti-2023\\\/\"},\"wordCount\":301,\"publisher\":{\"@id\":\"https:\\\/\\\/www.eptisa.com\\\/ro\\\/#organization\"},\"image\":{\"@id\":\"https:\\\/\\\/www.eptisa.com\\\/ro\\\/reuniunea-anuala-a-grupului-jsti-2023\\\/#primaryimage\"},\"thumbnailUrl\":\"https:\\\/\\\/eptisa.com\\\/wp-content\\\/uploads\\\/2025\\\/09\\\/mmexport4a7e7e729bb665b0540d3837a7eff972_1706843684608-300x225.jpg\",\"keywords\":[\"Talent\",\"echip\u0103\",\"strategie\",\"conducere\"],\"articleSection\":[\"Eveniment\"],\"inLanguage\":\"ro-RO\"},{\"@type\":\"WebPage\",\"@id\":\"https:\\\/\\\/www.eptisa.com\\\/ro\\\/reuniunea-anuala-a-grupului-jsti-2023\\\/\",\"url\":\"https:\\\/\\\/www.eptisa.com\\\/ro\\\/reuniunea-anuala-a-grupului-jsti-2023\\\/\",\"name\":\"Reuniunea anual\u0103 a Grupului JSTI 2023\",\"isPartOf\":{\"@id\":\"https:\\\/\\\/www.eptisa.com\\\/ro\\\/#website\"},\"primaryImageOfPage\":{\"@id\":\"https:\\\/\\\/www.eptisa.com\\\/ro\\\/reuniunea-anuala-a-grupului-jsti-2023\\\/#primaryimage\"},\"image\":{\"@id\":\"https:\\\/\\\/www.eptisa.com\\\/ro\\\/reuniunea-anuala-a-grupului-jsti-2023\\\/#primaryimage\"},\"thumbnailUrl\":\"https:\\\/\\\/eptisa.com\\\/wp-content\\\/uploads\\\/2025\\\/09\\\/mmexport4a7e7e729bb665b0540d3837a7eff972_1706843684608-300x225.jpg\",\"datePublished\":\"2024-02-07T11:06:28+00:00\",\"breadcrumb\":{\"@id\":\"https:\\\/\\\/www.eptisa.com\\\/ro\\\/reuniunea-anuala-a-grupului-jsti-2023\\\/#breadcrumb\"},\"inLanguage\":\"ro-RO\",\"potentialAction\":[{\"@type\":\"ReadAction\",\"target\":[\"https:\\\/\\\/www.eptisa.com\\\/ro\\\/reuniunea-anuala-a-grupului-jsti-2023\\\/\"]}]},{\"@type\":\"ImageObject\",\"inLanguage\":\"ro-RO\",\"@id\":\"https:\\\/\\\/www.eptisa.com\\\/ro\\\/reuniunea-anuala-a-grupului-jsti-2023\\\/#primaryimage\",\"url\":\"https:\\\/\\\/eptisa.com\\\/wp-content\\\/uploads\\\/2025\\\/09\\\/mmexport4a7e7e729bb665b0540d3837a7eff972_1706843684608-300x225.jpg\",\"contentUrl\":\"https:\\\/\\\/eptisa.com\\\/wp-content\\\/uploads\\\/2025\\\/09\\\/mmexport4a7e7e729bb665b0540d3837a7eff972_1706843684608-300x225.jpg\"},{\"@type\":\"BreadcrumbList\",\"@id\":\"https:\\\/\\\/www.eptisa.com\\\/ro\\\/reuniunea-anuala-a-grupului-jsti-2023\\\/#breadcrumb\",\"itemListElement\":[{\"@type\":\"ListItem\",\"position\":1,\"name\":\"Home\",\"item\":\"https:\\\/\\\/www.eptisa.com\\\/ro\\\/\"},{\"@type\":\"ListItem\",\"position\":2,\"name\":\"Reuniunea anual\u0103 a Grupului JSTI 2023\"}]},{\"@type\":\"WebSite\",\"@id\":\"https:\\\/\\\/www.eptisa.com\\\/ro\\\/#website\",\"url\":\"https:\\\/\\\/www.eptisa.com\\\/ro\\\/\",\"name\":\"Eptisa\",\"description\":\"Empresa Multinacional de Ingenier\u00eda\",\"publisher\":{\"@id\":\"https:\\\/\\\/www.eptisa.com\\\/ro\\\/#organization\"},\"potentialAction\":[{\"@type\":\"SearchAction\",\"target\":{\"@type\":\"EntryPoint\",\"urlTemplate\":\"https:\\\/\\\/www.eptisa.com\\\/ro\\\/?s={search_term_string}\"},\"query-input\":{\"@type\":\"PropertyValueSpecification\",\"valueRequired\":true,\"valueName\":\"search_term_string\"}}],\"inLanguage\":\"ro-RO\"},{\"@type\":\"Organization\",\"@id\":\"https:\\\/\\\/www.eptisa.com\\\/ro\\\/#organization\",\"name\":\"Eptisa\",\"url\":\"https:\\\/\\\/www.eptisa.com\\\/ro\\\/\",\"logo\":{\"@type\":\"ImageObject\",\"inLanguage\":\"ro-RO\",\"@id\":\"https:\\\/\\\/www.eptisa.com\\\/ro\\\/#\\\/schema\\\/logo\\\/image\\\/\",\"url\":\"https:\\\/\\\/www.eptisa.com\\\/wp-content\\\/uploads\\\/2025\\\/06\\\/7265704d3382618649eba7d99541ab81042c2245-scaled.png\",\"contentUrl\":\"https:\\\/\\\/www.eptisa.com\\\/wp-content\\\/uploads\\\/2025\\\/06\\\/7265704d3382618649eba7d99541ab81042c2245-scaled.png\",\"width\":2560,\"height\":1067,\"caption\":\"Eptisa\"},\"image\":{\"@id\":\"https:\\\/\\\/www.eptisa.com\\\/ro\\\/#\\\/schema\\\/logo\\\/image\\\/\"}},{\"@type\":\"Person\",\"@id\":\"https:\\\/\\\/www.eptisa.com\\\/ro\\\/#\\\/schema\\\/person\\\/7cf1f5d49be86d6748acfa485b6872d8\",\"name\":\"Margarita Marticorena\",\"url\":\"https:\\\/\\\/www.eptisa.com\\\/ro\\\/author\\\/marga\\\/\"}]}<\/script>\n<!-- \/ Yoast SEO plugin. -->","yoast_head_json":{"title":"Reuniunea anual\u0103 a Grupului JSTI 2023","robots":{"index":"index","follow":"follow","max-snippet":"max-snippet:-1","max-image-preview":"max-image-preview:large","max-video-preview":"max-video-preview:-1"},"canonical":"https:\/\/www.eptisa.com\/ro\/reuniunea-anuala-a-grupului-jsti-2023\/","og_locale":"ro_RO","og_type":"article","og_title":"Reuniunea anual\u0103 a Grupului JSTI 2023","og_description":"Reuniunea anual\u0103 2023 a Grupului JSTI din care face parte Eptisa, intitulat\u0103 &#8222;G\u00e2ndirea schimb\u0103rii &#8211; Ac\u021bion\u00e2nd spre nou&#8221;, a avut loc la Nanjing la 2 februarie. Echipa de conducere a grupului a raportat cu privire la punerea \u00een aplicare a strategiilor \u0219i la \u00eendeplinirea obiectivelor \u00een 2023 \u0219i cu privire la sarcinile-cheie \u0219i ini\u021biativele strategice [&hellip;]","og_url":"https:\/\/www.eptisa.com\/ro\/reuniunea-anuala-a-grupului-jsti-2023\/","og_site_name":"Eptisa","article_published_time":"2024-02-07T11:06:28+00:00","og_image":[{"url":"https:\/\/eptisa.com\/wp-content\/uploads\/2025\/09\/mmexport4a7e7e729bb665b0540d3837a7eff972_1706843684608-300x225.jpg","type":"","width":"","height":""}],"author":"Margarita Marticorena","twitter_card":"summary_large_image","twitter_misc":{"Scris de":"Margarita Marticorena","Timp estimat pentru citire":"1 minut"},"schema":{"@context":"https:\/\/schema.org","@graph":[{"@type":"Article","@id":"https:\/\/www.eptisa.com\/ro\/reuniunea-anuala-a-grupului-jsti-2023\/#article","isPartOf":{"@id":"https:\/\/www.eptisa.com\/ro\/reuniunea-anuala-a-grupului-jsti-2023\/"},"author":{"name":"Margarita Marticorena","@id":"https:\/\/www.eptisa.com\/ro\/#\/schema\/person\/7cf1f5d49be86d6748acfa485b6872d8"},"headline":"Reuniunea anual\u0103 a Grupului JSTI 2023","datePublished":"2024-02-07T11:06:28+00:00","mainEntityOfPage":{"@id":"https:\/\/www.eptisa.com\/ro\/reuniunea-anuala-a-grupului-jsti-2023\/"},"wordCount":301,"publisher":{"@id":"https:\/\/www.eptisa.com\/ro\/#organization"},"image":{"@id":"https:\/\/www.eptisa.com\/ro\/reuniunea-anuala-a-grupului-jsti-2023\/#primaryimage"},"thumbnailUrl":"https:\/\/eptisa.com\/wp-content\/uploads\/2025\/09\/mmexport4a7e7e729bb665b0540d3837a7eff972_1706843684608-300x225.jpg","keywords":["Talent","echip\u0103","strategie","conducere"],"articleSection":["Eveniment"],"inLanguage":"ro-RO"},{"@type":"WebPage","@id":"https:\/\/www.eptisa.com\/ro\/reuniunea-anuala-a-grupului-jsti-2023\/","url":"https:\/\/www.eptisa.com\/ro\/reuniunea-anuala-a-grupului-jsti-2023\/","name":"Reuniunea anual\u0103 a Grupului JSTI 2023","isPartOf":{"@id":"https:\/\/www.eptisa.com\/ro\/#website"},"primaryImageOfPage":{"@id":"https:\/\/www.eptisa.com\/ro\/reuniunea-anuala-a-grupului-jsti-2023\/#primaryimage"},"image":{"@id":"https:\/\/www.eptisa.com\/ro\/reuniunea-anuala-a-grupului-jsti-2023\/#primaryimage"},"thumbnailUrl":"https:\/\/eptisa.com\/wp-content\/uploads\/2025\/09\/mmexport4a7e7e729bb665b0540d3837a7eff972_1706843684608-300x225.jpg","datePublished":"2024-02-07T11:06:28+00:00","breadcrumb":{"@id":"https:\/\/www.eptisa.com\/ro\/reuniunea-anuala-a-grupului-jsti-2023\/#breadcrumb"},"inLanguage":"ro-RO","potentialAction":[{"@type":"ReadAction","target":["https:\/\/www.eptisa.com\/ro\/reuniunea-anuala-a-grupului-jsti-2023\/"]}]},{"@type":"ImageObject","inLanguage":"ro-RO","@id":"https:\/\/www.eptisa.com\/ro\/reuniunea-anuala-a-grupului-jsti-2023\/#primaryimage","url":"https:\/\/eptisa.com\/wp-content\/uploads\/2025\/09\/mmexport4a7e7e729bb665b0540d3837a7eff972_1706843684608-300x225.jpg","contentUrl":"https:\/\/eptisa.com\/wp-content\/uploads\/2025\/09\/mmexport4a7e7e729bb665b0540d3837a7eff972_1706843684608-300x225.jpg"},{"@type":"BreadcrumbList","@id":"https:\/\/www.eptisa.com\/ro\/reuniunea-anuala-a-grupului-jsti-2023\/#breadcrumb","itemListElement":[{"@type":"ListItem","position":1,"name":"Home","item":"https:\/\/www.eptisa.com\/ro\/"},{"@type":"ListItem","position":2,"name":"Reuniunea anual\u0103 a Grupului JSTI 2023"}]},{"@type":"WebSite","@id":"https:\/\/www.eptisa.com\/ro\/#website","url":"https:\/\/www.eptisa.com\/ro\/","name":"Eptisa","description":"Empresa Multinacional de Ingenier\u00eda","publisher":{"@id":"https:\/\/www.eptisa.com\/ro\/#organization"},"potentialAction":[{"@type":"SearchAction","target":{"@type":"EntryPoint","urlTemplate":"https:\/\/www.eptisa.com\/ro\/?s={search_term_string}"},"query-input":{"@type":"PropertyValueSpecification","valueRequired":true,"valueName":"search_term_string"}}],"inLanguage":"ro-RO"},{"@type":"Organization","@id":"https:\/\/www.eptisa.com\/ro\/#organization","name":"Eptisa","url":"https:\/\/www.eptisa.com\/ro\/","logo":{"@type":"ImageObject","inLanguage":"ro-RO","@id":"https:\/\/www.eptisa.com\/ro\/#\/schema\/logo\/image\/","url":"https:\/\/www.eptisa.com\/wp-content\/uploads\/2025\/06\/7265704d3382618649eba7d99541ab81042c2245-scaled.png","contentUrl":"https:\/\/www.eptisa.com\/wp-content\/uploads\/2025\/06\/7265704d3382618649eba7d99541ab81042c2245-scaled.png","width":2560,"height":1067,"caption":"Eptisa"},"image":{"@id":"https:\/\/www.eptisa.com\/ro\/#\/schema\/logo\/image\/"}},{"@type":"Person","@id":"https:\/\/www.eptisa.com\/ro\/#\/schema\/person\/7cf1f5d49be86d6748acfa485b6872d8","name":"Margarita Marticorena","url":"https:\/\/www.eptisa.com\/ro\/author\/marga\/"}]}},"_links":{"self":[{"href":"https:\/\/www.eptisa.com\/ro\/wp-json\/wp\/v2\/posts\/3658","targetHints":{"allow":["GET"]}}],"collection":[{"href":"https:\/\/www.eptisa.com\/ro\/wp-json\/wp\/v2\/posts"}],"about":[{"href":"https:\/\/www.eptisa.com\/ro\/wp-json\/wp\/v2\/types\/post"}],"author":[{"embeddable":true,"href":"https:\/\/www.eptisa.com\/ro\/wp-json\/wp\/v2\/users\/10"}],"replies":[{"embeddable":true,"href":"https:\/\/www.eptisa.com\/ro\/wp-json\/wp\/v2\/comments?post=3658"}],"version-history":[{"count":0,"href":"https:\/\/www.eptisa.com\/ro\/wp-json\/wp\/v2\/posts\/3658\/revisions"}],"wp:attachment":[{"href":"https:\/\/www.eptisa.com\/ro\/wp-json\/wp\/v2\/media?parent=3658"}],"wp:term":[{"taxonomy":"category","embeddable":true,"href":"https:\/\/www.eptisa.com\/ro\/wp-json\/wp\/v2\/categories?post=3658"},{"taxonomy":"post_tag","embeddable":true,"href":"https:\/\/www.eptisa.com\/ro\/wp-json\/wp\/v2\/tags?post=3658"}],"curies":[{"name":"wp","href":"https:\/\/api.w.org\/{rel}","templated":true}]}}