{"id":3660,"date":"2024-02-20T12:45:34","date_gmt":"2024-02-20T11:45:34","guid":{"rendered":"https:\/\/eptisa.com\/eptisa-participa-la-cel-de-al-ix-lea-congres-national-de-inginerie-civila\/"},"modified":"2024-02-20T12:45:34","modified_gmt":"2024-02-20T11:45:34","slug":"eptisa-participa-la-cel-de-al-ix-lea-congres-national-de-inginerie-civila","status":"publish","type":"post","link":"https:\/\/www.eptisa.com\/ro\/eptisa-participa-la-cel-de-al-ix-lea-congres-national-de-inginerie-civila\/","title":{"rendered":"Eptisa particip\u0103 la cel de-al IX-lea Congres Na\u021bional de Inginerie Civil\u0103"},"content":{"rendered":"<p>Sub titlul <img fetchpriority=\"high\" decoding=\"async\" class=\"size-medium wp-image-13829 alignleft\" src=\"https:\/\/eptisa.com\/wp-content\/uploads\/2025\/09\/12-300x216.jpg\" alt=\"\" width=\"300\" height=\"216\"><strong>&#8222;Viziunea liderilor din sectorul ingineriei civile<\/strong>&#8222;, directorul nostru executiv, <strong>Mauricio G\u00f3mez<\/strong>, a avut privilegiul de a participa la una dintre mesele rotunde ale celui de-al <strong>IX-lea Congres Na\u021bional de Inginerie Civil\u0103<\/strong>. La aceast\u0103 mas\u0103, una dintre cele mai relevante ale evenimentului, au fost prezente marile companii spaniole de inginerie, Typsa, Ayesa, IDOM, Sener \u0219i EPTISA, toate comandate de directori care conduc sectorul spaniol de inginerie. <\/p>\n<p>\u00cen timpul conferin\u021bei, au fost discutate subiecte precum conducerea companiilor spaniole, adaptarea la o lume \u00een schimbare din punct de vedere ecologic, inteligen\u021ba artificial\u0103 aplicat\u0103 ingineriei civile \u0219i egalitatea, talentul \u0219i remunerarea \u00een sector.<\/p>\n<p>Mauricio G\u00f3mez, \u00een timpul discursului s\u0103u, a trecut \u00een revist\u0103 cheile ultimilor 25 de ani de inginerie spaniol\u0103 \u0219i apoi s-a concentrat asupra provoc\u0103rilor pentru viitor, ridic\u00e2nd patru probleme interne (noile tendin\u021be de atragere a talentelor, nevoia de echipe multina\u021bionale care s\u0103 lucreze \u00eentr-un mod multidisciplinar, dar \u0219i interdisciplinar, transformarea digital\u0103 ca mijloc \u0219i nu ca scop \u0219i nevoia de formare \u00een management pentru ingineri) \u0219i patru probleme externe (integrarea real\u0103 a dezvolt\u0103rii durabile \u00een proiectarea \u0219i gestionarea afacerilor, noile discipline-cheie pentru formarea complementar\u0103 a inginerilor \u0219i nevoia de formare \u00een management pentru ingineri), \u0219i nevoia de formare \u00een management pentru ingineri) \u0219i patru aspecte externe (integrarea real\u0103 a dezvolt\u0103rii durabile \u00een proiectarea \u0219i gestionarea \u00eentreprinderilor, noile discipline-cheie pentru formarea complementar\u0103 a inginerilor \u0219i nevoia ca serviciile de inginerie s\u0103 intre mai puternic \u00een fazele de planificare \u0219i gestionare a proiectului) \u0219i patru aspecte externe (nevoia de a integra dezvoltarea durabil\u0103 \u00een proiectarea \u0219i gestionarea \u00eentreprinderii, noile discipline-cheie pentru formarea complementar\u0103 a inginerilor \u0219i nevoia ca serviciile de inginerie s\u0103 intre mai puternic \u00een fazele de planificare \u0219i gestionare a proiectului).<img decoding=\"async\" class=\"size-medium wp-image-13831 alignright\" src=\"https:\/\/eptisa.com\/wp-content\/uploads\/2025\/09\/14-300x203.jpg\" alt=\"\" width=\"300\" height=\"203\">El a subliniat, de asemenea, c\u0103 teritoriul este un element cheie de structurare \u00een dezvoltarea oric\u0103rei \u021b\u0103ri sau regiuni. Mauricio a concluzionat afirm\u00e2nd c\u0103 ingineria poate \u0219i trebuie s\u0103 continue s\u0103 contribuie la ocuparea de c\u0103tre Spania a pozi\u021biei care \u00eei corespunde at\u00e2t din punct de vedere al dimensiunii economiei noastre, c\u00e2t \u0219i al pozi\u021biei noastre socio-geografice. <img decoding=\"async\" class=\"size-medium wp-image-13830 alignleft\" src=\"https:\/\/eptisa.com\/wp-content\/uploads\/2025\/09\/13-300x205.jpg\" alt=\"\" width=\"300\" height=\"205\"><\/p>\n<p>Cea <strong>de-a 9-a edi\u021bie a Congresului Na\u021bional de Inginerie Civil\u0103<\/strong> are sloganul: <strong>&#8222;Inginerie pentru a reg\u00e2ndi lumea&#8221;.<\/strong> O fraz\u0103 care identific\u0103 perfect firul comun al evenimentului, pozi\u021bia de lider a sectorului de inginerie civil\u0103 \u00een fa\u021ba provoc\u0103rilor cu care ne confrunt\u0103m ca societate. <\/p>\n<p>Eptisa a fost, de asemenea, bine reprezentat\u0103, nu numai de Mauricio G\u00f3mez, ci \u0219i de Laura Gorrachategui, Juan Ortas \u0219i F\u00e9lix Guijarro.<\/p>\n<p>Informa\u021bii suplimentare: <a href=\"https:\/\/www.colegiocaminos.es\/actualidad\/colegio-congrega-a-mas-400-congresistas-para-repensar-futuro-ingenieria\">https:\/\/www.colegiocaminos.es\/actualidad\/colegio-congrega-a-mas-400-congresistas-para-repensar-futuro-ingenieria<\/a><\/p>\n","protected":false},"excerpt":{"rendered":"<p>Sub titlul &#8222;Viziunea liderilor din sectorul ingineriei civile&#8222;, directorul nostru executiv, Mauricio G\u00f3mez, a avut privilegiul de a participa la una dintre mesele rotunde ale celui de-al IX-lea Congres Na\u021bional de Inginerie Civil\u0103. La aceast\u0103 mas\u0103, una dintre cele mai relevante ale evenimentului, au fost prezente marile companii spaniole de inginerie, Typsa, Ayesa, IDOM, Sener [&hellip;]<\/p>\n","protected":false},"author":10,"featured_media":0,"comment_status":"closed","ping_status":"open","sticky":false,"template":"","format":"standard","meta":{"_acf_changed":false,"footnotes":""},"categories":[944],"tags":[945,1051,1128,1129],"class_list":["post-3660","post","type-post","status-publish","format-standard","hentry","category-evenimentinginerie-civila","tag-eveniment","tag-inginerie","tag-colegiu-de-drumuri","tag-congres"],"acf":[],"yoast_head":"<!-- This site is optimized with the Yoast SEO plugin v27.4 - https:\/\/yoast.com\/product\/yoast-seo-wordpress\/ -->\n<title>Eptisa particip\u0103 la cel de-al IX-lea Congres Na\u021bional de Inginerie Civil\u0103<\/title>\n<meta name=\"robots\" content=\"index, follow, max-snippet:-1, max-image-preview:large, max-video-preview:-1\" \/>\n<link rel=\"canonical\" href=\"https:\/\/www.eptisa.com\/ro\/eptisa-participa-la-cel-de-al-ix-lea-congres-national-de-inginerie-civila\/\" \/>\n<meta property=\"og:locale\" content=\"ro_RO\" \/>\n<meta property=\"og:type\" content=\"article\" \/>\n<meta property=\"og:title\" content=\"Eptisa particip\u0103 la cel de-al IX-lea Congres Na\u021bional de Inginerie Civil\u0103\" \/>\n<meta property=\"og:description\" content=\"Sub titlul &#8222;Viziunea liderilor din sectorul ingineriei civile&#8222;, directorul nostru executiv, Mauricio G\u00f3mez, a avut privilegiul de a participa la una dintre mesele rotunde ale celui de-al IX-lea Congres Na\u021bional de Inginerie Civil\u0103. La aceast\u0103 mas\u0103, una dintre cele mai relevante ale evenimentului, au fost prezente marile companii spaniole de inginerie, Typsa, Ayesa, IDOM, Sener [&hellip;]\" \/>\n<meta property=\"og:url\" content=\"https:\/\/www.eptisa.com\/ro\/eptisa-participa-la-cel-de-al-ix-lea-congres-national-de-inginerie-civila\/\" \/>\n<meta property=\"og:site_name\" content=\"Eptisa\" \/>\n<meta property=\"article:published_time\" content=\"2024-02-20T11:45:34+00:00\" \/>\n<meta property=\"og:image\" content=\"https:\/\/eptisa.com\/wp-content\/uploads\/2025\/09\/12-300x216.jpg\" \/>\n<meta name=\"author\" content=\"Margarita Marticorena\" \/>\n<meta name=\"twitter:card\" content=\"summary_large_image\" \/>\n<meta name=\"twitter:label1\" content=\"Scris de\" \/>\n\t<meta name=\"twitter:data1\" content=\"Margarita Marticorena\" \/>\n\t<meta name=\"twitter:label2\" content=\"Timp estimat pentru citire\" \/>\n\t<meta name=\"twitter:data2\" content=\"2 minute\" \/>\n<script type=\"application\/ld+json\" class=\"yoast-schema-graph\">{\"@context\":\"https:\\\/\\\/schema.org\",\"@graph\":[{\"@type\":\"Article\",\"@id\":\"https:\\\/\\\/www.eptisa.com\\\/ro\\\/eptisa-participa-la-cel-de-al-ix-lea-congres-national-de-inginerie-civila\\\/#article\",\"isPartOf\":{\"@id\":\"https:\\\/\\\/www.eptisa.com\\\/ro\\\/eptisa-participa-la-cel-de-al-ix-lea-congres-national-de-inginerie-civila\\\/\"},\"author\":{\"name\":\"Margarita Marticorena\",\"@id\":\"https:\\\/\\\/www.eptisa.com\\\/ro\\\/#\\\/schema\\\/person\\\/7cf1f5d49be86d6748acfa485b6872d8\"},\"headline\":\"Eptisa particip\u0103 la cel de-al IX-lea Congres Na\u021bional de Inginerie Civil\u0103\",\"datePublished\":\"2024-02-20T11:45:34+00:00\",\"mainEntityOfPage\":{\"@id\":\"https:\\\/\\\/www.eptisa.com\\\/ro\\\/eptisa-participa-la-cel-de-al-ix-lea-congres-national-de-inginerie-civila\\\/\"},\"wordCount\":453,\"publisher\":{\"@id\":\"https:\\\/\\\/www.eptisa.com\\\/ro\\\/#organization\"},\"image\":{\"@id\":\"https:\\\/\\\/www.eptisa.com\\\/ro\\\/eptisa-participa-la-cel-de-al-ix-lea-congres-national-de-inginerie-civila\\\/#primaryimage\"},\"thumbnailUrl\":\"https:\\\/\\\/eptisa.com\\\/wp-content\\\/uploads\\\/2025\\\/09\\\/12-300x216.jpg\",\"keywords\":[\"Eveniment\",\"Inginerie\",\"colegiu de drumuri\",\"congres\"],\"articleSection\":[\"Eveniment|Inginerie civil\u0103\"],\"inLanguage\":\"ro-RO\"},{\"@type\":\"WebPage\",\"@id\":\"https:\\\/\\\/www.eptisa.com\\\/ro\\\/eptisa-participa-la-cel-de-al-ix-lea-congres-national-de-inginerie-civila\\\/\",\"url\":\"https:\\\/\\\/www.eptisa.com\\\/ro\\\/eptisa-participa-la-cel-de-al-ix-lea-congres-national-de-inginerie-civila\\\/\",\"name\":\"Eptisa particip\u0103 la cel de-al IX-lea Congres Na\u021bional de Inginerie Civil\u0103\",\"isPartOf\":{\"@id\":\"https:\\\/\\\/www.eptisa.com\\\/ro\\\/#website\"},\"primaryImageOfPage\":{\"@id\":\"https:\\\/\\\/www.eptisa.com\\\/ro\\\/eptisa-participa-la-cel-de-al-ix-lea-congres-national-de-inginerie-civila\\\/#primaryimage\"},\"image\":{\"@id\":\"https:\\\/\\\/www.eptisa.com\\\/ro\\\/eptisa-participa-la-cel-de-al-ix-lea-congres-national-de-inginerie-civila\\\/#primaryimage\"},\"thumbnailUrl\":\"https:\\\/\\\/eptisa.com\\\/wp-content\\\/uploads\\\/2025\\\/09\\\/12-300x216.jpg\",\"datePublished\":\"2024-02-20T11:45:34+00:00\",\"breadcrumb\":{\"@id\":\"https:\\\/\\\/www.eptisa.com\\\/ro\\\/eptisa-participa-la-cel-de-al-ix-lea-congres-national-de-inginerie-civila\\\/#breadcrumb\"},\"inLanguage\":\"ro-RO\",\"potentialAction\":[{\"@type\":\"ReadAction\",\"target\":[\"https:\\\/\\\/www.eptisa.com\\\/ro\\\/eptisa-participa-la-cel-de-al-ix-lea-congres-national-de-inginerie-civila\\\/\"]}]},{\"@type\":\"ImageObject\",\"inLanguage\":\"ro-RO\",\"@id\":\"https:\\\/\\\/www.eptisa.com\\\/ro\\\/eptisa-participa-la-cel-de-al-ix-lea-congres-national-de-inginerie-civila\\\/#primaryimage\",\"url\":\"https:\\\/\\\/eptisa.com\\\/wp-content\\\/uploads\\\/2025\\\/09\\\/12-300x216.jpg\",\"contentUrl\":\"https:\\\/\\\/eptisa.com\\\/wp-content\\\/uploads\\\/2025\\\/09\\\/12-300x216.jpg\"},{\"@type\":\"BreadcrumbList\",\"@id\":\"https:\\\/\\\/www.eptisa.com\\\/ro\\\/eptisa-participa-la-cel-de-al-ix-lea-congres-national-de-inginerie-civila\\\/#breadcrumb\",\"itemListElement\":[{\"@type\":\"ListItem\",\"position\":1,\"name\":\"Home\",\"item\":\"https:\\\/\\\/www.eptisa.com\\\/ro\\\/\"},{\"@type\":\"ListItem\",\"position\":2,\"name\":\"Eptisa particip\u0103 la cel de-al IX-lea Congres Na\u021bional de Inginerie Civil\u0103\"}]},{\"@type\":\"WebSite\",\"@id\":\"https:\\\/\\\/www.eptisa.com\\\/ro\\\/#website\",\"url\":\"https:\\\/\\\/www.eptisa.com\\\/ro\\\/\",\"name\":\"Eptisa\",\"description\":\"Empresa Multinacional de Ingenier\u00eda\",\"publisher\":{\"@id\":\"https:\\\/\\\/www.eptisa.com\\\/ro\\\/#organization\"},\"potentialAction\":[{\"@type\":\"SearchAction\",\"target\":{\"@type\":\"EntryPoint\",\"urlTemplate\":\"https:\\\/\\\/www.eptisa.com\\\/ro\\\/?s={search_term_string}\"},\"query-input\":{\"@type\":\"PropertyValueSpecification\",\"valueRequired\":true,\"valueName\":\"search_term_string\"}}],\"inLanguage\":\"ro-RO\"},{\"@type\":\"Organization\",\"@id\":\"https:\\\/\\\/www.eptisa.com\\\/ro\\\/#organization\",\"name\":\"Eptisa\",\"url\":\"https:\\\/\\\/www.eptisa.com\\\/ro\\\/\",\"logo\":{\"@type\":\"ImageObject\",\"inLanguage\":\"ro-RO\",\"@id\":\"https:\\\/\\\/www.eptisa.com\\\/ro\\\/#\\\/schema\\\/logo\\\/image\\\/\",\"url\":\"https:\\\/\\\/www.eptisa.com\\\/wp-content\\\/uploads\\\/2025\\\/06\\\/7265704d3382618649eba7d99541ab81042c2245-scaled.png\",\"contentUrl\":\"https:\\\/\\\/www.eptisa.com\\\/wp-content\\\/uploads\\\/2025\\\/06\\\/7265704d3382618649eba7d99541ab81042c2245-scaled.png\",\"width\":2560,\"height\":1067,\"caption\":\"Eptisa\"},\"image\":{\"@id\":\"https:\\\/\\\/www.eptisa.com\\\/ro\\\/#\\\/schema\\\/logo\\\/image\\\/\"}},{\"@type\":\"Person\",\"@id\":\"https:\\\/\\\/www.eptisa.com\\\/ro\\\/#\\\/schema\\\/person\\\/7cf1f5d49be86d6748acfa485b6872d8\",\"name\":\"Margarita Marticorena\",\"url\":\"https:\\\/\\\/www.eptisa.com\\\/ro\\\/author\\\/marga\\\/\"}]}<\/script>\n<!-- \/ Yoast SEO plugin. -->","yoast_head_json":{"title":"Eptisa particip\u0103 la cel de-al IX-lea Congres Na\u021bional de Inginerie Civil\u0103","robots":{"index":"index","follow":"follow","max-snippet":"max-snippet:-1","max-image-preview":"max-image-preview:large","max-video-preview":"max-video-preview:-1"},"canonical":"https:\/\/www.eptisa.com\/ro\/eptisa-participa-la-cel-de-al-ix-lea-congres-national-de-inginerie-civila\/","og_locale":"ro_RO","og_type":"article","og_title":"Eptisa particip\u0103 la cel de-al IX-lea Congres Na\u021bional de Inginerie Civil\u0103","og_description":"Sub titlul &#8222;Viziunea liderilor din sectorul ingineriei civile&#8222;, directorul nostru executiv, Mauricio G\u00f3mez, a avut privilegiul de a participa la una dintre mesele rotunde ale celui de-al IX-lea Congres Na\u021bional de Inginerie Civil\u0103. La aceast\u0103 mas\u0103, una dintre cele mai relevante ale evenimentului, au fost prezente marile companii spaniole de inginerie, Typsa, Ayesa, IDOM, Sener [&hellip;]","og_url":"https:\/\/www.eptisa.com\/ro\/eptisa-participa-la-cel-de-al-ix-lea-congres-national-de-inginerie-civila\/","og_site_name":"Eptisa","article_published_time":"2024-02-20T11:45:34+00:00","og_image":[{"url":"https:\/\/eptisa.com\/wp-content\/uploads\/2025\/09\/12-300x216.jpg","type":"","width":"","height":""}],"author":"Margarita Marticorena","twitter_card":"summary_large_image","twitter_misc":{"Scris de":"Margarita Marticorena","Timp estimat pentru citire":"2 minute"},"schema":{"@context":"https:\/\/schema.org","@graph":[{"@type":"Article","@id":"https:\/\/www.eptisa.com\/ro\/eptisa-participa-la-cel-de-al-ix-lea-congres-national-de-inginerie-civila\/#article","isPartOf":{"@id":"https:\/\/www.eptisa.com\/ro\/eptisa-participa-la-cel-de-al-ix-lea-congres-national-de-inginerie-civila\/"},"author":{"name":"Margarita Marticorena","@id":"https:\/\/www.eptisa.com\/ro\/#\/schema\/person\/7cf1f5d49be86d6748acfa485b6872d8"},"headline":"Eptisa particip\u0103 la cel de-al IX-lea Congres Na\u021bional de Inginerie Civil\u0103","datePublished":"2024-02-20T11:45:34+00:00","mainEntityOfPage":{"@id":"https:\/\/www.eptisa.com\/ro\/eptisa-participa-la-cel-de-al-ix-lea-congres-national-de-inginerie-civila\/"},"wordCount":453,"publisher":{"@id":"https:\/\/www.eptisa.com\/ro\/#organization"},"image":{"@id":"https:\/\/www.eptisa.com\/ro\/eptisa-participa-la-cel-de-al-ix-lea-congres-national-de-inginerie-civila\/#primaryimage"},"thumbnailUrl":"https:\/\/eptisa.com\/wp-content\/uploads\/2025\/09\/12-300x216.jpg","keywords":["Eveniment","Inginerie","colegiu de drumuri","congres"],"articleSection":["Eveniment|Inginerie civil\u0103"],"inLanguage":"ro-RO"},{"@type":"WebPage","@id":"https:\/\/www.eptisa.com\/ro\/eptisa-participa-la-cel-de-al-ix-lea-congres-national-de-inginerie-civila\/","url":"https:\/\/www.eptisa.com\/ro\/eptisa-participa-la-cel-de-al-ix-lea-congres-national-de-inginerie-civila\/","name":"Eptisa particip\u0103 la cel de-al IX-lea Congres Na\u021bional de Inginerie Civil\u0103","isPartOf":{"@id":"https:\/\/www.eptisa.com\/ro\/#website"},"primaryImageOfPage":{"@id":"https:\/\/www.eptisa.com\/ro\/eptisa-participa-la-cel-de-al-ix-lea-congres-national-de-inginerie-civila\/#primaryimage"},"image":{"@id":"https:\/\/www.eptisa.com\/ro\/eptisa-participa-la-cel-de-al-ix-lea-congres-national-de-inginerie-civila\/#primaryimage"},"thumbnailUrl":"https:\/\/eptisa.com\/wp-content\/uploads\/2025\/09\/12-300x216.jpg","datePublished":"2024-02-20T11:45:34+00:00","breadcrumb":{"@id":"https:\/\/www.eptisa.com\/ro\/eptisa-participa-la-cel-de-al-ix-lea-congres-national-de-inginerie-civila\/#breadcrumb"},"inLanguage":"ro-RO","potentialAction":[{"@type":"ReadAction","target":["https:\/\/www.eptisa.com\/ro\/eptisa-participa-la-cel-de-al-ix-lea-congres-national-de-inginerie-civila\/"]}]},{"@type":"ImageObject","inLanguage":"ro-RO","@id":"https:\/\/www.eptisa.com\/ro\/eptisa-participa-la-cel-de-al-ix-lea-congres-national-de-inginerie-civila\/#primaryimage","url":"https:\/\/eptisa.com\/wp-content\/uploads\/2025\/09\/12-300x216.jpg","contentUrl":"https:\/\/eptisa.com\/wp-content\/uploads\/2025\/09\/12-300x216.jpg"},{"@type":"BreadcrumbList","@id":"https:\/\/www.eptisa.com\/ro\/eptisa-participa-la-cel-de-al-ix-lea-congres-national-de-inginerie-civila\/#breadcrumb","itemListElement":[{"@type":"ListItem","position":1,"name":"Home","item":"https:\/\/www.eptisa.com\/ro\/"},{"@type":"ListItem","position":2,"name":"Eptisa particip\u0103 la cel de-al IX-lea Congres Na\u021bional de Inginerie Civil\u0103"}]},{"@type":"WebSite","@id":"https:\/\/www.eptisa.com\/ro\/#website","url":"https:\/\/www.eptisa.com\/ro\/","name":"Eptisa","description":"Empresa Multinacional de Ingenier\u00eda","publisher":{"@id":"https:\/\/www.eptisa.com\/ro\/#organization"},"potentialAction":[{"@type":"SearchAction","target":{"@type":"EntryPoint","urlTemplate":"https:\/\/www.eptisa.com\/ro\/?s={search_term_string}"},"query-input":{"@type":"PropertyValueSpecification","valueRequired":true,"valueName":"search_term_string"}}],"inLanguage":"ro-RO"},{"@type":"Organization","@id":"https:\/\/www.eptisa.com\/ro\/#organization","name":"Eptisa","url":"https:\/\/www.eptisa.com\/ro\/","logo":{"@type":"ImageObject","inLanguage":"ro-RO","@id":"https:\/\/www.eptisa.com\/ro\/#\/schema\/logo\/image\/","url":"https:\/\/www.eptisa.com\/wp-content\/uploads\/2025\/06\/7265704d3382618649eba7d99541ab81042c2245-scaled.png","contentUrl":"https:\/\/www.eptisa.com\/wp-content\/uploads\/2025\/06\/7265704d3382618649eba7d99541ab81042c2245-scaled.png","width":2560,"height":1067,"caption":"Eptisa"},"image":{"@id":"https:\/\/www.eptisa.com\/ro\/#\/schema\/logo\/image\/"}},{"@type":"Person","@id":"https:\/\/www.eptisa.com\/ro\/#\/schema\/person\/7cf1f5d49be86d6748acfa485b6872d8","name":"Margarita Marticorena","url":"https:\/\/www.eptisa.com\/ro\/author\/marga\/"}]}},"_links":{"self":[{"href":"https:\/\/www.eptisa.com\/ro\/wp-json\/wp\/v2\/posts\/3660","targetHints":{"allow":["GET"]}}],"collection":[{"href":"https:\/\/www.eptisa.com\/ro\/wp-json\/wp\/v2\/posts"}],"about":[{"href":"https:\/\/www.eptisa.com\/ro\/wp-json\/wp\/v2\/types\/post"}],"author":[{"embeddable":true,"href":"https:\/\/www.eptisa.com\/ro\/wp-json\/wp\/v2\/users\/10"}],"replies":[{"embeddable":true,"href":"https:\/\/www.eptisa.com\/ro\/wp-json\/wp\/v2\/comments?post=3660"}],"version-history":[{"count":0,"href":"https:\/\/www.eptisa.com\/ro\/wp-json\/wp\/v2\/posts\/3660\/revisions"}],"wp:attachment":[{"href":"https:\/\/www.eptisa.com\/ro\/wp-json\/wp\/v2\/media?parent=3660"}],"wp:term":[{"taxonomy":"category","embeddable":true,"href":"https:\/\/www.eptisa.com\/ro\/wp-json\/wp\/v2\/categories?post=3660"},{"taxonomy":"post_tag","embeddable":true,"href":"https:\/\/www.eptisa.com\/ro\/wp-json\/wp\/v2\/tags?post=3660"}],"curies":[{"name":"wp","href":"https:\/\/api.w.org\/{rel}","templated":true}]}}