{"id":3661,"date":"2024-02-22T07:42:08","date_gmt":"2024-02-22T06:42:08","guid":{"rendered":"https:\/\/eptisa.com\/iic-a-finalizat-instalarea-retelei-seismice-a-barajului-enciso\/"},"modified":"2024-02-22T07:42:08","modified_gmt":"2024-02-22T06:42:08","slug":"iic-a-finalizat-instalarea-retelei-seismice-a-barajului-enciso","status":"publish","type":"post","link":"https:\/\/www.eptisa.com\/ro\/iic-a-finalizat-instalarea-retelei-seismice-a-barajului-enciso\/","title":{"rendered":"IIC a finalizat instalarea re\u021belei seismice a barajului Enciso."},"content":{"rendered":"<p><strong>EPTISA,<\/strong> prin intermediul companiei sale specializate Ingenier\u00eda de Instrumentaci\u00f3n y Control, a finalizat <strong>instalarea re\u021belei seismice a barajului Enciso<\/strong>.<\/p>\n<p>Contractul 066\/19-OB semnat cu <strong>CONFEDERACI\u00d3N HIDROGR\u00c1FICA DEL EBRO<\/strong> (Direcci\u00f3n General del Agua, Secretaria de Estado de Medio Ambiente, Ministerio para la Transici\u00f3n Ecol\u00f3gica), a avut o perioad\u0103 de execu\u021bie de 27 de luni.<img fetchpriority=\"high\" decoding=\"async\" class=\"size-medium wp-image-13868 alignright\" src=\"https:\/\/eptisa.com\/wp-content\/uploads\/2025\/09\/Foto-equipos-3b-225x300.jpg\" alt=\"\" width=\"225\" height=\"300\"><\/p>\n<p>Scopul proiectului a fost de a implementa un sistem de control al posibilelor efecte ale seismicit\u0103\u021bii induse produse de rezervorul Enciso asupra r\u00e2ului Cidacos.<\/p>\n<p>Domeniul de aplicare al proiectului a fost urm\u0103torul:<\/p>\n<ul>\n<li>Instalarea a patru (4) <strong>sta\u021bii seismice<\/strong> situate \u00een municipalit\u0103\u021bi din La Rioja \u0219i Soria, \u00een care au fost construite cabane de beton pentru a ad\u0103posti echipamentul necesar: seismometre \u0219i accelerometre triaxiale de \u00eenalt\u0103 precizie, digitizoare \u0219i receptoare GPS. Acestea sunt dotate cu un sistem autonom de alimentare cu energie prin intermediul panourilor solare. <\/li>\n<li>Instalarea unui sistem de comunica\u021bii 3G\/4G.<\/li>\n<li>Adaptarea \u0219i \u00eencorporarea datelor generate de aceast\u0103 re\u021bea \u00een <strong><em>sistemul de monitorizare a seismelor <\/em>al Institutului Geografic Na\u021bional (IGN)<\/strong>, inclusiv instalarea unui server de stocare a datelor seismice.<\/li>\n<\/ul>\n<p>Contractul a inclus un serviciu de \u00eentre\u021binere pentru a garanta continuitatea operabilit\u0103\u021bii sistemului \u0219i sosirea datelor seismice \u00een timp real la centrele de recep\u021bie, precum \u0219i un serviciu de analiz\u0103 seismologic\u0103 bazat pe datele generate de re\u021bea, pentru care a colaborat Universitatea din Alicante.<\/p>\n<p>Acest proiect completeaz\u0103 setul de sisteme de control \u0219i siguran\u021b\u0103 pe care zona de <strong>monitorizare \u0219i supraveghere a barajului<\/strong> EPTISA le-a instalat \u0219i implementat la barajul Enciso \u00een ultimii ani, inclusiv <strong>sistemul de monitorizare automat\u0103<\/strong> cu peste 600 de senzori \u0219i <strong>implementarea planului de urgen\u021b\u0103 <\/strong>al barajului cu cinci puncte de avertizare cu sirene electronice.<\/p>\n","protected":false},"excerpt":{"rendered":"<p>EPTISA, prin intermediul companiei sale specializate Ingenier\u00eda de Instrumentaci\u00f3n y Control, a finalizat instalarea re\u021belei seismice a barajului Enciso. Contractul 066\/19-OB semnat cu CONFEDERACI\u00d3N HIDROGR\u00c1FICA DEL EBRO (Direcci\u00f3n General del Agua, Secretaria de Estado de Medio Ambiente, Ministerio para la Transici\u00f3n Ecol\u00f3gica), a avut o perioad\u0103 de execu\u021bie de 27 de luni. Scopul proiectului a [&hellip;]<\/p>\n","protected":false},"author":10,"featured_media":1728,"comment_status":"closed","ping_status":"open","sticky":false,"template":"","format":"standard","meta":{"_acf_changed":false,"footnotes":""},"categories":[996,1130],"tags":[1131,1132,1133],"class_list":["post-3661","post","type-post","status-publish","format-standard","has-post-thumbnail","hentry","category-tehnologie-inteligenta","category-auscultare-supraveghere-si-securitate-a-infrastructurilor","tag-auscultatie","tag-baraj","tag-retea-seismica"],"acf":[],"yoast_head":"<!-- This site is optimized with the Yoast SEO plugin v27.4 - https:\/\/yoast.com\/product\/yoast-seo-wordpress\/ -->\n<title>IIC a finalizat instalarea re\u021belei seismice a barajului Enciso.<\/title>\n<meta name=\"robots\" content=\"index, follow, max-snippet:-1, max-image-preview:large, max-video-preview:-1\" \/>\n<link rel=\"canonical\" href=\"https:\/\/www.eptisa.com\/ro\/iic-a-finalizat-instalarea-retelei-seismice-a-barajului-enciso\/\" \/>\n<meta property=\"og:locale\" content=\"ro_RO\" \/>\n<meta property=\"og:type\" content=\"article\" \/>\n<meta property=\"og:title\" content=\"IIC a finalizat instalarea re\u021belei seismice a barajului Enciso.\" \/>\n<meta property=\"og:description\" content=\"EPTISA, prin intermediul companiei sale specializate Ingenier\u00eda de Instrumentaci\u00f3n y Control, a finalizat instalarea re\u021belei seismice a barajului Enciso. Contractul 066\/19-OB semnat cu CONFEDERACI\u00d3N HIDROGR\u00c1FICA DEL EBRO (Direcci\u00f3n General del Agua, Secretaria de Estado de Medio Ambiente, Ministerio para la Transici\u00f3n Ecol\u00f3gica), a avut o perioad\u0103 de execu\u021bie de 27 de luni. Scopul proiectului a [&hellip;]\" \/>\n<meta property=\"og:url\" content=\"https:\/\/www.eptisa.com\/ro\/iic-a-finalizat-instalarea-retelei-seismice-a-barajului-enciso\/\" \/>\n<meta property=\"og:site_name\" content=\"Eptisa\" \/>\n<meta property=\"article:published_time\" content=\"2024-02-22T06:42:08+00:00\" \/>\n<meta property=\"og:image\" content=\"https:\/\/www.eptisa.com\/wp-content\/uploads\/2025\/09\/Foto-presa.jpg\" \/>\n\t<meta property=\"og:image:width\" content=\"1299\" \/>\n\t<meta property=\"og:image:height\" content=\"974\" \/>\n\t<meta property=\"og:image:type\" content=\"image\/jpeg\" \/>\n<meta name=\"author\" content=\"Margarita Marticorena\" \/>\n<meta name=\"twitter:card\" content=\"summary_large_image\" \/>\n<meta name=\"twitter:label1\" content=\"Scris de\" \/>\n\t<meta name=\"twitter:data1\" content=\"Margarita Marticorena\" \/>\n\t<meta name=\"twitter:label2\" content=\"Timp estimat pentru citire\" \/>\n\t<meta name=\"twitter:data2\" content=\"1 minut\" \/>\n<script type=\"application\/ld+json\" class=\"yoast-schema-graph\">{\"@context\":\"https:\\\/\\\/schema.org\",\"@graph\":[{\"@type\":\"Article\",\"@id\":\"https:\\\/\\\/www.eptisa.com\\\/ro\\\/iic-a-finalizat-instalarea-retelei-seismice-a-barajului-enciso\\\/#article\",\"isPartOf\":{\"@id\":\"https:\\\/\\\/www.eptisa.com\\\/ro\\\/iic-a-finalizat-instalarea-retelei-seismice-a-barajului-enciso\\\/\"},\"author\":{\"name\":\"Margarita Marticorena\",\"@id\":\"https:\\\/\\\/www.eptisa.com\\\/ro\\\/#\\\/schema\\\/person\\\/7cf1f5d49be86d6748acfa485b6872d8\"},\"headline\":\"IIC a finalizat instalarea re\u021belei seismice a barajului Enciso.\",\"datePublished\":\"2024-02-22T06:42:08+00:00\",\"mainEntityOfPage\":{\"@id\":\"https:\\\/\\\/www.eptisa.com\\\/ro\\\/iic-a-finalizat-instalarea-retelei-seismice-a-barajului-enciso\\\/\"},\"wordCount\":300,\"publisher\":{\"@id\":\"https:\\\/\\\/www.eptisa.com\\\/ro\\\/#organization\"},\"image\":{\"@id\":\"https:\\\/\\\/www.eptisa.com\\\/ro\\\/iic-a-finalizat-instalarea-retelei-seismice-a-barajului-enciso\\\/#primaryimage\"},\"thumbnailUrl\":\"https:\\\/\\\/www.eptisa.com\\\/wp-content\\\/uploads\\\/2025\\\/09\\\/Foto-presa.jpg\",\"keywords\":[\"ausculta\u021bie\",\"baraj\",\"re\u021bea seismic\u0103\"],\"articleSection\":[\"Tehnologie inteligent\u0103\",\"Auscultare, supraveghere \u0219i securitate a infrastructurilor\"],\"inLanguage\":\"ro-RO\"},{\"@type\":\"WebPage\",\"@id\":\"https:\\\/\\\/www.eptisa.com\\\/ro\\\/iic-a-finalizat-instalarea-retelei-seismice-a-barajului-enciso\\\/\",\"url\":\"https:\\\/\\\/www.eptisa.com\\\/ro\\\/iic-a-finalizat-instalarea-retelei-seismice-a-barajului-enciso\\\/\",\"name\":\"IIC a finalizat instalarea re\u021belei seismice a barajului Enciso.\",\"isPartOf\":{\"@id\":\"https:\\\/\\\/www.eptisa.com\\\/ro\\\/#website\"},\"primaryImageOfPage\":{\"@id\":\"https:\\\/\\\/www.eptisa.com\\\/ro\\\/iic-a-finalizat-instalarea-retelei-seismice-a-barajului-enciso\\\/#primaryimage\"},\"image\":{\"@id\":\"https:\\\/\\\/www.eptisa.com\\\/ro\\\/iic-a-finalizat-instalarea-retelei-seismice-a-barajului-enciso\\\/#primaryimage\"},\"thumbnailUrl\":\"https:\\\/\\\/www.eptisa.com\\\/wp-content\\\/uploads\\\/2025\\\/09\\\/Foto-presa.jpg\",\"datePublished\":\"2024-02-22T06:42:08+00:00\",\"breadcrumb\":{\"@id\":\"https:\\\/\\\/www.eptisa.com\\\/ro\\\/iic-a-finalizat-instalarea-retelei-seismice-a-barajului-enciso\\\/#breadcrumb\"},\"inLanguage\":\"ro-RO\",\"potentialAction\":[{\"@type\":\"ReadAction\",\"target\":[\"https:\\\/\\\/www.eptisa.com\\\/ro\\\/iic-a-finalizat-instalarea-retelei-seismice-a-barajului-enciso\\\/\"]}]},{\"@type\":\"ImageObject\",\"inLanguage\":\"ro-RO\",\"@id\":\"https:\\\/\\\/www.eptisa.com\\\/ro\\\/iic-a-finalizat-instalarea-retelei-seismice-a-barajului-enciso\\\/#primaryimage\",\"url\":\"https:\\\/\\\/www.eptisa.com\\\/wp-content\\\/uploads\\\/2025\\\/09\\\/Foto-presa.jpg\",\"contentUrl\":\"https:\\\/\\\/www.eptisa.com\\\/wp-content\\\/uploads\\\/2025\\\/09\\\/Foto-presa.jpg\",\"width\":1299,\"height\":974},{\"@type\":\"BreadcrumbList\",\"@id\":\"https:\\\/\\\/www.eptisa.com\\\/ro\\\/iic-a-finalizat-instalarea-retelei-seismice-a-barajului-enciso\\\/#breadcrumb\",\"itemListElement\":[{\"@type\":\"ListItem\",\"position\":1,\"name\":\"Home\",\"item\":\"https:\\\/\\\/www.eptisa.com\\\/ro\\\/\"},{\"@type\":\"ListItem\",\"position\":2,\"name\":\"IIC a finalizat instalarea re\u021belei seismice a barajului Enciso.\"}]},{\"@type\":\"WebSite\",\"@id\":\"https:\\\/\\\/www.eptisa.com\\\/ro\\\/#website\",\"url\":\"https:\\\/\\\/www.eptisa.com\\\/ro\\\/\",\"name\":\"Eptisa\",\"description\":\"Empresa Multinacional de Ingenier\u00eda\",\"publisher\":{\"@id\":\"https:\\\/\\\/www.eptisa.com\\\/ro\\\/#organization\"},\"potentialAction\":[{\"@type\":\"SearchAction\",\"target\":{\"@type\":\"EntryPoint\",\"urlTemplate\":\"https:\\\/\\\/www.eptisa.com\\\/ro\\\/?s={search_term_string}\"},\"query-input\":{\"@type\":\"PropertyValueSpecification\",\"valueRequired\":true,\"valueName\":\"search_term_string\"}}],\"inLanguage\":\"ro-RO\"},{\"@type\":\"Organization\",\"@id\":\"https:\\\/\\\/www.eptisa.com\\\/ro\\\/#organization\",\"name\":\"Eptisa\",\"url\":\"https:\\\/\\\/www.eptisa.com\\\/ro\\\/\",\"logo\":{\"@type\":\"ImageObject\",\"inLanguage\":\"ro-RO\",\"@id\":\"https:\\\/\\\/www.eptisa.com\\\/ro\\\/#\\\/schema\\\/logo\\\/image\\\/\",\"url\":\"https:\\\/\\\/www.eptisa.com\\\/wp-content\\\/uploads\\\/2025\\\/06\\\/7265704d3382618649eba7d99541ab81042c2245-scaled.png\",\"contentUrl\":\"https:\\\/\\\/www.eptisa.com\\\/wp-content\\\/uploads\\\/2025\\\/06\\\/7265704d3382618649eba7d99541ab81042c2245-scaled.png\",\"width\":2560,\"height\":1067,\"caption\":\"Eptisa\"},\"image\":{\"@id\":\"https:\\\/\\\/www.eptisa.com\\\/ro\\\/#\\\/schema\\\/logo\\\/image\\\/\"}},{\"@type\":\"Person\",\"@id\":\"https:\\\/\\\/www.eptisa.com\\\/ro\\\/#\\\/schema\\\/person\\\/7cf1f5d49be86d6748acfa485b6872d8\",\"name\":\"Margarita Marticorena\",\"url\":\"https:\\\/\\\/www.eptisa.com\\\/ro\\\/author\\\/marga\\\/\"}]}<\/script>\n<!-- \/ Yoast SEO plugin. -->","yoast_head_json":{"title":"IIC a finalizat instalarea re\u021belei seismice a barajului Enciso.","robots":{"index":"index","follow":"follow","max-snippet":"max-snippet:-1","max-image-preview":"max-image-preview:large","max-video-preview":"max-video-preview:-1"},"canonical":"https:\/\/www.eptisa.com\/ro\/iic-a-finalizat-instalarea-retelei-seismice-a-barajului-enciso\/","og_locale":"ro_RO","og_type":"article","og_title":"IIC a finalizat instalarea re\u021belei seismice a barajului Enciso.","og_description":"EPTISA, prin intermediul companiei sale specializate Ingenier\u00eda de Instrumentaci\u00f3n y Control, a finalizat instalarea re\u021belei seismice a barajului Enciso. Contractul 066\/19-OB semnat cu CONFEDERACI\u00d3N HIDROGR\u00c1FICA DEL EBRO (Direcci\u00f3n General del Agua, Secretaria de Estado de Medio Ambiente, Ministerio para la Transici\u00f3n Ecol\u00f3gica), a avut o perioad\u0103 de execu\u021bie de 27 de luni. Scopul proiectului a [&hellip;]","og_url":"https:\/\/www.eptisa.com\/ro\/iic-a-finalizat-instalarea-retelei-seismice-a-barajului-enciso\/","og_site_name":"Eptisa","article_published_time":"2024-02-22T06:42:08+00:00","og_image":[{"width":1299,"height":974,"url":"https:\/\/www.eptisa.com\/wp-content\/uploads\/2025\/09\/Foto-presa.jpg","type":"image\/jpeg"}],"author":"Margarita Marticorena","twitter_card":"summary_large_image","twitter_misc":{"Scris de":"Margarita Marticorena","Timp estimat pentru citire":"1 minut"},"schema":{"@context":"https:\/\/schema.org","@graph":[{"@type":"Article","@id":"https:\/\/www.eptisa.com\/ro\/iic-a-finalizat-instalarea-retelei-seismice-a-barajului-enciso\/#article","isPartOf":{"@id":"https:\/\/www.eptisa.com\/ro\/iic-a-finalizat-instalarea-retelei-seismice-a-barajului-enciso\/"},"author":{"name":"Margarita Marticorena","@id":"https:\/\/www.eptisa.com\/ro\/#\/schema\/person\/7cf1f5d49be86d6748acfa485b6872d8"},"headline":"IIC a finalizat instalarea re\u021belei seismice a barajului Enciso.","datePublished":"2024-02-22T06:42:08+00:00","mainEntityOfPage":{"@id":"https:\/\/www.eptisa.com\/ro\/iic-a-finalizat-instalarea-retelei-seismice-a-barajului-enciso\/"},"wordCount":300,"publisher":{"@id":"https:\/\/www.eptisa.com\/ro\/#organization"},"image":{"@id":"https:\/\/www.eptisa.com\/ro\/iic-a-finalizat-instalarea-retelei-seismice-a-barajului-enciso\/#primaryimage"},"thumbnailUrl":"https:\/\/www.eptisa.com\/wp-content\/uploads\/2025\/09\/Foto-presa.jpg","keywords":["ausculta\u021bie","baraj","re\u021bea seismic\u0103"],"articleSection":["Tehnologie inteligent\u0103","Auscultare, supraveghere \u0219i securitate a infrastructurilor"],"inLanguage":"ro-RO"},{"@type":"WebPage","@id":"https:\/\/www.eptisa.com\/ro\/iic-a-finalizat-instalarea-retelei-seismice-a-barajului-enciso\/","url":"https:\/\/www.eptisa.com\/ro\/iic-a-finalizat-instalarea-retelei-seismice-a-barajului-enciso\/","name":"IIC a finalizat instalarea re\u021belei seismice a barajului Enciso.","isPartOf":{"@id":"https:\/\/www.eptisa.com\/ro\/#website"},"primaryImageOfPage":{"@id":"https:\/\/www.eptisa.com\/ro\/iic-a-finalizat-instalarea-retelei-seismice-a-barajului-enciso\/#primaryimage"},"image":{"@id":"https:\/\/www.eptisa.com\/ro\/iic-a-finalizat-instalarea-retelei-seismice-a-barajului-enciso\/#primaryimage"},"thumbnailUrl":"https:\/\/www.eptisa.com\/wp-content\/uploads\/2025\/09\/Foto-presa.jpg","datePublished":"2024-02-22T06:42:08+00:00","breadcrumb":{"@id":"https:\/\/www.eptisa.com\/ro\/iic-a-finalizat-instalarea-retelei-seismice-a-barajului-enciso\/#breadcrumb"},"inLanguage":"ro-RO","potentialAction":[{"@type":"ReadAction","target":["https:\/\/www.eptisa.com\/ro\/iic-a-finalizat-instalarea-retelei-seismice-a-barajului-enciso\/"]}]},{"@type":"ImageObject","inLanguage":"ro-RO","@id":"https:\/\/www.eptisa.com\/ro\/iic-a-finalizat-instalarea-retelei-seismice-a-barajului-enciso\/#primaryimage","url":"https:\/\/www.eptisa.com\/wp-content\/uploads\/2025\/09\/Foto-presa.jpg","contentUrl":"https:\/\/www.eptisa.com\/wp-content\/uploads\/2025\/09\/Foto-presa.jpg","width":1299,"height":974},{"@type":"BreadcrumbList","@id":"https:\/\/www.eptisa.com\/ro\/iic-a-finalizat-instalarea-retelei-seismice-a-barajului-enciso\/#breadcrumb","itemListElement":[{"@type":"ListItem","position":1,"name":"Home","item":"https:\/\/www.eptisa.com\/ro\/"},{"@type":"ListItem","position":2,"name":"IIC a finalizat instalarea re\u021belei seismice a barajului Enciso."}]},{"@type":"WebSite","@id":"https:\/\/www.eptisa.com\/ro\/#website","url":"https:\/\/www.eptisa.com\/ro\/","name":"Eptisa","description":"Empresa Multinacional de Ingenier\u00eda","publisher":{"@id":"https:\/\/www.eptisa.com\/ro\/#organization"},"potentialAction":[{"@type":"SearchAction","target":{"@type":"EntryPoint","urlTemplate":"https:\/\/www.eptisa.com\/ro\/?s={search_term_string}"},"query-input":{"@type":"PropertyValueSpecification","valueRequired":true,"valueName":"search_term_string"}}],"inLanguage":"ro-RO"},{"@type":"Organization","@id":"https:\/\/www.eptisa.com\/ro\/#organization","name":"Eptisa","url":"https:\/\/www.eptisa.com\/ro\/","logo":{"@type":"ImageObject","inLanguage":"ro-RO","@id":"https:\/\/www.eptisa.com\/ro\/#\/schema\/logo\/image\/","url":"https:\/\/www.eptisa.com\/wp-content\/uploads\/2025\/06\/7265704d3382618649eba7d99541ab81042c2245-scaled.png","contentUrl":"https:\/\/www.eptisa.com\/wp-content\/uploads\/2025\/06\/7265704d3382618649eba7d99541ab81042c2245-scaled.png","width":2560,"height":1067,"caption":"Eptisa"},"image":{"@id":"https:\/\/www.eptisa.com\/ro\/#\/schema\/logo\/image\/"}},{"@type":"Person","@id":"https:\/\/www.eptisa.com\/ro\/#\/schema\/person\/7cf1f5d49be86d6748acfa485b6872d8","name":"Margarita Marticorena","url":"https:\/\/www.eptisa.com\/ro\/author\/marga\/"}]}},"_links":{"self":[{"href":"https:\/\/www.eptisa.com\/ro\/wp-json\/wp\/v2\/posts\/3661","targetHints":{"allow":["GET"]}}],"collection":[{"href":"https:\/\/www.eptisa.com\/ro\/wp-json\/wp\/v2\/posts"}],"about":[{"href":"https:\/\/www.eptisa.com\/ro\/wp-json\/wp\/v2\/types\/post"}],"author":[{"embeddable":true,"href":"https:\/\/www.eptisa.com\/ro\/wp-json\/wp\/v2\/users\/10"}],"replies":[{"embeddable":true,"href":"https:\/\/www.eptisa.com\/ro\/wp-json\/wp\/v2\/comments?post=3661"}],"version-history":[{"count":0,"href":"https:\/\/www.eptisa.com\/ro\/wp-json\/wp\/v2\/posts\/3661\/revisions"}],"wp:featuredmedia":[{"embeddable":true,"href":"https:\/\/www.eptisa.com\/ro\/wp-json\/wp\/v2\/media\/1728"}],"wp:attachment":[{"href":"https:\/\/www.eptisa.com\/ro\/wp-json\/wp\/v2\/media?parent=3661"}],"wp:term":[{"taxonomy":"category","embeddable":true,"href":"https:\/\/www.eptisa.com\/ro\/wp-json\/wp\/v2\/categories?post=3661"},{"taxonomy":"post_tag","embeddable":true,"href":"https:\/\/www.eptisa.com\/ro\/wp-json\/wp\/v2\/tags?post=3661"}],"curies":[{"name":"wp","href":"https:\/\/api.w.org\/{rel}","templated":true}]}}