{"id":3662,"date":"2024-03-18T09:48:52","date_gmt":"2024-03-18T08:48:52","guid":{"rendered":"https:\/\/eptisa.com\/reflectii-asupra-conferintei-regionale-privind-energia-verde-din-albania\/"},"modified":"2024-03-18T09:48:52","modified_gmt":"2024-03-18T08:48:52","slug":"reflectii-asupra-conferintei-regionale-privind-energia-verde-din-albania","status":"publish","type":"post","link":"https:\/\/www.eptisa.com\/ro\/reflectii-asupra-conferintei-regionale-privind-energia-verde-din-albania\/","title":{"rendered":"Reflec\u021bii asupra Conferin\u021bei regionale privind energia verde din Albania"},"content":{"rendered":"<p>S\u0103pt\u0103m\u00e2na trecut\u0103, EPTISA a avut privilegiul de a participa la Conferin\u021ba regional\u0103 privind tranzi\u021bia energetic\u0103 c\u0103tre agenda verde de la Tirana. Prezen\u021ba noastr\u0103 la conferin\u021b\u0103 nu a fost doar un efort profesional, ci \u0219i o afirmare a dedic\u0103rii noastre pentru durabilitate \u0219i a prezen\u021bei noastre ad\u00e2nc \u00eenr\u0103d\u0103cinate \u00een Balcani din 2002. <\/p>\n<p>Iat\u0103 o imagine a celor mai importante aspecte:<\/p>\n<p>  Perspective politice: Punctele de vedere ale factorilor de decizie \u0219i ale organiza\u021biilor interna\u021bionale pun \u00een lumin\u0103 securitatea energetic\u0103 \u0219i problemele politice din Albania \u0219i Balcanii de Vest.<\/p>\n<p>Dinamica pie\u021bei: Discu\u021biile privind cooperarea pe pia\u021b\u0103, stabilirea pre\u021bului carbonului \u0219i stabilitatea climatului investi\u021bional au subliniat importan\u021ba eforturilor de colaborare \u00een modelarea viitoarei pie\u021be a energiei.<\/p>\n<p>  Perspective sectoriale: Feedbackul direct din partea dezvoltatorilor de energie \u0219i a investitorilor a eviden\u021biat provoc\u0103rile \u0219i oportunit\u0103\u021bile pentru proiectele energetice durabile din Albania.<\/p>\n<p>Colaborare interna\u021bional\u0103: Unul dintre cele mai importante momente a fost martorul interesului ridicat al investitorilor spanioli \u0219i britanici pentru poten\u021bialul energetic albanez, printre altele. Acest lucru a eviden\u021biat importan\u021ba colabor\u0103rii la nivel mondial pentru avansarea ini\u021biativelor noastre ecologice. <\/p>\n<p>Reflect\u00e2nd asupra acestei conferin\u021be transformative, suntem mai hot\u0103r\u00e2\u021bi ca niciodat\u0103 s\u0103 promov\u0103m agenda energiei verzi. Mul\u021bumim organizatorilor \u0219i participan\u021bilor pentru un eveniment de succes. <\/p>\n","protected":false},"excerpt":{"rendered":"<p>S\u0103pt\u0103m\u00e2na trecut\u0103, EPTISA a avut privilegiul de a participa la Conferin\u021ba regional\u0103 privind tranzi\u021bia energetic\u0103 c\u0103tre agenda verde de la Tirana. Prezen\u021ba noastr\u0103 la conferin\u021b\u0103 nu a fost doar un efort profesional, ci \u0219i o afirmare a dedic\u0103rii noastre pentru durabilitate \u0219i a prezen\u021bei noastre ad\u00e2nc \u00eenr\u0103d\u0103cinate \u00een Balcani din 2002. Iat\u0103 o imagine a [&hellip;]<\/p>\n","protected":false},"author":10,"featured_media":1256,"comment_status":"closed","ping_status":"open","sticky":false,"template":"","format":"standard","meta":{"_acf_changed":false,"footnotes":""},"categories":[944,1134,1135],"tags":[945,999,1136],"class_list":["post-3662","post","type-post","status-publish","format-standard","has-post-thumbnail","hentry","category-evenimentinginerie-civila","category-ingineria-mediuluielaborarea-politicilor-publice-2","category-sustenabilitatea-socio-ambientala-4","tag-eveniment","tag-durabilitate","tag-energie-verde"],"acf":[],"yoast_head":"<!-- This site is optimized with the Yoast SEO plugin v27.4 - https:\/\/yoast.com\/product\/yoast-seo-wordpress\/ -->\n<title>Reflec\u021bii asupra Conferin\u021bei regionale privind energia verde din Albania<\/title>\n<meta name=\"robots\" content=\"index, follow, max-snippet:-1, max-image-preview:large, max-video-preview:-1\" \/>\n<link rel=\"canonical\" href=\"https:\/\/www.eptisa.com\/ro\/reflectii-asupra-conferintei-regionale-privind-energia-verde-din-albania\/\" \/>\n<meta property=\"og:locale\" content=\"ro_RO\" \/>\n<meta property=\"og:type\" content=\"article\" \/>\n<meta property=\"og:title\" content=\"Reflec\u021bii asupra Conferin\u021bei regionale privind energia verde din Albania\" \/>\n<meta property=\"og:description\" content=\"S\u0103pt\u0103m\u00e2na trecut\u0103, EPTISA a avut privilegiul de a participa la Conferin\u021ba regional\u0103 privind tranzi\u021bia energetic\u0103 c\u0103tre agenda verde de la Tirana. Prezen\u021ba noastr\u0103 la conferin\u021b\u0103 nu a fost doar un efort profesional, ci \u0219i o afirmare a dedic\u0103rii noastre pentru durabilitate \u0219i a prezen\u021bei noastre ad\u00e2nc \u00eenr\u0103d\u0103cinate \u00een Balcani din 2002. Iat\u0103 o imagine a [&hellip;]\" \/>\n<meta property=\"og:url\" content=\"https:\/\/www.eptisa.com\/ro\/reflectii-asupra-conferintei-regionale-privind-energia-verde-din-albania\/\" \/>\n<meta property=\"og:site_name\" content=\"Eptisa\" \/>\n<meta property=\"article:published_time\" content=\"2024-03-18T08:48:52+00:00\" \/>\n<meta property=\"og:image\" content=\"https:\/\/www.eptisa.com\/wp-content\/uploads\/2025\/09\/Foto-scaled-1.jpg\" \/>\n\t<meta property=\"og:image:width\" content=\"1920\" \/>\n\t<meta property=\"og:image:height\" content=\"869\" \/>\n\t<meta property=\"og:image:type\" content=\"image\/jpeg\" \/>\n<meta name=\"author\" content=\"Margarita Marticorena\" \/>\n<meta name=\"twitter:card\" content=\"summary_large_image\" \/>\n<meta name=\"twitter:label1\" content=\"Scris de\" \/>\n\t<meta name=\"twitter:data1\" content=\"Margarita Marticorena\" \/>\n\t<meta name=\"twitter:label2\" content=\"Timp estimat pentru citire\" \/>\n\t<meta name=\"twitter:data2\" content=\"1 minut\" \/>\n<script type=\"application\/ld+json\" class=\"yoast-schema-graph\">{\"@context\":\"https:\\\/\\\/schema.org\",\"@graph\":[{\"@type\":\"Article\",\"@id\":\"https:\\\/\\\/www.eptisa.com\\\/ro\\\/reflectii-asupra-conferintei-regionale-privind-energia-verde-din-albania\\\/#article\",\"isPartOf\":{\"@id\":\"https:\\\/\\\/www.eptisa.com\\\/ro\\\/reflectii-asupra-conferintei-regionale-privind-energia-verde-din-albania\\\/\"},\"author\":{\"name\":\"Margarita Marticorena\",\"@id\":\"https:\\\/\\\/www.eptisa.com\\\/ro\\\/#\\\/schema\\\/person\\\/7cf1f5d49be86d6748acfa485b6872d8\"},\"headline\":\"Reflec\u021bii asupra Conferin\u021bei regionale privind energia verde din Albania\",\"datePublished\":\"2024-03-18T08:48:52+00:00\",\"mainEntityOfPage\":{\"@id\":\"https:\\\/\\\/www.eptisa.com\\\/ro\\\/reflectii-asupra-conferintei-regionale-privind-energia-verde-din-albania\\\/\"},\"wordCount\":243,\"publisher\":{\"@id\":\"https:\\\/\\\/www.eptisa.com\\\/ro\\\/#organization\"},\"image\":{\"@id\":\"https:\\\/\\\/www.eptisa.com\\\/ro\\\/reflectii-asupra-conferintei-regionale-privind-energia-verde-din-albania\\\/#primaryimage\"},\"thumbnailUrl\":\"https:\\\/\\\/www.eptisa.com\\\/wp-content\\\/uploads\\\/2025\\\/09\\\/Foto-scaled-1.jpg\",\"keywords\":[\"Eveniment\",\"durabilitate\",\"Energie verde\"],\"articleSection\":[\"Eveniment|Inginerie civil\u0103\",\"Ingineria mediului|Elaborarea politicilor publice\",\"Sustenabilitatea socio-ambiental\u0103\"],\"inLanguage\":\"ro-RO\"},{\"@type\":\"WebPage\",\"@id\":\"https:\\\/\\\/www.eptisa.com\\\/ro\\\/reflectii-asupra-conferintei-regionale-privind-energia-verde-din-albania\\\/\",\"url\":\"https:\\\/\\\/www.eptisa.com\\\/ro\\\/reflectii-asupra-conferintei-regionale-privind-energia-verde-din-albania\\\/\",\"name\":\"Reflec\u021bii asupra Conferin\u021bei regionale privind energia verde din Albania\",\"isPartOf\":{\"@id\":\"https:\\\/\\\/www.eptisa.com\\\/ro\\\/#website\"},\"primaryImageOfPage\":{\"@id\":\"https:\\\/\\\/www.eptisa.com\\\/ro\\\/reflectii-asupra-conferintei-regionale-privind-energia-verde-din-albania\\\/#primaryimage\"},\"image\":{\"@id\":\"https:\\\/\\\/www.eptisa.com\\\/ro\\\/reflectii-asupra-conferintei-regionale-privind-energia-verde-din-albania\\\/#primaryimage\"},\"thumbnailUrl\":\"https:\\\/\\\/www.eptisa.com\\\/wp-content\\\/uploads\\\/2025\\\/09\\\/Foto-scaled-1.jpg\",\"datePublished\":\"2024-03-18T08:48:52+00:00\",\"breadcrumb\":{\"@id\":\"https:\\\/\\\/www.eptisa.com\\\/ro\\\/reflectii-asupra-conferintei-regionale-privind-energia-verde-din-albania\\\/#breadcrumb\"},\"inLanguage\":\"ro-RO\",\"potentialAction\":[{\"@type\":\"ReadAction\",\"target\":[\"https:\\\/\\\/www.eptisa.com\\\/ro\\\/reflectii-asupra-conferintei-regionale-privind-energia-verde-din-albania\\\/\"]}]},{\"@type\":\"ImageObject\",\"inLanguage\":\"ro-RO\",\"@id\":\"https:\\\/\\\/www.eptisa.com\\\/ro\\\/reflectii-asupra-conferintei-regionale-privind-energia-verde-din-albania\\\/#primaryimage\",\"url\":\"https:\\\/\\\/www.eptisa.com\\\/wp-content\\\/uploads\\\/2025\\\/09\\\/Foto-scaled-1.jpg\",\"contentUrl\":\"https:\\\/\\\/www.eptisa.com\\\/wp-content\\\/uploads\\\/2025\\\/09\\\/Foto-scaled-1.jpg\",\"width\":1920,\"height\":869},{\"@type\":\"BreadcrumbList\",\"@id\":\"https:\\\/\\\/www.eptisa.com\\\/ro\\\/reflectii-asupra-conferintei-regionale-privind-energia-verde-din-albania\\\/#breadcrumb\",\"itemListElement\":[{\"@type\":\"ListItem\",\"position\":1,\"name\":\"Home\",\"item\":\"https:\\\/\\\/www.eptisa.com\\\/ro\\\/\"},{\"@type\":\"ListItem\",\"position\":2,\"name\":\"Reflec\u021bii asupra Conferin\u021bei regionale privind energia verde din Albania\"}]},{\"@type\":\"WebSite\",\"@id\":\"https:\\\/\\\/www.eptisa.com\\\/ro\\\/#website\",\"url\":\"https:\\\/\\\/www.eptisa.com\\\/ro\\\/\",\"name\":\"Eptisa\",\"description\":\"Empresa Multinacional de Ingenier\u00eda\",\"publisher\":{\"@id\":\"https:\\\/\\\/www.eptisa.com\\\/ro\\\/#organization\"},\"potentialAction\":[{\"@type\":\"SearchAction\",\"target\":{\"@type\":\"EntryPoint\",\"urlTemplate\":\"https:\\\/\\\/www.eptisa.com\\\/ro\\\/?s={search_term_string}\"},\"query-input\":{\"@type\":\"PropertyValueSpecification\",\"valueRequired\":true,\"valueName\":\"search_term_string\"}}],\"inLanguage\":\"ro-RO\"},{\"@type\":\"Organization\",\"@id\":\"https:\\\/\\\/www.eptisa.com\\\/ro\\\/#organization\",\"name\":\"Eptisa\",\"url\":\"https:\\\/\\\/www.eptisa.com\\\/ro\\\/\",\"logo\":{\"@type\":\"ImageObject\",\"inLanguage\":\"ro-RO\",\"@id\":\"https:\\\/\\\/www.eptisa.com\\\/ro\\\/#\\\/schema\\\/logo\\\/image\\\/\",\"url\":\"https:\\\/\\\/www.eptisa.com\\\/wp-content\\\/uploads\\\/2025\\\/06\\\/7265704d3382618649eba7d99541ab81042c2245-scaled.png\",\"contentUrl\":\"https:\\\/\\\/www.eptisa.com\\\/wp-content\\\/uploads\\\/2025\\\/06\\\/7265704d3382618649eba7d99541ab81042c2245-scaled.png\",\"width\":2560,\"height\":1067,\"caption\":\"Eptisa\"},\"image\":{\"@id\":\"https:\\\/\\\/www.eptisa.com\\\/ro\\\/#\\\/schema\\\/logo\\\/image\\\/\"}},{\"@type\":\"Person\",\"@id\":\"https:\\\/\\\/www.eptisa.com\\\/ro\\\/#\\\/schema\\\/person\\\/7cf1f5d49be86d6748acfa485b6872d8\",\"name\":\"Margarita Marticorena\",\"url\":\"https:\\\/\\\/www.eptisa.com\\\/ro\\\/author\\\/marga\\\/\"}]}<\/script>\n<!-- \/ Yoast SEO plugin. -->","yoast_head_json":{"title":"Reflec\u021bii asupra Conferin\u021bei regionale privind energia verde din Albania","robots":{"index":"index","follow":"follow","max-snippet":"max-snippet:-1","max-image-preview":"max-image-preview:large","max-video-preview":"max-video-preview:-1"},"canonical":"https:\/\/www.eptisa.com\/ro\/reflectii-asupra-conferintei-regionale-privind-energia-verde-din-albania\/","og_locale":"ro_RO","og_type":"article","og_title":"Reflec\u021bii asupra Conferin\u021bei regionale privind energia verde din Albania","og_description":"S\u0103pt\u0103m\u00e2na trecut\u0103, EPTISA a avut privilegiul de a participa la Conferin\u021ba regional\u0103 privind tranzi\u021bia energetic\u0103 c\u0103tre agenda verde de la Tirana. Prezen\u021ba noastr\u0103 la conferin\u021b\u0103 nu a fost doar un efort profesional, ci \u0219i o afirmare a dedic\u0103rii noastre pentru durabilitate \u0219i a prezen\u021bei noastre ad\u00e2nc \u00eenr\u0103d\u0103cinate \u00een Balcani din 2002. Iat\u0103 o imagine a [&hellip;]","og_url":"https:\/\/www.eptisa.com\/ro\/reflectii-asupra-conferintei-regionale-privind-energia-verde-din-albania\/","og_site_name":"Eptisa","article_published_time":"2024-03-18T08:48:52+00:00","og_image":[{"width":1920,"height":869,"url":"https:\/\/www.eptisa.com\/wp-content\/uploads\/2025\/09\/Foto-scaled-1.jpg","type":"image\/jpeg"}],"author":"Margarita Marticorena","twitter_card":"summary_large_image","twitter_misc":{"Scris de":"Margarita Marticorena","Timp estimat pentru citire":"1 minut"},"schema":{"@context":"https:\/\/schema.org","@graph":[{"@type":"Article","@id":"https:\/\/www.eptisa.com\/ro\/reflectii-asupra-conferintei-regionale-privind-energia-verde-din-albania\/#article","isPartOf":{"@id":"https:\/\/www.eptisa.com\/ro\/reflectii-asupra-conferintei-regionale-privind-energia-verde-din-albania\/"},"author":{"name":"Margarita Marticorena","@id":"https:\/\/www.eptisa.com\/ro\/#\/schema\/person\/7cf1f5d49be86d6748acfa485b6872d8"},"headline":"Reflec\u021bii asupra Conferin\u021bei regionale privind energia verde din Albania","datePublished":"2024-03-18T08:48:52+00:00","mainEntityOfPage":{"@id":"https:\/\/www.eptisa.com\/ro\/reflectii-asupra-conferintei-regionale-privind-energia-verde-din-albania\/"},"wordCount":243,"publisher":{"@id":"https:\/\/www.eptisa.com\/ro\/#organization"},"image":{"@id":"https:\/\/www.eptisa.com\/ro\/reflectii-asupra-conferintei-regionale-privind-energia-verde-din-albania\/#primaryimage"},"thumbnailUrl":"https:\/\/www.eptisa.com\/wp-content\/uploads\/2025\/09\/Foto-scaled-1.jpg","keywords":["Eveniment","durabilitate","Energie verde"],"articleSection":["Eveniment|Inginerie civil\u0103","Ingineria mediului|Elaborarea politicilor publice","Sustenabilitatea socio-ambiental\u0103"],"inLanguage":"ro-RO"},{"@type":"WebPage","@id":"https:\/\/www.eptisa.com\/ro\/reflectii-asupra-conferintei-regionale-privind-energia-verde-din-albania\/","url":"https:\/\/www.eptisa.com\/ro\/reflectii-asupra-conferintei-regionale-privind-energia-verde-din-albania\/","name":"Reflec\u021bii asupra Conferin\u021bei regionale privind energia verde din Albania","isPartOf":{"@id":"https:\/\/www.eptisa.com\/ro\/#website"},"primaryImageOfPage":{"@id":"https:\/\/www.eptisa.com\/ro\/reflectii-asupra-conferintei-regionale-privind-energia-verde-din-albania\/#primaryimage"},"image":{"@id":"https:\/\/www.eptisa.com\/ro\/reflectii-asupra-conferintei-regionale-privind-energia-verde-din-albania\/#primaryimage"},"thumbnailUrl":"https:\/\/www.eptisa.com\/wp-content\/uploads\/2025\/09\/Foto-scaled-1.jpg","datePublished":"2024-03-18T08:48:52+00:00","breadcrumb":{"@id":"https:\/\/www.eptisa.com\/ro\/reflectii-asupra-conferintei-regionale-privind-energia-verde-din-albania\/#breadcrumb"},"inLanguage":"ro-RO","potentialAction":[{"@type":"ReadAction","target":["https:\/\/www.eptisa.com\/ro\/reflectii-asupra-conferintei-regionale-privind-energia-verde-din-albania\/"]}]},{"@type":"ImageObject","inLanguage":"ro-RO","@id":"https:\/\/www.eptisa.com\/ro\/reflectii-asupra-conferintei-regionale-privind-energia-verde-din-albania\/#primaryimage","url":"https:\/\/www.eptisa.com\/wp-content\/uploads\/2025\/09\/Foto-scaled-1.jpg","contentUrl":"https:\/\/www.eptisa.com\/wp-content\/uploads\/2025\/09\/Foto-scaled-1.jpg","width":1920,"height":869},{"@type":"BreadcrumbList","@id":"https:\/\/www.eptisa.com\/ro\/reflectii-asupra-conferintei-regionale-privind-energia-verde-din-albania\/#breadcrumb","itemListElement":[{"@type":"ListItem","position":1,"name":"Home","item":"https:\/\/www.eptisa.com\/ro\/"},{"@type":"ListItem","position":2,"name":"Reflec\u021bii asupra Conferin\u021bei regionale privind energia verde din Albania"}]},{"@type":"WebSite","@id":"https:\/\/www.eptisa.com\/ro\/#website","url":"https:\/\/www.eptisa.com\/ro\/","name":"Eptisa","description":"Empresa Multinacional de Ingenier\u00eda","publisher":{"@id":"https:\/\/www.eptisa.com\/ro\/#organization"},"potentialAction":[{"@type":"SearchAction","target":{"@type":"EntryPoint","urlTemplate":"https:\/\/www.eptisa.com\/ro\/?s={search_term_string}"},"query-input":{"@type":"PropertyValueSpecification","valueRequired":true,"valueName":"search_term_string"}}],"inLanguage":"ro-RO"},{"@type":"Organization","@id":"https:\/\/www.eptisa.com\/ro\/#organization","name":"Eptisa","url":"https:\/\/www.eptisa.com\/ro\/","logo":{"@type":"ImageObject","inLanguage":"ro-RO","@id":"https:\/\/www.eptisa.com\/ro\/#\/schema\/logo\/image\/","url":"https:\/\/www.eptisa.com\/wp-content\/uploads\/2025\/06\/7265704d3382618649eba7d99541ab81042c2245-scaled.png","contentUrl":"https:\/\/www.eptisa.com\/wp-content\/uploads\/2025\/06\/7265704d3382618649eba7d99541ab81042c2245-scaled.png","width":2560,"height":1067,"caption":"Eptisa"},"image":{"@id":"https:\/\/www.eptisa.com\/ro\/#\/schema\/logo\/image\/"}},{"@type":"Person","@id":"https:\/\/www.eptisa.com\/ro\/#\/schema\/person\/7cf1f5d49be86d6748acfa485b6872d8","name":"Margarita Marticorena","url":"https:\/\/www.eptisa.com\/ro\/author\/marga\/"}]}},"_links":{"self":[{"href":"https:\/\/www.eptisa.com\/ro\/wp-json\/wp\/v2\/posts\/3662","targetHints":{"allow":["GET"]}}],"collection":[{"href":"https:\/\/www.eptisa.com\/ro\/wp-json\/wp\/v2\/posts"}],"about":[{"href":"https:\/\/www.eptisa.com\/ro\/wp-json\/wp\/v2\/types\/post"}],"author":[{"embeddable":true,"href":"https:\/\/www.eptisa.com\/ro\/wp-json\/wp\/v2\/users\/10"}],"replies":[{"embeddable":true,"href":"https:\/\/www.eptisa.com\/ro\/wp-json\/wp\/v2\/comments?post=3662"}],"version-history":[{"count":0,"href":"https:\/\/www.eptisa.com\/ro\/wp-json\/wp\/v2\/posts\/3662\/revisions"}],"wp:featuredmedia":[{"embeddable":true,"href":"https:\/\/www.eptisa.com\/ro\/wp-json\/wp\/v2\/media\/1256"}],"wp:attachment":[{"href":"https:\/\/www.eptisa.com\/ro\/wp-json\/wp\/v2\/media?parent=3662"}],"wp:term":[{"taxonomy":"category","embeddable":true,"href":"https:\/\/www.eptisa.com\/ro\/wp-json\/wp\/v2\/categories?post=3662"},{"taxonomy":"post_tag","embeddable":true,"href":"https:\/\/www.eptisa.com\/ro\/wp-json\/wp\/v2\/tags?post=3662"}],"curies":[{"name":"wp","href":"https:\/\/api.w.org\/{rel}","templated":true}]}}