{"id":3677,"date":"2022-09-15T14:20:22","date_gmt":"2022-09-15T12:20:22","guid":{"rendered":"https:\/\/eptisa.com\/eptisa-l-a-primit-pe-ambasadorul-chinei-in-spania-la-sediul-sau-central\/"},"modified":"2022-09-15T14:20:22","modified_gmt":"2022-09-15T12:20:22","slug":"eptisa-l-a-primit-pe-ambasadorul-chinei-in-spania-la-sediul-sau-central","status":"publish","type":"post","link":"https:\/\/www.eptisa.com\/ro\/eptisa-l-a-primit-pe-ambasadorul-chinei-in-spania-la-sediul-sau-central\/","title":{"rendered":"Eptisa l-a primit pe ambasadorul Chinei \u00een Spania la sediul s\u0103u central"},"content":{"rendered":"<p><strong>Eptisa<\/strong> l-a primit la sediul s\u0103u pe <strong>ambasadorul Chinei \u00een Spania<\/strong>,<strong> Excelen\u021ba Sa domnul Wu Haitao<\/strong>. <strong>Clubul Exportatorilor \u0219i Investitorilor Spanioli<\/strong>, cu colaborarea Eptisa, a organizat un mic dejun de lucru cu ambasadorul pentru a promova rela\u021biile economice \u0219i de afaceri dintre cele dou\u0103 \u021b\u0103ri. <\/p>\n<p><img fetchpriority=\"high\" decoding=\"async\" class=\"size-medium wp-image-9848 alignleft\" src=\"https:\/\/eptisa.com\/wp-content\/uploads\/2025\/09\/Visita-Embajador-2-300x225.jpg\" alt=\"\" width=\"300\" height=\"225\"><\/p>\n<p>China este a doua cea mai mare economie a lumii, cu un produs intern brut (PIB) de 17 734 062 milioane de dolari \u00een 2021, ceea ce, ad\u0103ugat la pozi\u021bia sa de cea mai populat\u0103 \u021bar\u0103 din lume, o transform\u0103 \u00eentr-o pia\u021b\u0103 cu mari oportunit\u0103\u021bi. China este principalul partener al Spaniei pe continentul asiatic; \u00een 2021 era al 10-lea cel mai mare client al Spaniei \u0219i al doilea cel mai mare furnizor din lume. Cu toate acestea, liberalizarea \u0219i expansiunea cresc\u00e2nd\u0103 a economiei chineze, prezen\u021ba din ce \u00een ce mai mare a companiilor spaniole \u00een aceast\u0103 \u021bar\u0103, precum \u0219i faptul c\u0103 \u00een 2023 se vor \u00eemplini 50 de ani de la stabilirea rela\u021biilor diplomatice bilaterale, ar trebui s\u0103 stimuleze rela\u021biile economice \u0219i comerciale mai str\u00e2nse dintre cele dou\u0103 \u021b\u0103ri \u00een anii urm\u0103tori.  <\/p>\n<p>\u00cent\u00e2lnirea a oferit membrilor Clubului oportunitatea de a afla direct despre starea economiei Chinei, precum \u0219i despre oportunit\u0103\u021bile pe care \u021bara le ofer\u0103 exportatorilor \u0219i investitorilor, \u0219i de a face schimb de opinii cu ambasadorul cu privire la climatul de afaceri din \u021bar\u0103.<\/p>\n","protected":false},"excerpt":{"rendered":"<p>Eptisa l-a primit la sediul s\u0103u pe ambasadorul Chinei \u00een Spania, Excelen\u021ba Sa domnul Wu Haitao. Clubul Exportatorilor \u0219i Investitorilor Spanioli, cu colaborarea Eptisa, a organizat un mic dejun de lucru cu ambasadorul pentru a promova rela\u021biile economice \u0219i de afaceri dintre cele dou\u0103 \u021b\u0103ri. China este a doua cea mai mare economie a lumii, [&hellip;]<\/p>\n","protected":false},"author":10,"featured_media":1740,"comment_status":"closed","ping_status":"open","sticky":false,"template":"","format":"standard","meta":{"_acf_changed":false,"footnotes":""},"categories":[989],"tags":[],"class_list":["post-3677","post","type-post","status-publish","format-standard","has-post-thumbnail","hentry","category-eveniment"],"acf":[],"yoast_head":"<!-- This site is optimized with the Yoast SEO plugin v27.4 - https:\/\/yoast.com\/product\/yoast-seo-wordpress\/ -->\n<title>Eptisa l-a primit pe ambasadorul Chinei \u00een Spania la sediul s\u0103u central<\/title>\n<meta name=\"robots\" content=\"index, follow, max-snippet:-1, max-image-preview:large, max-video-preview:-1\" \/>\n<link rel=\"canonical\" href=\"https:\/\/www.eptisa.com\/ro\/eptisa-l-a-primit-pe-ambasadorul-chinei-in-spania-la-sediul-sau-central\/\" \/>\n<meta property=\"og:locale\" content=\"ro_RO\" \/>\n<meta property=\"og:type\" content=\"article\" \/>\n<meta property=\"og:title\" content=\"Eptisa l-a primit pe ambasadorul Chinei \u00een Spania la sediul s\u0103u central\" \/>\n<meta property=\"og:description\" content=\"Eptisa l-a primit la sediul s\u0103u pe ambasadorul Chinei \u00een Spania, Excelen\u021ba Sa domnul Wu Haitao. Clubul Exportatorilor \u0219i Investitorilor Spanioli, cu colaborarea Eptisa, a organizat un mic dejun de lucru cu ambasadorul pentru a promova rela\u021biile economice \u0219i de afaceri dintre cele dou\u0103 \u021b\u0103ri. China este a doua cea mai mare economie a lumii, [&hellip;]\" \/>\n<meta property=\"og:url\" content=\"https:\/\/www.eptisa.com\/ro\/eptisa-l-a-primit-pe-ambasadorul-chinei-in-spania-la-sediul-sau-central\/\" \/>\n<meta property=\"og:site_name\" content=\"Eptisa\" \/>\n<meta property=\"article:published_time\" content=\"2022-09-15T12:20:22+00:00\" \/>\n<meta property=\"og:image\" content=\"https:\/\/www.eptisa.com\/wp-content\/uploads\/2025\/09\/Visita-Embajador-scaled-1.jpg\" \/>\n\t<meta property=\"og:image:width\" content=\"1920\" \/>\n\t<meta property=\"og:image:height\" content=\"1440\" \/>\n\t<meta property=\"og:image:type\" content=\"image\/jpeg\" \/>\n<meta name=\"author\" content=\"Margarita Marticorena\" \/>\n<meta name=\"twitter:card\" content=\"summary_large_image\" \/>\n<meta name=\"twitter:label1\" content=\"Scris de\" \/>\n\t<meta name=\"twitter:data1\" content=\"Margarita Marticorena\" \/>\n\t<meta name=\"twitter:label2\" content=\"Timp estimat pentru citire\" \/>\n\t<meta name=\"twitter:data2\" content=\"1 minut\" \/>\n<script type=\"application\/ld+json\" class=\"yoast-schema-graph\">{\"@context\":\"https:\\\/\\\/schema.org\",\"@graph\":[{\"@type\":\"Article\",\"@id\":\"https:\\\/\\\/www.eptisa.com\\\/ro\\\/eptisa-l-a-primit-pe-ambasadorul-chinei-in-spania-la-sediul-sau-central\\\/#article\",\"isPartOf\":{\"@id\":\"https:\\\/\\\/www.eptisa.com\\\/ro\\\/eptisa-l-a-primit-pe-ambasadorul-chinei-in-spania-la-sediul-sau-central\\\/\"},\"author\":{\"name\":\"Margarita Marticorena\",\"@id\":\"https:\\\/\\\/www.eptisa.com\\\/ro\\\/#\\\/schema\\\/person\\\/7cf1f5d49be86d6748acfa485b6872d8\"},\"headline\":\"Eptisa l-a primit pe ambasadorul Chinei \u00een Spania la sediul s\u0103u central\",\"datePublished\":\"2022-09-15T12:20:22+00:00\",\"mainEntityOfPage\":{\"@id\":\"https:\\\/\\\/www.eptisa.com\\\/ro\\\/eptisa-l-a-primit-pe-ambasadorul-chinei-in-spania-la-sediul-sau-central\\\/\"},\"wordCount\":240,\"publisher\":{\"@id\":\"https:\\\/\\\/www.eptisa.com\\\/ro\\\/#organization\"},\"image\":{\"@id\":\"https:\\\/\\\/www.eptisa.com\\\/ro\\\/eptisa-l-a-primit-pe-ambasadorul-chinei-in-spania-la-sediul-sau-central\\\/#primaryimage\"},\"thumbnailUrl\":\"https:\\\/\\\/www.eptisa.com\\\/wp-content\\\/uploads\\\/2025\\\/09\\\/Visita-Embajador-scaled-1.jpg\",\"articleSection\":[\"Eveniment\"],\"inLanguage\":\"ro-RO\"},{\"@type\":\"WebPage\",\"@id\":\"https:\\\/\\\/www.eptisa.com\\\/ro\\\/eptisa-l-a-primit-pe-ambasadorul-chinei-in-spania-la-sediul-sau-central\\\/\",\"url\":\"https:\\\/\\\/www.eptisa.com\\\/ro\\\/eptisa-l-a-primit-pe-ambasadorul-chinei-in-spania-la-sediul-sau-central\\\/\",\"name\":\"Eptisa l-a primit pe ambasadorul Chinei \u00een Spania la sediul s\u0103u central\",\"isPartOf\":{\"@id\":\"https:\\\/\\\/www.eptisa.com\\\/ro\\\/#website\"},\"primaryImageOfPage\":{\"@id\":\"https:\\\/\\\/www.eptisa.com\\\/ro\\\/eptisa-l-a-primit-pe-ambasadorul-chinei-in-spania-la-sediul-sau-central\\\/#primaryimage\"},\"image\":{\"@id\":\"https:\\\/\\\/www.eptisa.com\\\/ro\\\/eptisa-l-a-primit-pe-ambasadorul-chinei-in-spania-la-sediul-sau-central\\\/#primaryimage\"},\"thumbnailUrl\":\"https:\\\/\\\/www.eptisa.com\\\/wp-content\\\/uploads\\\/2025\\\/09\\\/Visita-Embajador-scaled-1.jpg\",\"datePublished\":\"2022-09-15T12:20:22+00:00\",\"breadcrumb\":{\"@id\":\"https:\\\/\\\/www.eptisa.com\\\/ro\\\/eptisa-l-a-primit-pe-ambasadorul-chinei-in-spania-la-sediul-sau-central\\\/#breadcrumb\"},\"inLanguage\":\"ro-RO\",\"potentialAction\":[{\"@type\":\"ReadAction\",\"target\":[\"https:\\\/\\\/www.eptisa.com\\\/ro\\\/eptisa-l-a-primit-pe-ambasadorul-chinei-in-spania-la-sediul-sau-central\\\/\"]}]},{\"@type\":\"ImageObject\",\"inLanguage\":\"ro-RO\",\"@id\":\"https:\\\/\\\/www.eptisa.com\\\/ro\\\/eptisa-l-a-primit-pe-ambasadorul-chinei-in-spania-la-sediul-sau-central\\\/#primaryimage\",\"url\":\"https:\\\/\\\/www.eptisa.com\\\/wp-content\\\/uploads\\\/2025\\\/09\\\/Visita-Embajador-scaled-1.jpg\",\"contentUrl\":\"https:\\\/\\\/www.eptisa.com\\\/wp-content\\\/uploads\\\/2025\\\/09\\\/Visita-Embajador-scaled-1.jpg\",\"width\":1920,\"height\":1440},{\"@type\":\"BreadcrumbList\",\"@id\":\"https:\\\/\\\/www.eptisa.com\\\/ro\\\/eptisa-l-a-primit-pe-ambasadorul-chinei-in-spania-la-sediul-sau-central\\\/#breadcrumb\",\"itemListElement\":[{\"@type\":\"ListItem\",\"position\":1,\"name\":\"Home\",\"item\":\"https:\\\/\\\/www.eptisa.com\\\/ro\\\/\"},{\"@type\":\"ListItem\",\"position\":2,\"name\":\"Eptisa l-a primit pe ambasadorul Chinei \u00een Spania la sediul s\u0103u central\"}]},{\"@type\":\"WebSite\",\"@id\":\"https:\\\/\\\/www.eptisa.com\\\/ro\\\/#website\",\"url\":\"https:\\\/\\\/www.eptisa.com\\\/ro\\\/\",\"name\":\"Eptisa\",\"description\":\"Empresa Multinacional de Ingenier\u00eda\",\"publisher\":{\"@id\":\"https:\\\/\\\/www.eptisa.com\\\/ro\\\/#organization\"},\"potentialAction\":[{\"@type\":\"SearchAction\",\"target\":{\"@type\":\"EntryPoint\",\"urlTemplate\":\"https:\\\/\\\/www.eptisa.com\\\/ro\\\/?s={search_term_string}\"},\"query-input\":{\"@type\":\"PropertyValueSpecification\",\"valueRequired\":true,\"valueName\":\"search_term_string\"}}],\"inLanguage\":\"ro-RO\"},{\"@type\":\"Organization\",\"@id\":\"https:\\\/\\\/www.eptisa.com\\\/ro\\\/#organization\",\"name\":\"Eptisa\",\"url\":\"https:\\\/\\\/www.eptisa.com\\\/ro\\\/\",\"logo\":{\"@type\":\"ImageObject\",\"inLanguage\":\"ro-RO\",\"@id\":\"https:\\\/\\\/www.eptisa.com\\\/ro\\\/#\\\/schema\\\/logo\\\/image\\\/\",\"url\":\"https:\\\/\\\/www.eptisa.com\\\/wp-content\\\/uploads\\\/2025\\\/06\\\/7265704d3382618649eba7d99541ab81042c2245-scaled.png\",\"contentUrl\":\"https:\\\/\\\/www.eptisa.com\\\/wp-content\\\/uploads\\\/2025\\\/06\\\/7265704d3382618649eba7d99541ab81042c2245-scaled.png\",\"width\":2560,\"height\":1067,\"caption\":\"Eptisa\"},\"image\":{\"@id\":\"https:\\\/\\\/www.eptisa.com\\\/ro\\\/#\\\/schema\\\/logo\\\/image\\\/\"}},{\"@type\":\"Person\",\"@id\":\"https:\\\/\\\/www.eptisa.com\\\/ro\\\/#\\\/schema\\\/person\\\/7cf1f5d49be86d6748acfa485b6872d8\",\"name\":\"Margarita Marticorena\",\"url\":\"https:\\\/\\\/www.eptisa.com\\\/ro\\\/author\\\/marga\\\/\"}]}<\/script>\n<!-- \/ Yoast SEO plugin. -->","yoast_head_json":{"title":"Eptisa l-a primit pe ambasadorul Chinei \u00een Spania la sediul s\u0103u central","robots":{"index":"index","follow":"follow","max-snippet":"max-snippet:-1","max-image-preview":"max-image-preview:large","max-video-preview":"max-video-preview:-1"},"canonical":"https:\/\/www.eptisa.com\/ro\/eptisa-l-a-primit-pe-ambasadorul-chinei-in-spania-la-sediul-sau-central\/","og_locale":"ro_RO","og_type":"article","og_title":"Eptisa l-a primit pe ambasadorul Chinei \u00een Spania la sediul s\u0103u central","og_description":"Eptisa l-a primit la sediul s\u0103u pe ambasadorul Chinei \u00een Spania, Excelen\u021ba Sa domnul Wu Haitao. Clubul Exportatorilor \u0219i Investitorilor Spanioli, cu colaborarea Eptisa, a organizat un mic dejun de lucru cu ambasadorul pentru a promova rela\u021biile economice \u0219i de afaceri dintre cele dou\u0103 \u021b\u0103ri. China este a doua cea mai mare economie a lumii, [&hellip;]","og_url":"https:\/\/www.eptisa.com\/ro\/eptisa-l-a-primit-pe-ambasadorul-chinei-in-spania-la-sediul-sau-central\/","og_site_name":"Eptisa","article_published_time":"2022-09-15T12:20:22+00:00","og_image":[{"width":1920,"height":1440,"url":"https:\/\/www.eptisa.com\/wp-content\/uploads\/2025\/09\/Visita-Embajador-scaled-1.jpg","type":"image\/jpeg"}],"author":"Margarita Marticorena","twitter_card":"summary_large_image","twitter_misc":{"Scris de":"Margarita Marticorena","Timp estimat pentru citire":"1 minut"},"schema":{"@context":"https:\/\/schema.org","@graph":[{"@type":"Article","@id":"https:\/\/www.eptisa.com\/ro\/eptisa-l-a-primit-pe-ambasadorul-chinei-in-spania-la-sediul-sau-central\/#article","isPartOf":{"@id":"https:\/\/www.eptisa.com\/ro\/eptisa-l-a-primit-pe-ambasadorul-chinei-in-spania-la-sediul-sau-central\/"},"author":{"name":"Margarita Marticorena","@id":"https:\/\/www.eptisa.com\/ro\/#\/schema\/person\/7cf1f5d49be86d6748acfa485b6872d8"},"headline":"Eptisa l-a primit pe ambasadorul Chinei \u00een Spania la sediul s\u0103u central","datePublished":"2022-09-15T12:20:22+00:00","mainEntityOfPage":{"@id":"https:\/\/www.eptisa.com\/ro\/eptisa-l-a-primit-pe-ambasadorul-chinei-in-spania-la-sediul-sau-central\/"},"wordCount":240,"publisher":{"@id":"https:\/\/www.eptisa.com\/ro\/#organization"},"image":{"@id":"https:\/\/www.eptisa.com\/ro\/eptisa-l-a-primit-pe-ambasadorul-chinei-in-spania-la-sediul-sau-central\/#primaryimage"},"thumbnailUrl":"https:\/\/www.eptisa.com\/wp-content\/uploads\/2025\/09\/Visita-Embajador-scaled-1.jpg","articleSection":["Eveniment"],"inLanguage":"ro-RO"},{"@type":"WebPage","@id":"https:\/\/www.eptisa.com\/ro\/eptisa-l-a-primit-pe-ambasadorul-chinei-in-spania-la-sediul-sau-central\/","url":"https:\/\/www.eptisa.com\/ro\/eptisa-l-a-primit-pe-ambasadorul-chinei-in-spania-la-sediul-sau-central\/","name":"Eptisa l-a primit pe ambasadorul Chinei \u00een Spania la sediul s\u0103u central","isPartOf":{"@id":"https:\/\/www.eptisa.com\/ro\/#website"},"primaryImageOfPage":{"@id":"https:\/\/www.eptisa.com\/ro\/eptisa-l-a-primit-pe-ambasadorul-chinei-in-spania-la-sediul-sau-central\/#primaryimage"},"image":{"@id":"https:\/\/www.eptisa.com\/ro\/eptisa-l-a-primit-pe-ambasadorul-chinei-in-spania-la-sediul-sau-central\/#primaryimage"},"thumbnailUrl":"https:\/\/www.eptisa.com\/wp-content\/uploads\/2025\/09\/Visita-Embajador-scaled-1.jpg","datePublished":"2022-09-15T12:20:22+00:00","breadcrumb":{"@id":"https:\/\/www.eptisa.com\/ro\/eptisa-l-a-primit-pe-ambasadorul-chinei-in-spania-la-sediul-sau-central\/#breadcrumb"},"inLanguage":"ro-RO","potentialAction":[{"@type":"ReadAction","target":["https:\/\/www.eptisa.com\/ro\/eptisa-l-a-primit-pe-ambasadorul-chinei-in-spania-la-sediul-sau-central\/"]}]},{"@type":"ImageObject","inLanguage":"ro-RO","@id":"https:\/\/www.eptisa.com\/ro\/eptisa-l-a-primit-pe-ambasadorul-chinei-in-spania-la-sediul-sau-central\/#primaryimage","url":"https:\/\/www.eptisa.com\/wp-content\/uploads\/2025\/09\/Visita-Embajador-scaled-1.jpg","contentUrl":"https:\/\/www.eptisa.com\/wp-content\/uploads\/2025\/09\/Visita-Embajador-scaled-1.jpg","width":1920,"height":1440},{"@type":"BreadcrumbList","@id":"https:\/\/www.eptisa.com\/ro\/eptisa-l-a-primit-pe-ambasadorul-chinei-in-spania-la-sediul-sau-central\/#breadcrumb","itemListElement":[{"@type":"ListItem","position":1,"name":"Home","item":"https:\/\/www.eptisa.com\/ro\/"},{"@type":"ListItem","position":2,"name":"Eptisa l-a primit pe ambasadorul Chinei \u00een Spania la sediul s\u0103u central"}]},{"@type":"WebSite","@id":"https:\/\/www.eptisa.com\/ro\/#website","url":"https:\/\/www.eptisa.com\/ro\/","name":"Eptisa","description":"Empresa Multinacional de Ingenier\u00eda","publisher":{"@id":"https:\/\/www.eptisa.com\/ro\/#organization"},"potentialAction":[{"@type":"SearchAction","target":{"@type":"EntryPoint","urlTemplate":"https:\/\/www.eptisa.com\/ro\/?s={search_term_string}"},"query-input":{"@type":"PropertyValueSpecification","valueRequired":true,"valueName":"search_term_string"}}],"inLanguage":"ro-RO"},{"@type":"Organization","@id":"https:\/\/www.eptisa.com\/ro\/#organization","name":"Eptisa","url":"https:\/\/www.eptisa.com\/ro\/","logo":{"@type":"ImageObject","inLanguage":"ro-RO","@id":"https:\/\/www.eptisa.com\/ro\/#\/schema\/logo\/image\/","url":"https:\/\/www.eptisa.com\/wp-content\/uploads\/2025\/06\/7265704d3382618649eba7d99541ab81042c2245-scaled.png","contentUrl":"https:\/\/www.eptisa.com\/wp-content\/uploads\/2025\/06\/7265704d3382618649eba7d99541ab81042c2245-scaled.png","width":2560,"height":1067,"caption":"Eptisa"},"image":{"@id":"https:\/\/www.eptisa.com\/ro\/#\/schema\/logo\/image\/"}},{"@type":"Person","@id":"https:\/\/www.eptisa.com\/ro\/#\/schema\/person\/7cf1f5d49be86d6748acfa485b6872d8","name":"Margarita Marticorena","url":"https:\/\/www.eptisa.com\/ro\/author\/marga\/"}]}},"_links":{"self":[{"href":"https:\/\/www.eptisa.com\/ro\/wp-json\/wp\/v2\/posts\/3677","targetHints":{"allow":["GET"]}}],"collection":[{"href":"https:\/\/www.eptisa.com\/ro\/wp-json\/wp\/v2\/posts"}],"about":[{"href":"https:\/\/www.eptisa.com\/ro\/wp-json\/wp\/v2\/types\/post"}],"author":[{"embeddable":true,"href":"https:\/\/www.eptisa.com\/ro\/wp-json\/wp\/v2\/users\/10"}],"replies":[{"embeddable":true,"href":"https:\/\/www.eptisa.com\/ro\/wp-json\/wp\/v2\/comments?post=3677"}],"version-history":[{"count":0,"href":"https:\/\/www.eptisa.com\/ro\/wp-json\/wp\/v2\/posts\/3677\/revisions"}],"wp:featuredmedia":[{"embeddable":true,"href":"https:\/\/www.eptisa.com\/ro\/wp-json\/wp\/v2\/media\/1740"}],"wp:attachment":[{"href":"https:\/\/www.eptisa.com\/ro\/wp-json\/wp\/v2\/media?parent=3677"}],"wp:term":[{"taxonomy":"category","embeddable":true,"href":"https:\/\/www.eptisa.com\/ro\/wp-json\/wp\/v2\/categories?post=3677"},{"taxonomy":"post_tag","embeddable":true,"href":"https:\/\/www.eptisa.com\/ro\/wp-json\/wp\/v2\/tags?post=3677"}],"curies":[{"name":"wp","href":"https:\/\/api.w.org\/{rel}","templated":true}]}}