{"id":3893,"date":"2025-10-08T10:25:04","date_gmt":"2025-10-08T08:25:04","guid":{"rendered":"https:\/\/www.eptisa.com\/?p=3893"},"modified":"2025-10-08T10:25:06","modified_gmt":"2025-10-08T08:25:06","slug":"eptisa-merge-alaturi-de-a-coruna-catre-un-oras-mai-uman-durabil-si-conectat","status":"publish","type":"post","link":"https:\/\/www.eptisa.com\/ro\/eptisa-merge-alaturi-de-a-coruna-catre-un-oras-mai-uman-durabil-si-conectat\/","title":{"rendered":"Eptisa merge al\u0103turi de A Coru\u00f1a c\u0103tre un ora\u0219 mai uman, durabil \u0219i conectat"},"content":{"rendered":"\n<p>Suntem m\u00e2ndri s\u0103 \u00eemp\u0103rt\u0103\u0219im c\u0103 <strong>A Coru\u00f1a a fost recunoscut\u0103, pentru al doilea an consecutiv, cu Premiul \u201eOra\u0219e care merg\u201d<\/strong>, o distinc\u021bie care celebreaz\u0103 angajamentul ora\u0219elor fa\u021b\u0103 de un model urban centrat pe oameni, mobilitate durabil\u0103 \u0219i recuperarea spa\u021biului public.<\/p>\n\n<p>Aceast\u0103 recunoa\u0219tere eviden\u021biaz\u0103 angajamentul ferm al <strong>Prim\u0103riei A Coru\u00f1a<\/strong> de a transforma unele dintre cele mai emblematice spa\u021bii ale ora\u0219ului \u2014 <strong>precum r\u00faa Compostela, San Andr\u00e9s<\/strong> \u0219i <strong>Os Cant\u00f3ns <\/strong>\u2014 \u00een medii mai accesibile, verzi \u0219i prietenoase, g\u00e2ndite pentru a fi parcurse pe jos, pentru a \u00eencuraja convie\u021buirea \u0219i bucuria spa\u021biului urban.<\/p>\n\n<p>La <strong>Eptisa<\/strong>, suntem deosebit de m\u00e2ndri c\u0103 am f\u0103cut parte activ\u0103 din aceast\u0103 transformare urban\u0103 care \u00eembun\u0103t\u0103\u021be\u0219te calitatea vie\u021bii cet\u0103\u021benilor:<\/p>\n\n<ul class=\"wp-block-list\">\n<li>Am redactat Proiectul de Reurbanizare al str\u0103zii San Andr\u00e9s \u0219i am coordonat lucr\u0103rile, contribuind la revitalizarea unei artere istorice cu criterii de durabilitate, accesibilitate \u0219i design urban.<\/li>\n\n\n\n<li>\u00cen colaborare cu <strong>V\u00e1zquez Calatayud Arquitectos<\/strong>, am redactat <strong>Proiectul de Reurbanizare al zonei Os Cant\u00f3ns<\/strong> \u0219i am coordonat execu\u021bia acestuia, contur\u00e2nd un spa\u021biu mai deschis, incluziv \u0219i conectat cu mediul \u00eenconjur\u0103tor.<\/li>\n<\/ul>\n\n<p>Echipa noastr\u0103 a lucrat cu pasiune, rigoare tehnic\u0103 \u0219i sensibilitate urban\u0103 pentru ca aceste proiecte s\u0103 reflecte o nou\u0103 viziune asupra ora\u0219ului: <strong>mai uman, mai verde \u0219i mai conectat<\/strong>. Fiecare interven\u021bie a fost g\u00e2ndit\u0103 pentru a reda oamenilor rolul central, pentru a \u00eencuraja mobilitatea activ\u0103 \u0219i pentru a crea spa\u021bii care invit\u0103 la \u00eent\u00e2lnire \u0219i bucurie colectiv\u0103. <\/p>\n\n<p>Acest premiu nu doar recunoa\u0219te munca depus\u0103, ci ne motiveaz\u0103 s\u0103 continu\u0103m s\u0103 sus\u021binem proiecte care transform\u0103 ora\u0219ele noastre \u0219i contribuie la construirea unui viitor mai durabil.<\/p>\n\n<p>Felicit\u0103ri A Coru\u00f1a \u0219i Prim\u0103riei pentru aceast\u0103 recunoa\u0219tere binemeritat\u0103!<\/p>\n\n<p>La Eptisa, ne reafirm\u0103m angajamentul fa\u021b\u0103 de urbanismul responsabil, inova\u021bie \u0219i \u00eembun\u0103t\u0103\u021birea continu\u0103 a mediilor urbane. Continu\u0103m s\u0103 mergem al\u0103turi de ora\u0219ele care cred \u00een schimbare \u2014 \u0219i \u00een oameni.<\/p>\n\n<p><\/p>\n","protected":false},"excerpt":{"rendered":"<p>Suntem m\u00e2ndri s\u0103 \u00eemp\u0103rt\u0103\u0219im c\u0103 A Coru\u00f1a a fost recunoscut\u0103, pentru al doilea an consecutiv, cu Premiul \u201eOra\u0219e care merg\u201d, o distinc\u021bie care celebreaz\u0103 angajamentul ora\u0219elor fa\u021b\u0103 de un model urban centrat pe oameni, mobilitate durabil\u0103 \u0219i recuperarea spa\u021biului public. Aceast\u0103 recunoa\u0219tere eviden\u021biaz\u0103 angajamentul ferm al Prim\u0103riei A Coru\u00f1a de a transforma unele dintre cele [&hellip;]<\/p>\n","protected":false},"author":10,"featured_media":3891,"comment_status":"closed","ping_status":"closed","sticky":false,"template":"","format":"standard","meta":{"_acf_changed":false,"footnotes":""},"categories":[1029,1057,1112,1234],"tags":[970,999,1107,1235],"class_list":["post-3893","post","type-post","status-publish","format-standard","has-post-thumbnail","hentry","category-orase-inteligente-2","category-evenimentcivil-engineeringsmart-tech","category-orase-inteligente-3","category-orase-inteligente","tag-atribuire","tag-durabilitate","tag-a-coruna","tag-orase"],"acf":[],"yoast_head":"<!-- This site is optimized with the Yoast SEO plugin v27.4 - https:\/\/yoast.com\/product\/yoast-seo-wordpress\/ -->\n<title>Eptisa merge al\u0103turi de A Coru\u00f1a c\u0103tre un ora\u0219 mai uman, durabil \u0219i conectat - Eptisa<\/title>\n<meta name=\"robots\" content=\"index, follow, max-snippet:-1, max-image-preview:large, max-video-preview:-1\" \/>\n<link rel=\"canonical\" href=\"https:\/\/www.eptisa.com\/ro\/eptisa-merge-alaturi-de-a-coruna-catre-un-oras-mai-uman-durabil-si-conectat\/\" \/>\n<meta property=\"og:locale\" content=\"ro_RO\" \/>\n<meta property=\"og:type\" content=\"article\" \/>\n<meta property=\"og:title\" content=\"Eptisa merge al\u0103turi de A Coru\u00f1a c\u0103tre un ora\u0219 mai uman, durabil \u0219i conectat - Eptisa\" \/>\n<meta property=\"og:description\" content=\"Suntem m\u00e2ndri s\u0103 \u00eemp\u0103rt\u0103\u0219im c\u0103 A Coru\u00f1a a fost recunoscut\u0103, pentru al doilea an consecutiv, cu Premiul \u201eOra\u0219e care merg\u201d, o distinc\u021bie care celebreaz\u0103 angajamentul ora\u0219elor fa\u021b\u0103 de un model urban centrat pe oameni, mobilitate durabil\u0103 \u0219i recuperarea spa\u021biului public. Aceast\u0103 recunoa\u0219tere eviden\u021biaz\u0103 angajamentul ferm al Prim\u0103riei A Coru\u00f1a de a transforma unele dintre cele [&hellip;]\" \/>\n<meta property=\"og:url\" content=\"https:\/\/www.eptisa.com\/ro\/eptisa-merge-alaturi-de-a-coruna-catre-un-oras-mai-uman-durabil-si-conectat\/\" \/>\n<meta property=\"og:site_name\" content=\"Eptisa\" \/>\n<meta property=\"article:published_time\" content=\"2025-10-08T08:25:04+00:00\" \/>\n<meta property=\"article:modified_time\" content=\"2025-10-08T08:25:06+00:00\" \/>\n<meta property=\"og:image\" content=\"https:\/\/www.eptisa.com\/wp-content\/uploads\/2025\/10\/cantones.jpg\" \/>\n\t<meta property=\"og:image:width\" content=\"2000\" \/>\n\t<meta property=\"og:image:height\" content=\"961\" \/>\n\t<meta property=\"og:image:type\" content=\"image\/jpeg\" \/>\n<meta name=\"author\" content=\"Margarita Marticorena\" \/>\n<meta name=\"twitter:card\" content=\"summary_large_image\" \/>\n<meta name=\"twitter:label1\" content=\"Scris de\" \/>\n\t<meta name=\"twitter:data1\" content=\"Margarita Marticorena\" \/>\n\t<meta name=\"twitter:label2\" content=\"Timp estimat pentru citire\" \/>\n\t<meta name=\"twitter:data2\" content=\"2 minute\" \/>\n<script type=\"application\/ld+json\" class=\"yoast-schema-graph\">{\"@context\":\"https:\\\/\\\/schema.org\",\"@graph\":[{\"@type\":\"Article\",\"@id\":\"https:\\\/\\\/www.eptisa.com\\\/ro\\\/eptisa-merge-alaturi-de-a-coruna-catre-un-oras-mai-uman-durabil-si-conectat\\\/#article\",\"isPartOf\":{\"@id\":\"https:\\\/\\\/www.eptisa.com\\\/ro\\\/eptisa-merge-alaturi-de-a-coruna-catre-un-oras-mai-uman-durabil-si-conectat\\\/\"},\"author\":{\"name\":\"Margarita Marticorena\",\"@id\":\"https:\\\/\\\/www.eptisa.com\\\/ro\\\/#\\\/schema\\\/person\\\/7cf1f5d49be86d6748acfa485b6872d8\"},\"headline\":\"Eptisa merge al\u0103turi de A Coru\u00f1a c\u0103tre un ora\u0219 mai uman, durabil \u0219i conectat\",\"datePublished\":\"2025-10-08T08:25:04+00:00\",\"dateModified\":\"2025-10-08T08:25:06+00:00\",\"mainEntityOfPage\":{\"@id\":\"https:\\\/\\\/www.eptisa.com\\\/ro\\\/eptisa-merge-alaturi-de-a-coruna-catre-un-oras-mai-uman-durabil-si-conectat\\\/\"},\"wordCount\":363,\"publisher\":{\"@id\":\"https:\\\/\\\/www.eptisa.com\\\/ro\\\/#organization\"},\"image\":{\"@id\":\"https:\\\/\\\/www.eptisa.com\\\/ro\\\/eptisa-merge-alaturi-de-a-coruna-catre-un-oras-mai-uman-durabil-si-conectat\\\/#primaryimage\"},\"thumbnailUrl\":\"https:\\\/\\\/www.eptisa.com\\\/wp-content\\\/uploads\\\/2025\\\/10\\\/cantones.jpg\",\"keywords\":[\"atribuire\",\"durabilitate\",\"A Coru\u00f1a\",\"ora\u0219e\"],\"articleSection\":[\"Ora\u0219e inteligente\",\"Eveniment|Civil Engineering|Smart Tech\",\"Ora\u0219e inteligente\",\"Ora\u0219e inteligente\"],\"inLanguage\":\"ro-RO\"},{\"@type\":\"WebPage\",\"@id\":\"https:\\\/\\\/www.eptisa.com\\\/ro\\\/eptisa-merge-alaturi-de-a-coruna-catre-un-oras-mai-uman-durabil-si-conectat\\\/\",\"url\":\"https:\\\/\\\/www.eptisa.com\\\/ro\\\/eptisa-merge-alaturi-de-a-coruna-catre-un-oras-mai-uman-durabil-si-conectat\\\/\",\"name\":\"Eptisa merge al\u0103turi de A Coru\u00f1a c\u0103tre un ora\u0219 mai uman, durabil \u0219i conectat - Eptisa\",\"isPartOf\":{\"@id\":\"https:\\\/\\\/www.eptisa.com\\\/ro\\\/#website\"},\"primaryImageOfPage\":{\"@id\":\"https:\\\/\\\/www.eptisa.com\\\/ro\\\/eptisa-merge-alaturi-de-a-coruna-catre-un-oras-mai-uman-durabil-si-conectat\\\/#primaryimage\"},\"image\":{\"@id\":\"https:\\\/\\\/www.eptisa.com\\\/ro\\\/eptisa-merge-alaturi-de-a-coruna-catre-un-oras-mai-uman-durabil-si-conectat\\\/#primaryimage\"},\"thumbnailUrl\":\"https:\\\/\\\/www.eptisa.com\\\/wp-content\\\/uploads\\\/2025\\\/10\\\/cantones.jpg\",\"datePublished\":\"2025-10-08T08:25:04+00:00\",\"dateModified\":\"2025-10-08T08:25:06+00:00\",\"breadcrumb\":{\"@id\":\"https:\\\/\\\/www.eptisa.com\\\/ro\\\/eptisa-merge-alaturi-de-a-coruna-catre-un-oras-mai-uman-durabil-si-conectat\\\/#breadcrumb\"},\"inLanguage\":\"ro-RO\",\"potentialAction\":[{\"@type\":\"ReadAction\",\"target\":[\"https:\\\/\\\/www.eptisa.com\\\/ro\\\/eptisa-merge-alaturi-de-a-coruna-catre-un-oras-mai-uman-durabil-si-conectat\\\/\"]}]},{\"@type\":\"ImageObject\",\"inLanguage\":\"ro-RO\",\"@id\":\"https:\\\/\\\/www.eptisa.com\\\/ro\\\/eptisa-merge-alaturi-de-a-coruna-catre-un-oras-mai-uman-durabil-si-conectat\\\/#primaryimage\",\"url\":\"https:\\\/\\\/www.eptisa.com\\\/wp-content\\\/uploads\\\/2025\\\/10\\\/cantones.jpg\",\"contentUrl\":\"https:\\\/\\\/www.eptisa.com\\\/wp-content\\\/uploads\\\/2025\\\/10\\\/cantones.jpg\",\"width\":2000,\"height\":961},{\"@type\":\"BreadcrumbList\",\"@id\":\"https:\\\/\\\/www.eptisa.com\\\/ro\\\/eptisa-merge-alaturi-de-a-coruna-catre-un-oras-mai-uman-durabil-si-conectat\\\/#breadcrumb\",\"itemListElement\":[{\"@type\":\"ListItem\",\"position\":1,\"name\":\"Home\",\"item\":\"https:\\\/\\\/www.eptisa.com\\\/ro\\\/\"},{\"@type\":\"ListItem\",\"position\":2,\"name\":\"Eptisa merge al\u0103turi de A Coru\u00f1a c\u0103tre un ora\u0219 mai uman, durabil \u0219i conectat\"}]},{\"@type\":\"WebSite\",\"@id\":\"https:\\\/\\\/www.eptisa.com\\\/ro\\\/#website\",\"url\":\"https:\\\/\\\/www.eptisa.com\\\/ro\\\/\",\"name\":\"Eptisa\",\"description\":\"Empresa Multinacional de Ingenier\u00eda\",\"publisher\":{\"@id\":\"https:\\\/\\\/www.eptisa.com\\\/ro\\\/#organization\"},\"potentialAction\":[{\"@type\":\"SearchAction\",\"target\":{\"@type\":\"EntryPoint\",\"urlTemplate\":\"https:\\\/\\\/www.eptisa.com\\\/ro\\\/?s={search_term_string}\"},\"query-input\":{\"@type\":\"PropertyValueSpecification\",\"valueRequired\":true,\"valueName\":\"search_term_string\"}}],\"inLanguage\":\"ro-RO\"},{\"@type\":\"Organization\",\"@id\":\"https:\\\/\\\/www.eptisa.com\\\/ro\\\/#organization\",\"name\":\"Eptisa\",\"url\":\"https:\\\/\\\/www.eptisa.com\\\/ro\\\/\",\"logo\":{\"@type\":\"ImageObject\",\"inLanguage\":\"ro-RO\",\"@id\":\"https:\\\/\\\/www.eptisa.com\\\/ro\\\/#\\\/schema\\\/logo\\\/image\\\/\",\"url\":\"https:\\\/\\\/www.eptisa.com\\\/wp-content\\\/uploads\\\/2025\\\/06\\\/7265704d3382618649eba7d99541ab81042c2245-scaled.png\",\"contentUrl\":\"https:\\\/\\\/www.eptisa.com\\\/wp-content\\\/uploads\\\/2025\\\/06\\\/7265704d3382618649eba7d99541ab81042c2245-scaled.png\",\"width\":2560,\"height\":1067,\"caption\":\"Eptisa\"},\"image\":{\"@id\":\"https:\\\/\\\/www.eptisa.com\\\/ro\\\/#\\\/schema\\\/logo\\\/image\\\/\"}},{\"@type\":\"Person\",\"@id\":\"https:\\\/\\\/www.eptisa.com\\\/ro\\\/#\\\/schema\\\/person\\\/7cf1f5d49be86d6748acfa485b6872d8\",\"name\":\"Margarita Marticorena\",\"url\":\"https:\\\/\\\/www.eptisa.com\\\/ro\\\/author\\\/marga\\\/\"}]}<\/script>\n<!-- \/ Yoast SEO plugin. -->","yoast_head_json":{"title":"Eptisa merge al\u0103turi de A Coru\u00f1a c\u0103tre un ora\u0219 mai uman, durabil \u0219i conectat - Eptisa","robots":{"index":"index","follow":"follow","max-snippet":"max-snippet:-1","max-image-preview":"max-image-preview:large","max-video-preview":"max-video-preview:-1"},"canonical":"https:\/\/www.eptisa.com\/ro\/eptisa-merge-alaturi-de-a-coruna-catre-un-oras-mai-uman-durabil-si-conectat\/","og_locale":"ro_RO","og_type":"article","og_title":"Eptisa merge al\u0103turi de A Coru\u00f1a c\u0103tre un ora\u0219 mai uman, durabil \u0219i conectat - Eptisa","og_description":"Suntem m\u00e2ndri s\u0103 \u00eemp\u0103rt\u0103\u0219im c\u0103 A Coru\u00f1a a fost recunoscut\u0103, pentru al doilea an consecutiv, cu Premiul \u201eOra\u0219e care merg\u201d, o distinc\u021bie care celebreaz\u0103 angajamentul ora\u0219elor fa\u021b\u0103 de un model urban centrat pe oameni, mobilitate durabil\u0103 \u0219i recuperarea spa\u021biului public. Aceast\u0103 recunoa\u0219tere eviden\u021biaz\u0103 angajamentul ferm al Prim\u0103riei A Coru\u00f1a de a transforma unele dintre cele [&hellip;]","og_url":"https:\/\/www.eptisa.com\/ro\/eptisa-merge-alaturi-de-a-coruna-catre-un-oras-mai-uman-durabil-si-conectat\/","og_site_name":"Eptisa","article_published_time":"2025-10-08T08:25:04+00:00","article_modified_time":"2025-10-08T08:25:06+00:00","og_image":[{"width":2000,"height":961,"url":"https:\/\/www.eptisa.com\/wp-content\/uploads\/2025\/10\/cantones.jpg","type":"image\/jpeg"}],"author":"Margarita Marticorena","twitter_card":"summary_large_image","twitter_misc":{"Scris de":"Margarita Marticorena","Timp estimat pentru citire":"2 minute"},"schema":{"@context":"https:\/\/schema.org","@graph":[{"@type":"Article","@id":"https:\/\/www.eptisa.com\/ro\/eptisa-merge-alaturi-de-a-coruna-catre-un-oras-mai-uman-durabil-si-conectat\/#article","isPartOf":{"@id":"https:\/\/www.eptisa.com\/ro\/eptisa-merge-alaturi-de-a-coruna-catre-un-oras-mai-uman-durabil-si-conectat\/"},"author":{"name":"Margarita Marticorena","@id":"https:\/\/www.eptisa.com\/ro\/#\/schema\/person\/7cf1f5d49be86d6748acfa485b6872d8"},"headline":"Eptisa merge al\u0103turi de A Coru\u00f1a c\u0103tre un ora\u0219 mai uman, durabil \u0219i conectat","datePublished":"2025-10-08T08:25:04+00:00","dateModified":"2025-10-08T08:25:06+00:00","mainEntityOfPage":{"@id":"https:\/\/www.eptisa.com\/ro\/eptisa-merge-alaturi-de-a-coruna-catre-un-oras-mai-uman-durabil-si-conectat\/"},"wordCount":363,"publisher":{"@id":"https:\/\/www.eptisa.com\/ro\/#organization"},"image":{"@id":"https:\/\/www.eptisa.com\/ro\/eptisa-merge-alaturi-de-a-coruna-catre-un-oras-mai-uman-durabil-si-conectat\/#primaryimage"},"thumbnailUrl":"https:\/\/www.eptisa.com\/wp-content\/uploads\/2025\/10\/cantones.jpg","keywords":["atribuire","durabilitate","A Coru\u00f1a","ora\u0219e"],"articleSection":["Ora\u0219e inteligente","Eveniment|Civil Engineering|Smart Tech","Ora\u0219e inteligente","Ora\u0219e inteligente"],"inLanguage":"ro-RO"},{"@type":"WebPage","@id":"https:\/\/www.eptisa.com\/ro\/eptisa-merge-alaturi-de-a-coruna-catre-un-oras-mai-uman-durabil-si-conectat\/","url":"https:\/\/www.eptisa.com\/ro\/eptisa-merge-alaturi-de-a-coruna-catre-un-oras-mai-uman-durabil-si-conectat\/","name":"Eptisa merge al\u0103turi de A Coru\u00f1a c\u0103tre un ora\u0219 mai uman, durabil \u0219i conectat - Eptisa","isPartOf":{"@id":"https:\/\/www.eptisa.com\/ro\/#website"},"primaryImageOfPage":{"@id":"https:\/\/www.eptisa.com\/ro\/eptisa-merge-alaturi-de-a-coruna-catre-un-oras-mai-uman-durabil-si-conectat\/#primaryimage"},"image":{"@id":"https:\/\/www.eptisa.com\/ro\/eptisa-merge-alaturi-de-a-coruna-catre-un-oras-mai-uman-durabil-si-conectat\/#primaryimage"},"thumbnailUrl":"https:\/\/www.eptisa.com\/wp-content\/uploads\/2025\/10\/cantones.jpg","datePublished":"2025-10-08T08:25:04+00:00","dateModified":"2025-10-08T08:25:06+00:00","breadcrumb":{"@id":"https:\/\/www.eptisa.com\/ro\/eptisa-merge-alaturi-de-a-coruna-catre-un-oras-mai-uman-durabil-si-conectat\/#breadcrumb"},"inLanguage":"ro-RO","potentialAction":[{"@type":"ReadAction","target":["https:\/\/www.eptisa.com\/ro\/eptisa-merge-alaturi-de-a-coruna-catre-un-oras-mai-uman-durabil-si-conectat\/"]}]},{"@type":"ImageObject","inLanguage":"ro-RO","@id":"https:\/\/www.eptisa.com\/ro\/eptisa-merge-alaturi-de-a-coruna-catre-un-oras-mai-uman-durabil-si-conectat\/#primaryimage","url":"https:\/\/www.eptisa.com\/wp-content\/uploads\/2025\/10\/cantones.jpg","contentUrl":"https:\/\/www.eptisa.com\/wp-content\/uploads\/2025\/10\/cantones.jpg","width":2000,"height":961},{"@type":"BreadcrumbList","@id":"https:\/\/www.eptisa.com\/ro\/eptisa-merge-alaturi-de-a-coruna-catre-un-oras-mai-uman-durabil-si-conectat\/#breadcrumb","itemListElement":[{"@type":"ListItem","position":1,"name":"Home","item":"https:\/\/www.eptisa.com\/ro\/"},{"@type":"ListItem","position":2,"name":"Eptisa merge al\u0103turi de A Coru\u00f1a c\u0103tre un ora\u0219 mai uman, durabil \u0219i conectat"}]},{"@type":"WebSite","@id":"https:\/\/www.eptisa.com\/ro\/#website","url":"https:\/\/www.eptisa.com\/ro\/","name":"Eptisa","description":"Empresa Multinacional de Ingenier\u00eda","publisher":{"@id":"https:\/\/www.eptisa.com\/ro\/#organization"},"potentialAction":[{"@type":"SearchAction","target":{"@type":"EntryPoint","urlTemplate":"https:\/\/www.eptisa.com\/ro\/?s={search_term_string}"},"query-input":{"@type":"PropertyValueSpecification","valueRequired":true,"valueName":"search_term_string"}}],"inLanguage":"ro-RO"},{"@type":"Organization","@id":"https:\/\/www.eptisa.com\/ro\/#organization","name":"Eptisa","url":"https:\/\/www.eptisa.com\/ro\/","logo":{"@type":"ImageObject","inLanguage":"ro-RO","@id":"https:\/\/www.eptisa.com\/ro\/#\/schema\/logo\/image\/","url":"https:\/\/www.eptisa.com\/wp-content\/uploads\/2025\/06\/7265704d3382618649eba7d99541ab81042c2245-scaled.png","contentUrl":"https:\/\/www.eptisa.com\/wp-content\/uploads\/2025\/06\/7265704d3382618649eba7d99541ab81042c2245-scaled.png","width":2560,"height":1067,"caption":"Eptisa"},"image":{"@id":"https:\/\/www.eptisa.com\/ro\/#\/schema\/logo\/image\/"}},{"@type":"Person","@id":"https:\/\/www.eptisa.com\/ro\/#\/schema\/person\/7cf1f5d49be86d6748acfa485b6872d8","name":"Margarita Marticorena","url":"https:\/\/www.eptisa.com\/ro\/author\/marga\/"}]}},"_links":{"self":[{"href":"https:\/\/www.eptisa.com\/ro\/wp-json\/wp\/v2\/posts\/3893","targetHints":{"allow":["GET"]}}],"collection":[{"href":"https:\/\/www.eptisa.com\/ro\/wp-json\/wp\/v2\/posts"}],"about":[{"href":"https:\/\/www.eptisa.com\/ro\/wp-json\/wp\/v2\/types\/post"}],"author":[{"embeddable":true,"href":"https:\/\/www.eptisa.com\/ro\/wp-json\/wp\/v2\/users\/10"}],"replies":[{"embeddable":true,"href":"https:\/\/www.eptisa.com\/ro\/wp-json\/wp\/v2\/comments?post=3893"}],"version-history":[{"count":0,"href":"https:\/\/www.eptisa.com\/ro\/wp-json\/wp\/v2\/posts\/3893\/revisions"}],"wp:featuredmedia":[{"embeddable":true,"href":"https:\/\/www.eptisa.com\/ro\/wp-json\/wp\/v2\/media\/3891"}],"wp:attachment":[{"href":"https:\/\/www.eptisa.com\/ro\/wp-json\/wp\/v2\/media?parent=3893"}],"wp:term":[{"taxonomy":"category","embeddable":true,"href":"https:\/\/www.eptisa.com\/ro\/wp-json\/wp\/v2\/categories?post=3893"},{"taxonomy":"post_tag","embeddable":true,"href":"https:\/\/www.eptisa.com\/ro\/wp-json\/wp\/v2\/tags?post=3893"}],"curies":[{"name":"wp","href":"https:\/\/api.w.org\/{rel}","templated":true}]}}